{"id":10030,"date":"2025-07-28T20:42:14","date_gmt":"2025-07-29T01:42:14","guid":{"rendered":"https:\/\/cdes.org.ec\/webantigua\/?p=10030"},"modified":"2025-07-28T20:42:14","modified_gmt":"2025-07-29T01:42:14","slug":"nuestro-compromiso-con-la-justicia-economica-y-ambiental-el-caso-furukawa-nunca-mas","status":"publish","type":"post","link":"https:\/\/cdes.org.ec\/webantigua\/nuestro-compromiso-con-la-justicia-economica-y-ambiental-el-caso-furukawa-nunca-mas\/","title":{"rendered":"Nuestro compromiso con la justicia econ\u00f3mica y ambiental: el caso Furukawa Nunca M\u00e1s"},"content":{"rendered":"<p>Desde nuestra fundaci\u00f3n en 1998, hemos acompa\u00f1ado procesos de exigibilidad de derechos en la construcci\u00f3n de la justicia econ\u00f3mica y ambiental. Lo hacemos mediante el fortalecimiento de las capacidades organizativas de actores sociales; la formaci\u00f3n en derechos humanos; la producci\u00f3n de conocimiento a trav\u00e9s de investigaci\u00f3n-acci\u00f3n participativa; y una sostenida labor de incidencia pol\u00edtica.<\/p>\n<p>El caso de las v\u00edctimas de esclavitud contempor\u00e1nea en las haciendas de la empresa Furukawa Plantaciones C.A. del Ecuador, ha marcado nuestra trayectoria. Desde diciembre de 2017, cuando el caso fue revelado por la Defensor\u00eda del Pueblo, hemos participado activamente en su visibilizaci\u00f3n, defensa y acompa\u00f1amiento. En estos a\u00f1os, hemos realizado m\u00e1s de <strong>90 incursiones de campo<\/strong> en las provincias de Esmeraldas, Los R\u00edos y Santo Domingo de los Ts\u00e1chilas.<\/p>\n<p>En 2018, fundamos el <strong>Comit\u00e9 de Solidaridad #FurukawaNuncaM\u00e1s<\/strong>, plataforma desde la cual se han impulsado acciones jur\u00eddicas, acompa\u00f1amiento comunitario y campa\u00f1as de sensibilizaci\u00f3n p\u00fablica.<\/p>\n<p>Actualmente, el CDES impulsa junto con Instituto Sindical de Cooperaci\u00f3n paras el Desarrollo (ISCOD) el proyecto (\u2026) que busca fortalecer las capacidades organizativas, jur\u00eddica y de incidencia sociopol\u00edtica de las victimas del caso Furukawa, contribuyendo al reconocimiento de su dignidad, a la reparaci\u00f3n de sus derechos y a la erradicaci\u00f3n de las peores formas de explotaci\u00f3n laboral en el sector abacalero.<\/p>\n<p>Entre sus acciones destacadas, se incluyen la creaci\u00f3n del primer sindicato de rama en el sector del abac\u00e1, la atenci\u00f3n integral a ni\u00f1as y ni\u00f1os v\u00edctimas de trabajo infantil, capacitaci\u00f3n a instituciones p\u00fablicas, y campa\u00f1as de incidencia pol\u00edtica y comunicaci\u00f3n a nivel nacional e internacional.<\/p>\n<p>CDES contribuy\u00f3 con un <strong>Amicus Curiae<\/strong> en el proceso judicial, evaluando los perjuicios econ\u00f3micos sufridos por las v\u00edctimas y los impactos para el Estado ecuatoriano debido al incumplimiento de leyes laborales y tributarias por parte de la empresa.<\/p>\n","protected":false},"excerpt":{"rendered":"<p>Desde nuestra fundaci\u00f3n en 1998, hemos acompa\u00f1ado procesos de exigibilidad [&hellip;]<\/p>\n","protected":false},"author":1,"featured_media":10004,"comment_status":"open","ping_status":"open","sticky":false,"template":"","format":"standard","meta":{"_siteseo_robots_primary_cat":"42","_joinchat":[],"footnotes":""},"categories":[85],"tags":[],"class_list":["post-10030","post","type-post","status-publish","format-standard","has-post-thumbnail","hentry","category-cdes"],"_links":{"self":[{"href":"https:\/\/cdes.org.ec\/webantigua\/wp-json\/wp\/v2\/posts\/10030","targetHints":{"allow":["GET"]}}],"collection":[{"href":"https:\/\/cdes.org.ec\/webantigua\/wp-json\/wp\/v2\/posts"}],"about":[{"href":"https:\/\/cdes.org.ec\/webantigua\/wp-json\/wp\/v2\/types\/post"}],"author":[{"embeddable":true,"href":"https:\/\/cdes.org.ec\/webantigua\/wp-json\/wp\/v2\/users\/1"}],"replies":[{"embeddable":true,"href":"https:\/\/cdes.org.ec\/webantigua\/wp-json\/wp\/v2\/comments?post=10030"}],"version-history":[{"count":1,"href":"https:\/\/cdes.org.ec\/webantigua\/wp-json\/wp\/v2\/posts\/10030\/revisions"}],"predecessor-version":[{"id":10031,"href":"https:\/\/cdes.org.ec\/webantigua\/wp-json\/wp\/v2\/posts\/10030\/revisions\/10031"}],"wp:featuredmedia":[{"embeddable":true,"href":"https:\/\/cdes.org.ec\/webantigua\/wp-json\/wp\/v2\/media\/10004"}],"wp:attachment":[{"href":"https:\/\/cdes.org.ec\/webantigua\/wp-json\/wp\/v2\/media?parent=10030"}],"wp:term":[{"taxonomy":"category","embeddable":true,"href":"https:\/\/cdes.org.ec\/webantigua\/wp-json\/wp\/v2\/categories?post=10030"},{"taxonomy":"post_tag","embeddable":true,"href":"https:\/\/cdes.org.ec\/webantigua\/wp-json\/wp\/v2\/tags?post=10030"}],"curies":[{"name":"wp","href":"https:\/\/api.w.org\/{rel}","templated":true}]}}