{"id":10043,"date":"2024-03-15T17:28:39","date_gmt":"2024-03-15T22:28:39","guid":{"rendered":"https:\/\/cdes.org.ec\/webantigua\/?p=10043"},"modified":"2025-07-30T17:30:27","modified_gmt":"2025-07-30T22:30:27","slug":"recursos-de-incidencia-politica-y-potencialidades-de-la-economia-comunitaria-de-las-mujeres-indigenas-de-la-amazonia-ecuatoriana","status":"publish","type":"post","link":"https:\/\/cdes.org.ec\/webantigua\/recursos-de-incidencia-politica-y-potencialidades-de-la-economia-comunitaria-de-las-mujeres-indigenas-de-la-amazonia-ecuatoriana\/","title":{"rendered":"RECURSOS DE INCIDENCIA POL\u00cdTICA Y POTENCIALIDADES DE LA ECONOM\u00cdA COMUNITARIA DE LAS MUJERES IND\u00cdGENAS DE LA AMAZON\u00cdA ECUATORIANA"},"content":{"rendered":"<h2>Diagn\u00f3stico participativo<\/h2>\n<p>Este informe presenta un an\u00e1lisis sobre la situaci\u00f3n de las mujeres de las nacionalidades amaz\u00f3nicas en el Ecuador, centr\u00e1ndose en sus derechos individuales y colectivos, as\u00ed como en las din\u00e1micas de la econom\u00eda comunitaria. A trav\u00e9s de un enfoque inclusivo, se han llevado a cabo talleres y di\u00e1logos que han permitido a las participantes expresar sus experiencias, desaf\u00edos y aspiraciones.<\/p>\n<p>El documento destaca la importancia de la agricultura familiar-comunitaria como eje fundamental en la vida de estas mujeres y sus comunidades, y subraya la necesidad de vincular la producci\u00f3n agr\u00edcola a la agenda pol\u00edtico-organizativa.<\/p>\n<p>Este diagn\u00f3stico no solo busca visibilizar las necesidades y demandas de las mujeres ind\u00edgenas, sino tambi\u00e9n fortalecer su capacidad organizativa y promover un sistema de econom\u00eda comunitaria sostenible.<\/p>\n<p>Las voces de las mujeres se hacen eco en este informe, revelando su lucha por la defensa del territorio y la b\u00fasqueda de soluciones a las problem\u00e1ticas econ\u00f3micas y ambientales que enfrentan.<\/p>\n<p><a href=\"https:\/\/cdes.org.ec\/webantigua\/wp-content\/uploads\/2025\/07\/RECURSOS-DE-INCIDENCIA-POLITICA-Y-POTENCIALIDADES.pdf\">Informe completo aqu\u00ed:<\/a><\/p>\n<p><a href=\"https:\/\/cdes.org.ec\/webantigua\/wp-content\/uploads\/2025\/07\/RECURSOS-DE-INCIDENCIA-POLITICA-Y-POTENCIALIDADES.pdf\"><img decoding=\"async\" class=\"alignnone wp-image-10044\" src=\"https:\/\/cdes.org.ec\/webantigua\/wp-content\/uploads\/2025\/07\/Link-Diagnostico.png\" alt=\"\" width=\"323\" height=\"373\" srcset=\"https:\/\/cdes.org.ec\/webantigua\/wp-content\/uploads\/2025\/07\/Link-Diagnostico-200x231.png 200w, https:\/\/cdes.org.ec\/webantigua\/wp-content\/uploads\/2025\/07\/Link-Diagnostico-260x300.png 260w, https:\/\/cdes.org.ec\/webantigua\/wp-content\/uploads\/2025\/07\/Link-Diagnostico-400x462.png 400w, https:\/\/cdes.org.ec\/webantigua\/wp-content\/uploads\/2025\/07\/Link-Diagnostico-600x692.png 600w, https:\/\/cdes.org.ec\/webantigua\/wp-content\/uploads\/2025\/07\/Link-Diagnostico.png 669w\" sizes=\"(max-width: 323px) 100vw, 323px\" \/><\/a><\/p>\n<p>&nbsp;<\/p>\n","protected":false},"excerpt":{"rendered":"<p>Diagn\u00f3stico participativo Este informe presenta un an\u00e1lisis sobre la situaci\u00f3n [&hellip;]<\/p>\n","protected":false},"author":1,"featured_media":10041,"comment_status":"open","ping_status":"open","sticky":false,"template":"","format":"standard","meta":{"_siteseo_robots_primary_cat":"42","_joinchat":[],"footnotes":""},"categories":[87,16,38],"tags":[],"class_list":["post-10043","post","type-post","status-publish","format-standard","has-post-thumbnail","hentry","category-home-slider","category-mujeres-indigenas","category-pueblos-indigenas"],"_links":{"self":[{"href":"https:\/\/cdes.org.ec\/webantigua\/wp-json\/wp\/v2\/posts\/10043","targetHints":{"allow":["GET"]}}],"collection":[{"href":"https:\/\/cdes.org.ec\/webantigua\/wp-json\/wp\/v2\/posts"}],"about":[{"href":"https:\/\/cdes.org.ec\/webantigua\/wp-json\/wp\/v2\/types\/post"}],"author":[{"embeddable":true,"href":"https:\/\/cdes.org.ec\/webantigua\/wp-json\/wp\/v2\/users\/1"}],"replies":[{"embeddable":true,"href":"https:\/\/cdes.org.ec\/webantigua\/wp-json\/wp\/v2\/comments?post=10043"}],"version-history":[{"count":2,"href":"https:\/\/cdes.org.ec\/webantigua\/wp-json\/wp\/v2\/posts\/10043\/revisions"}],"predecessor-version":[{"id":10046,"href":"https:\/\/cdes.org.ec\/webantigua\/wp-json\/wp\/v2\/posts\/10043\/revisions\/10046"}],"wp:featuredmedia":[{"embeddable":true,"href":"https:\/\/cdes.org.ec\/webantigua\/wp-json\/wp\/v2\/media\/10041"}],"wp:attachment":[{"href":"https:\/\/cdes.org.ec\/webantigua\/wp-json\/wp\/v2\/media?parent=10043"}],"wp:term":[{"taxonomy":"category","embeddable":true,"href":"https:\/\/cdes.org.ec\/webantigua\/wp-json\/wp\/v2\/categories?post=10043"},{"taxonomy":"post_tag","embeddable":true,"href":"https:\/\/cdes.org.ec\/webantigua\/wp-json\/wp\/v2\/tags?post=10043"}],"curies":[{"name":"wp","href":"https:\/\/api.w.org\/{rel}","templated":true}]}}