{"id":2214,"date":"2015-12-12T00:41:16","date_gmt":"2015-12-12T00:41:16","guid":{"rendered":"https:\/\/cdes.org.ec\/webantigua\/?p=2214"},"modified":"2021-06-04T18:49:37","modified_gmt":"2021-06-04T18:49:37","slug":"a-quien-le-importan-los-guayacanes-acumulacion-gobierno-y-conflictos-en-el-campo","status":"publish","type":"post","link":"https:\/\/cdes.org.ec\/webantigua\/a-quien-le-importan-los-guayacanes-acumulacion-gobierno-y-conflictos-en-el-campo\/","title":{"rendered":"\u00bfA qui\u00e9n le importan los guayacanes? Acumulaci\u00f3n, gobierno y conflictos en el campo"},"content":{"rendered":"<p style=\"text-align: justify;\">Una investigaci\u00f3n sobre los confictos socioambientales en el campo ecuatoriano y su relaci\u00f3n con el modelo de acumulaci\u00f3n.<\/p>\n<p><strong>Descarga:\u00a0 <\/strong><a href=\"https:\/\/cdes.org.ec\/webantigua\/wp-content\/uploads\/2016\/01\/A_quien_le_importan_los_Guayacanes_libro_pdf.pdf\" rel=\"\">A_quien_le_importan_los_Guayacanes_libro_pdf<\/a><\/p>\n<p>Autores: Stalin Herrera, Paola S\u00e1nchez, Pablo Jos\u00e9 Iturralde, Sara Latorre<\/p>\n<p><strong>Recomendados <\/strong>tambi\u00e9n ver el <strong>video<\/strong> <a href=\"https:\/\/cdes.org.ec\/webantigua\/a-quien-le-importan-los-guayacanes-video\/\">\u00bfA qui\u00e9n le importa los guayacanes?<\/a><\/p>\n<p><a href=\"https:\/\/cdes.org.ec\/webantigua\/wp-content\/uploads\/2016\/01\/A_quien_le_importan_los_Guayacanes_libro_pdf-1.jpg\" rel=\"attachment wp-att-2217\"><img decoding=\"async\" class=\"alignnone size-medium wp-image-2217\" src=\"https:\/\/cdes.org.ec\/webantigua\/wp-content\/uploads\/2016\/01\/A_quien_le_importan_los_Guayacanes_libro_pdf-1-211x300.jpg\" alt=\"A_quien_le_importan_los_Guayacanes_libro_pdf-1\" width=\"211\" height=\"300\" srcset=\"https:\/\/cdes.org.ec\/webantigua\/wp-content\/uploads\/2016\/01\/A_quien_le_importan_los_Guayacanes_libro_pdf-1-200x284.jpg 200w, https:\/\/cdes.org.ec\/webantigua\/wp-content\/uploads\/2016\/01\/A_quien_le_importan_los_Guayacanes_libro_pdf-1-211x300.jpg 211w, https:\/\/cdes.org.ec\/webantigua\/wp-content\/uploads\/2016\/01\/A_quien_le_importan_los_Guayacanes_libro_pdf-1-400x568.jpg 400w, https:\/\/cdes.org.ec\/webantigua\/wp-content\/uploads\/2016\/01\/A_quien_le_importan_los_Guayacanes_libro_pdf-1.jpg 563w\" sizes=\"(max-width: 211px) 100vw, 211px\" \/><\/a>    \t<\/p>\n","protected":false},"excerpt":{"rendered":"<p>Una investigaci\u00f3n sobre los confictos socioambientales en el campo ecuatoriano [&hellip;]<\/p>\n","protected":false},"author":1,"featured_media":2216,"comment_status":"open","ping_status":"open","sticky":false,"template":"","format":"standard","meta":{"_siteseo_robots_primary_cat":"","_joinchat":[],"footnotes":""},"categories":[5,12],"tags":[11,21],"class_list":["post-2214","post","type-post","status-publish","format-standard","has-post-thumbnail","hentry","category-informes","category-justiciaambiental","tag-extractivismo","tag-modelo-de-acumulacion"],"_links":{"self":[{"href":"https:\/\/cdes.org.ec\/webantigua\/wp-json\/wp\/v2\/posts\/2214","targetHints":{"allow":["GET"]}}],"collection":[{"href":"https:\/\/cdes.org.ec\/webantigua\/wp-json\/wp\/v2\/posts"}],"about":[{"href":"https:\/\/cdes.org.ec\/webantigua\/wp-json\/wp\/v2\/types\/post"}],"author":[{"embeddable":true,"href":"https:\/\/cdes.org.ec\/webantigua\/wp-json\/wp\/v2\/users\/1"}],"replies":[{"embeddable":true,"href":"https:\/\/cdes.org.ec\/webantigua\/wp-json\/wp\/v2\/comments?post=2214"}],"version-history":[{"count":1,"href":"https:\/\/cdes.org.ec\/webantigua\/wp-json\/wp\/v2\/posts\/2214\/revisions"}],"predecessor-version":[{"id":7345,"href":"https:\/\/cdes.org.ec\/webantigua\/wp-json\/wp\/v2\/posts\/2214\/revisions\/7345"}],"wp:featuredmedia":[{"embeddable":true,"href":"https:\/\/cdes.org.ec\/webantigua\/wp-json\/wp\/v2\/media\/2216"}],"wp:attachment":[{"href":"https:\/\/cdes.org.ec\/webantigua\/wp-json\/wp\/v2\/media?parent=2214"}],"wp:term":[{"taxonomy":"category","embeddable":true,"href":"https:\/\/cdes.org.ec\/webantigua\/wp-json\/wp\/v2\/categories?post=2214"},{"taxonomy":"post_tag","embeddable":true,"href":"https:\/\/cdes.org.ec\/webantigua\/wp-json\/wp\/v2\/tags?post=2214"}],"curies":[{"name":"wp","href":"https:\/\/api.w.org\/{rel}","templated":true}]}}