{"id":2326,"date":"2016-01-04T20:25:50","date_gmt":"2016-01-04T20:25:50","guid":{"rendered":"https:\/\/cdes.org.ec\/webantigua\/?p=2326"},"modified":"2021-04-25T09:34:46","modified_gmt":"2021-04-25T09:34:46","slug":"el-tratado-comercial-de-ecuador-con-la-union-europea","status":"publish","type":"post","link":"https:\/\/cdes.org.ec\/webantigua\/el-tratado-comercial-de-ecuador-con-la-union-europea\/","title":{"rendered":"El Tratado Comercial de Ecuador con la Uni\u00f3n Europea [Cartilla]"},"content":{"rendered":"<p>Ecuador Decide, junto a\u00a0CDES (Centro de Derechos Econ\u00f3micos y Sociales) y el IEE (Instituto de Estudios Ecuatorianos),\u00a0han elaborado\u00a0este informe sobre los potenciales impactos que en la agricultura campesina y otros sectores vulnerables tendr\u00eda la implantaci\u00f3n del Tratado Comercial de Ecuador con la Uni\u00f3n Europea.<\/p>\n<p><a href=\"https:\/\/cdes.org.ec\/webantigua\/wp-content\/uploads\/2016\/01\/tlc.jpg\" rel=\"attachment wp-att-2328\"><img decoding=\"async\" class=\"alignnone size-medium wp-image-2328\" src=\"https:\/\/cdes.org.ec\/webantigua\/wp-content\/uploads\/2016\/01\/tlc-213x300.jpg\" alt=\"tlc\" width=\"213\" height=\"300\" srcset=\"https:\/\/cdes.org.ec\/webantigua\/wp-content\/uploads\/2016\/01\/tlc-200x282.jpg 200w, https:\/\/cdes.org.ec\/webantigua\/wp-content\/uploads\/2016\/01\/tlc-213x300.jpg 213w, https:\/\/cdes.org.ec\/webantigua\/wp-content\/uploads\/2016\/01\/tlc-400x564.jpg 400w, https:\/\/cdes.org.ec\/webantigua\/wp-content\/uploads\/2016\/01\/tlc-600x847.jpg 600w, https:\/\/cdes.org.ec\/webantigua\/wp-content\/uploads\/2016\/01\/tlc-726x1024.jpg 726w, https:\/\/cdes.org.ec\/webantigua\/wp-content\/uploads\/2016\/01\/tlc-768x1084.jpg 768w, https:\/\/cdes.org.ec\/webantigua\/wp-content\/uploads\/2016\/01\/tlc-800x1129.jpg 800w, https:\/\/cdes.org.ec\/webantigua\/wp-content\/uploads\/2016\/01\/tlc.jpg 900w\" sizes=\"(max-width: 213px) 100vw, 213px\" \/><\/a><\/p>\n<p><a href=\"https:\/\/cdes.org.ec\/webantigua\/wp-content\/uploads\/2016\/01\/El_Tratado_Comercial_de_Ecuador_con_la_Union_Europea_y_sus_potenciales_impactos_sobre_la_agricultura_campesina.pdf\" rel=\"\">El_Tratado_Comercial_de_Ecuador_con_la_Union_Europea_y_sus_potenciales_impactos_sobre_la_agricultura_campesina<\/a><\/p>\n<p>&nbsp;    \t<\/p>\n","protected":false},"excerpt":{"rendered":"<p>Ecuador Decide, junto a\u00a0CDES (Centro de Derechos Econ\u00f3micos y Sociales) [&hellip;]<\/p>\n","protected":false},"author":1,"featured_media":2329,"comment_status":"open","ping_status":"open","sticky":false,"template":"","format":"standard","meta":{"_siteseo_robots_primary_cat":"","_joinchat":[],"footnotes":""},"categories":[6],"tags":[],"class_list":["post-2326","post","type-post","status-publish","format-standard","has-post-thumbnail","hentry","category-campesino"],"_links":{"self":[{"href":"https:\/\/cdes.org.ec\/webantigua\/wp-json\/wp\/v2\/posts\/2326","targetHints":{"allow":["GET"]}}],"collection":[{"href":"https:\/\/cdes.org.ec\/webantigua\/wp-json\/wp\/v2\/posts"}],"about":[{"href":"https:\/\/cdes.org.ec\/webantigua\/wp-json\/wp\/v2\/types\/post"}],"author":[{"embeddable":true,"href":"https:\/\/cdes.org.ec\/webantigua\/wp-json\/wp\/v2\/users\/1"}],"replies":[{"embeddable":true,"href":"https:\/\/cdes.org.ec\/webantigua\/wp-json\/wp\/v2\/comments?post=2326"}],"version-history":[{"count":1,"href":"https:\/\/cdes.org.ec\/webantigua\/wp-json\/wp\/v2\/posts\/2326\/revisions"}],"predecessor-version":[{"id":7266,"href":"https:\/\/cdes.org.ec\/webantigua\/wp-json\/wp\/v2\/posts\/2326\/revisions\/7266"}],"wp:featuredmedia":[{"embeddable":true,"href":"https:\/\/cdes.org.ec\/webantigua\/wp-json\/wp\/v2\/media\/2329"}],"wp:attachment":[{"href":"https:\/\/cdes.org.ec\/webantigua\/wp-json\/wp\/v2\/media?parent=2326"}],"wp:term":[{"taxonomy":"category","embeddable":true,"href":"https:\/\/cdes.org.ec\/webantigua\/wp-json\/wp\/v2\/categories?post=2326"},{"taxonomy":"post_tag","embeddable":true,"href":"https:\/\/cdes.org.ec\/webantigua\/wp-json\/wp\/v2\/tags?post=2326"}],"curies":[{"name":"wp","href":"https:\/\/api.w.org\/{rel}","templated":true}]}}