{"id":2389,"date":"2015-09-08T23:35:59","date_gmt":"2015-09-08T23:35:59","guid":{"rendered":"https:\/\/cdes.org.ec\/webantigua\/?p=2389"},"modified":"2021-03-30T14:26:33","modified_gmt":"2021-03-30T14:26:33","slug":"mujer-indigena-entre-la-discriminacion-y-el-mercado-laboral","status":"publish","type":"post","link":"https:\/\/cdes.org.ec\/webantigua\/mujer-indigena-entre-la-discriminacion-y-el-mercado-laboral\/","title":{"rendered":"Mujer ind\u00edgena: Entre la discriminaci\u00f3n y el mercado laboral"},"content":{"rendered":"<p style=\"text-align: justify;\">Confiamos en que esta investigaci\u00f3n contribuir\u00e1 en el debate sobre el trabajo y su relaci\u00f3n con el modelo econ\u00f3mico del pa\u00eds.<\/p>\n<p><strong>Algunos resultados de la investigaci\u00f3n:<\/strong><\/p>\n<p style=\"text-align: justify;\">&#8211; La investigaci\u00f3n evidencia que existe una mayor probabilidad de ser discriminado laboralmente si se nace mujer, y la probabilidad incrementa si se nace ind\u00edgena.<\/p>\n<p style=\"text-align: justify;\">&#8211; En el 2012, las trabajadoras del hogar mestizas recibieron mensualmente USD 70 en promedio, mientras que las trabajadoras del hogar ind\u00edgenas recibieron USD 22. Es decir, una brecha de ingreso del 77%.<\/p>\n<p style=\"text-align: justify;\">&#8211; En el 2012, el 89% de la poblaci\u00f3n ind\u00edgena femenina est\u00e1 todav\u00eda en situaci\u00f3n de subempleo, mientras que el de los hombres ind\u00edgenas es 81%.<\/p>\n<p style=\"text-align: justify;\">&#8211; Las diferencias salariales se deben a la presencia de discriminaci\u00f3n por g\u00e9nero y etnia experimentado por las mujeres ind\u00edgenas en la sierra rural del Ecuador. Se observa que la discriminaci\u00f3n por etnia es de un 61 y 59 por ciento en los a\u00f1os 2008 y 2012, respectivamente, mientras, la discriminaci\u00f3n por g\u00e9nero corresponde a un 92 y 89 por ciento.<\/p>\n<p>&nbsp;<\/p>\n<p><a href=\"https:\/\/cdes.org.ec\/webantigua\/wp-content\/uploads\/2016\/01\/Mujer-ind\u00edgena-Discriminaci\u00f3n-y-Mercado-Laboral.pdf\" rel=\"\">Mujer ind\u00edgena Discriminaci\u00f3n y Mercado Laboral<\/a><\/p>\n<p>AUTOR: Jonathan B\u00e1ez<\/p>\n<p><a href=\"https:\/\/cdes.org.ec\/webantigua\/wp-content\/uploads\/2015\/09\/mujer-ind\u00edgena-banner.jpg\" rel=\"attachment wp-att-2411\"><img decoding=\"async\" class=\"alignnone size-medium wp-image-2411\" src=\"https:\/\/cdes.org.ec\/webantigua\/wp-content\/uploads\/2015\/09\/mujer-ind\u00edgena-banner-300x169.jpg\" alt=\"mujer ind\u00edgena banner\" width=\"300\" height=\"169\" \/><\/a><\/p>\n<p>&nbsp;<\/p>\n<p>&nbsp;    \t<\/p>\n","protected":false},"excerpt":{"rendered":"<p>Confiamos en que esta investigaci\u00f3n contribuir\u00e1 en el debate sobre [&hellip;]<\/p>\n","protected":false},"author":1,"featured_media":2394,"comment_status":"open","ping_status":"open","sticky":false,"template":"","format":"standard","meta":{"_siteseo_robots_primary_cat":"","_joinchat":[],"footnotes":""},"categories":[16],"tags":[24],"class_list":["post-2389","post","type-post","status-publish","format-standard","has-post-thumbnail","hentry","category-mujeres-indigenas","tag-laboral"],"_links":{"self":[{"href":"https:\/\/cdes.org.ec\/webantigua\/wp-json\/wp\/v2\/posts\/2389","targetHints":{"allow":["GET"]}}],"collection":[{"href":"https:\/\/cdes.org.ec\/webantigua\/wp-json\/wp\/v2\/posts"}],"about":[{"href":"https:\/\/cdes.org.ec\/webantigua\/wp-json\/wp\/v2\/types\/post"}],"author":[{"embeddable":true,"href":"https:\/\/cdes.org.ec\/webantigua\/wp-json\/wp\/v2\/users\/1"}],"replies":[{"embeddable":true,"href":"https:\/\/cdes.org.ec\/webantigua\/wp-json\/wp\/v2\/comments?post=2389"}],"version-history":[{"count":1,"href":"https:\/\/cdes.org.ec\/webantigua\/wp-json\/wp\/v2\/posts\/2389\/revisions"}],"predecessor-version":[{"id":7004,"href":"https:\/\/cdes.org.ec\/webantigua\/wp-json\/wp\/v2\/posts\/2389\/revisions\/7004"}],"wp:featuredmedia":[{"embeddable":true,"href":"https:\/\/cdes.org.ec\/webantigua\/wp-json\/wp\/v2\/media\/2394"}],"wp:attachment":[{"href":"https:\/\/cdes.org.ec\/webantigua\/wp-json\/wp\/v2\/media?parent=2389"}],"wp:term":[{"taxonomy":"category","embeddable":true,"href":"https:\/\/cdes.org.ec\/webantigua\/wp-json\/wp\/v2\/categories?post=2389"},{"taxonomy":"post_tag","embeddable":true,"href":"https:\/\/cdes.org.ec\/webantigua\/wp-json\/wp\/v2\/tags?post=2389"}],"curies":[{"name":"wp","href":"https:\/\/api.w.org\/{rel}","templated":true}]}}