{"id":2423,"date":"2016-02-21T20:40:58","date_gmt":"2016-02-21T20:40:58","guid":{"rendered":"https:\/\/cdes.org.ec\/webantigua\/?p=2423"},"modified":"2021-06-09T15:16:39","modified_gmt":"2021-06-09T15:16:39","slug":"foro-panamazonico-2016","status":"publish","type":"post","link":"https:\/\/cdes.org.ec\/webantigua\/foro-panamazonico-2016\/","title":{"rendered":"Foro Social Panamaz\u00f3nico 2017: Al llamado del bosque"},"content":{"rendered":"<p><a href=\"https:\/\/cdes.org.ec\/webantigua\/wp-content\/uploads\/2016\/01\/foro.png\" rel=\"attachment wp-att-2944\"><img decoding=\"async\" class=\"alignnone wp-image-2944\" src=\"https:\/\/cdes.org.ec\/webantigua\/wp-content\/uploads\/2016\/01\/foro-300x125.png\" alt=\"foro\" width=\"350\" height=\"146\" srcset=\"https:\/\/cdes.org.ec\/webantigua\/wp-content\/uploads\/2016\/01\/foro-200x83.png 200w, https:\/\/cdes.org.ec\/webantigua\/wp-content\/uploads\/2016\/01\/foro-300x125.png 300w, https:\/\/cdes.org.ec\/webantigua\/wp-content\/uploads\/2016\/01\/foro-400x166.png 400w, https:\/\/cdes.org.ec\/webantigua\/wp-content\/uploads\/2016\/01\/foro-600x249.png 600w, https:\/\/cdes.org.ec\/webantigua\/wp-content\/uploads\/2016\/01\/foro-768x319.png 768w, https:\/\/cdes.org.ec\/webantigua\/wp-content\/uploads\/2016\/01\/foro-800x332.png 800w, https:\/\/cdes.org.ec\/webantigua\/wp-content\/uploads\/2016\/01\/foro-1024x426.png 1024w, https:\/\/cdes.org.ec\/webantigua\/wp-content\/uploads\/2016\/01\/foro.png 1042w\" sizes=\"(max-width: 350px) 100vw, 350px\" \/><\/a><\/p>\n<p>Para salvar el planeta hay que salvar la Amazon\u00eda y los Andes\u2026 Participa en el Foro Social Panamaz\u00f3nico 2017.<\/p>\n<p>El pr\u00f3ximo VIII FSPA se realizar\u00e1 en Tarapoto, Per\u00fa en abril de 2017.<\/p>\n<p>Todos\/as podemos y debemos aportar a la construcci\u00f3n de esta cita hist\u00f3rica con el destino de la humanidad.<\/p>\n<p>Pensar y actuar juntos\u00a0 en la defensa y cuidado de las poblaciones, culturas y sistemas ecol\u00f3gicos de la Panamazon\u00eda y los Andes, como parte de los seguimientos de los acuerdos de\u00a0 las COP y de los acuerdos de biodiversidad, fortaleciendo el protagonismo de los pueblos y poblaciones amaz\u00f3nicas.<\/p>\n<p><strong>\u00bfQUI\u00c9NES PUEDEN PARTICIPAR?<\/strong><\/p>\n<p>Todas las personas y organizaciones que compartan sus objetivos y metodolog\u00edas y deseen ser parte de este esfuerzo en defensa y promoci\u00f3n de la vida y felicidad de los pueblos y poblaciones amaz\u00f3nicos y de toda la humanidad.<\/p>\n<p><strong>\u00bfC\u00d3MO?<\/strong><\/p>\n<p>Ven a construir el Foro a trav\u00e9s de estas opciones de participaci\u00f3n:<\/p>\n<p><strong>Difusi\u00f3n<\/strong><\/p>\n<p>1.- Difunde ampliamente la realizaci\u00f3n del Foro en abril 2017, en Tarapoto, Per\u00fa (empezando por este llamamiento).<\/p>\n<p>2.- Haznos llegar listas de correos de interesados\/as para incluirlos en los env\u00edos de informaciones (personas, organizaciones, especialistas, etc,).<\/p>\n<p><strong>Comunicaciones<\/strong><\/p>\n<p>3.- Haznos llegar especialmente contactos con radios y peri\u00f3dicos en zonas Amaz\u00f3nicas y Andinas de los pa\u00edses amaz\u00f3nicos y andinos suramericanos.<\/p>\n<p>4.- Haznos llegar nombres de columnistas de peri\u00f3dicos o comunicadores de medios de comunicaci\u00f3n, dispuestos a aportar escribiendo e informando sobre el Foro en sus espacios.<\/p>\n<p><strong>Enlace de encuentros<\/strong><\/p>\n<p>5.- Si participas en organizaciones y redes que tienen encuentros, reuniones o eventos internacionales entre la fecha actual y abril de 2017, trata de que se realicen en Tarapoto, Per\u00fa y coordina con nosotros para enlazarlas al Foro.<\/p>\n<p>6.- Si participas de otros Foros, reuniones o eventos internacionales, informa y visibiliza el FSPA 2017 en Tarapoto, Per\u00fa y, si quieres, conectalo al Foro, contact\u00e1ndonos.<\/p>\n<p><strong>Metodolog\u00eda y estudios<\/strong><\/p>\n<p>7.- Cont\u00e1ctanos y env\u00edanos tus aportes e ideas para la metodolog\u00eda, temas de debate, dise\u00f1os, v\u00eddeos, m\u00fasica y actividades del Foro.<\/p>\n<p>8.- Si crees que hay estudios, documentos, art\u00edculos period\u00edsticos relevantes sobre la problem\u00e1tica amaz\u00f3nica comp\u00e1rtelo con nosotros para difundirlo en nuestra sistema de comunicaciones.<\/p>\n<p>Aportes participaci\u00f3n comunidades amaz\u00f3nicas<\/p>\n<p>9.- Cont\u00e1ctanos, si deseas aportar en la organizaci\u00f3n, estructura o log\u00edstica del Foro. Especialmente, pedimos a entidades cooperantes y redes considerar aporte de fondos para que representantes de comunidades y l\u00edderes de organizaciones amaz\u00f3nicas y andinas cercanas o vinculadas a ustedes puedan llegar y participar del Foro en Tarapoto, en abril de 2017.<\/p>\n<p><strong>Contacto<\/strong><\/p>\n<p>10.- Cont\u00e1ctanos para <strong>cualquier otra iniciativa o forma de participaci\u00f3n que quieras aportar<\/strong>.<\/p>\n<p>Haciendo clic en <strong><a href=\"http:\/\/www.forosocialpanamazonico.com\/contactanos\/\" target=\"_blank\" rel=\"noopener\">CONT\u00c1CTANOS<\/a><\/strong>\u00a0y escribi\u00e9ndonos.<\/p>\n<p>Al correo:\u00a0<em><strong>foropanamazonico.peru@gmail.com \u00a0<\/strong><\/em><\/p>\n<p>En el facebook: \u00a0<strong><a href=\"https:\/\/www.facebook.com\/VIII-Foro-Social-Panamaz%C3%B3nico-Per%C3%BA-Abril-2017-492225884298335\/?fref=ts\" target=\"_blank\" rel=\"noopener\">VIII Foro Social Panamaz\u00f3nico Per\u00fa Abril 2017<\/a><\/strong><\/p>\n<p>&nbsp;<\/p>\n<p><em><strong>Vamos al llamado del bosque<\/strong><\/em><\/p>\n<p><em><strong>FSPA Per\u00fa<\/strong><\/em>    \t<\/p>\n","protected":false},"excerpt":{"rendered":"<p>Para salvar el planeta hay que salvar la Amazon\u00eda y [&hellip;]<\/p>\n","protected":false},"author":1,"featured_media":2944,"comment_status":"open","ping_status":"open","sticky":false,"template":"","format":"standard","meta":{"_siteseo_robots_primary_cat":"","_joinchat":[],"footnotes":""},"categories":[12,38],"tags":[],"class_list":["post-2423","post","type-post","status-publish","format-standard","has-post-thumbnail","hentry","category-justiciaambiental","category-pueblos-indigenas"],"_links":{"self":[{"href":"https:\/\/cdes.org.ec\/webantigua\/wp-json\/wp\/v2\/posts\/2423","targetHints":{"allow":["GET"]}}],"collection":[{"href":"https:\/\/cdes.org.ec\/webantigua\/wp-json\/wp\/v2\/posts"}],"about":[{"href":"https:\/\/cdes.org.ec\/webantigua\/wp-json\/wp\/v2\/types\/post"}],"author":[{"embeddable":true,"href":"https:\/\/cdes.org.ec\/webantigua\/wp-json\/wp\/v2\/users\/1"}],"replies":[{"embeddable":true,"href":"https:\/\/cdes.org.ec\/webantigua\/wp-json\/wp\/v2\/comments?post=2423"}],"version-history":[{"count":1,"href":"https:\/\/cdes.org.ec\/webantigua\/wp-json\/wp\/v2\/posts\/2423\/revisions"}],"predecessor-version":[{"id":7316,"href":"https:\/\/cdes.org.ec\/webantigua\/wp-json\/wp\/v2\/posts\/2423\/revisions\/7316"}],"wp:featuredmedia":[{"embeddable":true,"href":"https:\/\/cdes.org.ec\/webantigua\/wp-json\/wp\/v2\/media\/2944"}],"wp:attachment":[{"href":"https:\/\/cdes.org.ec\/webantigua\/wp-json\/wp\/v2\/media?parent=2423"}],"wp:term":[{"taxonomy":"category","embeddable":true,"href":"https:\/\/cdes.org.ec\/webantigua\/wp-json\/wp\/v2\/categories?post=2423"},{"taxonomy":"post_tag","embeddable":true,"href":"https:\/\/cdes.org.ec\/webantigua\/wp-json\/wp\/v2\/tags?post=2423"}],"curies":[{"name":"wp","href":"https:\/\/api.w.org\/{rel}","templated":true}]}}