{"id":2433,"date":"2015-12-08T22:34:30","date_gmt":"2015-12-08T22:34:30","guid":{"rendered":"https:\/\/cdes.org.ec\/webantigua\/?p=2433"},"modified":"2021-04-25T10:07:55","modified_gmt":"2021-04-25T10:07:55","slug":"tratamiento-tributario-a-las-inversiones-extractivas","status":"publish","type":"post","link":"https:\/\/cdes.org.ec\/webantigua\/tratamiento-tributario-a-las-inversiones-extractivas\/","title":{"rendered":"Tratamiento tributario a las inversiones extractivas"},"content":{"rendered":"<p style=\"text-align: justify;\">La Red de Justicia Fiscal de Am\u00e9rica Latina y El Caribe presenta el\u00a0reporte sobre tres importantes estudios que analizan el impacto de los beneficios\u00a0fiscales y los mecanismos que permiten a las corporaciones multinacionales (o al\u00a0poder corporativo transnacional) evadir el pago de sus impuestos donde su riqueza\u00a0es generada.<\/p>\n<p style=\"text-align: justify;\">Estos tres estudios de casos son relevantes para la coyuntura econ\u00f3mica actual que\u00a0atraviesa Am\u00e9rica Latina y el Caribe, y el mundo en general, donde las multinacionales\u00a0est\u00e1n socavando las econom\u00edas que las albergan. La preparaci\u00f3n de este reporte\u00a0estuvo coordinada desde la Secretar\u00eda de la Red de Justicia Fiscal.<\/p>\n<p style=\"text-align: justify;\"><a href=\"https:\/\/cdes.org.ec\/webantigua\/wp-content\/uploads\/2016\/01\/01TRATAMIENTO-TRIBUTARIO-A-LAS-INVERSIONES-EXTRACTIVAS.pdf\" rel=\"\">Tratamiento tributario a las inversiones extranjeras extractivas<\/a><\/p>\n<p style=\"text-align: justify;\">AUTORES:\u00a0Jorge Coronado (Costa Rica), Pablo Iturralde (Ecuador) y Julia Cuadros (Per\u00fa)<\/p>\n<p><a style=\"text-align: justify;\" href=\"https:\/\/cdes.org.ec\/webantigua\/wp-content\/uploads\/2016\/01\/Untitled-1.jpg\" rel=\"attachment wp-att-2435\"><img decoding=\"async\" class=\"alignnone size-medium wp-image-2435\" src=\"https:\/\/cdes.org.ec\/webantigua\/wp-content\/uploads\/2016\/01\/Untitled-1-300x144.jpg\" alt=\"Untitled-1\" width=\"300\" height=\"144\" srcset=\"https:\/\/cdes.org.ec\/webantigua\/wp-content\/uploads\/2016\/01\/Untitled-1-200x96.jpg 200w, https:\/\/cdes.org.ec\/webantigua\/wp-content\/uploads\/2016\/01\/Untitled-1-300x144.jpg 300w, https:\/\/cdes.org.ec\/webantigua\/wp-content\/uploads\/2016\/01\/Untitled-1-400x191.jpg 400w, https:\/\/cdes.org.ec\/webantigua\/wp-content\/uploads\/2016\/01\/Untitled-1-600x287.jpg 600w, https:\/\/cdes.org.ec\/webantigua\/wp-content\/uploads\/2016\/01\/Untitled-1-700x336.jpg 700w, https:\/\/cdes.org.ec\/webantigua\/wp-content\/uploads\/2016\/01\/Untitled-1.jpg 702w\" sizes=\"(max-width: 300px) 100vw, 300px\" \/><\/a>    \t<\/p>\n","protected":false},"excerpt":{"rendered":"<p>La Red de Justicia Fiscal de Am\u00e9rica Latina y El [&hellip;]<\/p>\n","protected":false},"author":1,"featured_media":2435,"comment_status":"open","ping_status":"open","sticky":false,"template":"","format":"standard","meta":{"_siteseo_robots_primary_cat":"","_joinchat":[],"footnotes":""},"categories":[5,9],"tags":[25],"class_list":["post-2433","post","type-post","status-publish","format-standard","has-post-thumbnail","hentry","category-informes","category-justiciafiscal","tag-elusion-fiscal"],"_links":{"self":[{"href":"https:\/\/cdes.org.ec\/webantigua\/wp-json\/wp\/v2\/posts\/2433","targetHints":{"allow":["GET"]}}],"collection":[{"href":"https:\/\/cdes.org.ec\/webantigua\/wp-json\/wp\/v2\/posts"}],"about":[{"href":"https:\/\/cdes.org.ec\/webantigua\/wp-json\/wp\/v2\/types\/post"}],"author":[{"embeddable":true,"href":"https:\/\/cdes.org.ec\/webantigua\/wp-json\/wp\/v2\/users\/1"}],"replies":[{"embeddable":true,"href":"https:\/\/cdes.org.ec\/webantigua\/wp-json\/wp\/v2\/comments?post=2433"}],"version-history":[{"count":1,"href":"https:\/\/cdes.org.ec\/webantigua\/wp-json\/wp\/v2\/posts\/2433\/revisions"}],"predecessor-version":[{"id":7346,"href":"https:\/\/cdes.org.ec\/webantigua\/wp-json\/wp\/v2\/posts\/2433\/revisions\/7346"}],"wp:featuredmedia":[{"embeddable":true,"href":"https:\/\/cdes.org.ec\/webantigua\/wp-json\/wp\/v2\/media\/2435"}],"wp:attachment":[{"href":"https:\/\/cdes.org.ec\/webantigua\/wp-json\/wp\/v2\/media?parent=2433"}],"wp:term":[{"taxonomy":"category","embeddable":true,"href":"https:\/\/cdes.org.ec\/webantigua\/wp-json\/wp\/v2\/categories?post=2433"},{"taxonomy":"post_tag","embeddable":true,"href":"https:\/\/cdes.org.ec\/webantigua\/wp-json\/wp\/v2\/tags?post=2433"}],"curies":[{"name":"wp","href":"https:\/\/api.w.org\/{rel}","templated":true}]}}