{"id":2483,"date":"2016-01-13T18:59:56","date_gmt":"2016-01-13T18:59:56","guid":{"rendered":"https:\/\/cdes.org.ec\/webantigua\/?p=2483"},"modified":"2021-06-04T18:10:25","modified_gmt":"2021-06-04T18:10:25","slug":"a-quien-le-importan-los-guayacanes-video","status":"publish","type":"post","link":"https:\/\/cdes.org.ec\/webantigua\/a-quien-le-importan-los-guayacanes-video\/","title":{"rendered":"\u00bfA qui\u00e9n le importan los guayacanes? [Video]"},"content":{"rendered":"<p style=\"text-align: justify;\">Este video es parte de una estrategia de investigaci\u00f3n, informaci\u00f3n y comunicaci\u00f3n sobre el conflicto agrario y el desarrollo rural en el Ecuador, que el Instituto de Estudios Ecuatorianos y el Centro de Derechos Econ\u00f3micos y Sociales promueven.<\/p>\n<p style=\"text-align: justify;\"><strong>Recomendamos<\/strong> tambi\u00e9n consultar el libro: <a href=\"https:\/\/cdes.org.ec\/webantigua\/a-quien-le-importan-los-guayacanes-acumulacion-gobierno-y-conflictos-en-el-campo\/\">\u00bfA Qui\u00e9n le importa los guayacanes?<\/a><\/p>\n<div class=\"video-shortcode\"><iframe title=\"\u00bfA qui\u00e9n le importan los Guayacanes    YouTube 360p\" width=\"1300\" height=\"731\" src=\"https:\/\/www.youtube.com\/embed\/pjrE4qAr__k?feature=oembed\" frameborder=\"0\" allow=\"accelerometer; autoplay; clipboard-write; encrypted-media; gyroscope; picture-in-picture\" allowfullscreen><\/iframe><\/div>\n<p>Tambi\u00e9n consultar la investigaci\u00f3n: <a href=\"https:\/\/cdes.org.ec\/webantigua\/a-quien-le-importan-los-guayacanes-acumulacion-gobierno-y-conflictos-en-el-campo\/\">\u00bfA Qui\u00e9n le importa los guayacanes?<\/a>    \t<\/p>\n","protected":false},"excerpt":{"rendered":"<p>Este video es parte de una estrategia de investigaci\u00f3n, informaci\u00f3n [&hellip;]<\/p>\n","protected":false},"author":1,"featured_media":2484,"comment_status":"open","ping_status":"open","sticky":false,"template":"","format":"standard","meta":{"_siteseo_robots_primary_cat":"","_joinchat":[],"footnotes":""},"categories":[12],"tags":[11],"class_list":["post-2483","post","type-post","status-publish","format-standard","has-post-thumbnail","hentry","category-justiciaambiental","tag-extractivismo"],"_links":{"self":[{"href":"https:\/\/cdes.org.ec\/webantigua\/wp-json\/wp\/v2\/posts\/2483","targetHints":{"allow":["GET"]}}],"collection":[{"href":"https:\/\/cdes.org.ec\/webantigua\/wp-json\/wp\/v2\/posts"}],"about":[{"href":"https:\/\/cdes.org.ec\/webantigua\/wp-json\/wp\/v2\/types\/post"}],"author":[{"embeddable":true,"href":"https:\/\/cdes.org.ec\/webantigua\/wp-json\/wp\/v2\/users\/1"}],"replies":[{"embeddable":true,"href":"https:\/\/cdes.org.ec\/webantigua\/wp-json\/wp\/v2\/comments?post=2483"}],"version-history":[{"count":1,"href":"https:\/\/cdes.org.ec\/webantigua\/wp-json\/wp\/v2\/posts\/2483\/revisions"}],"predecessor-version":[{"id":7341,"href":"https:\/\/cdes.org.ec\/webantigua\/wp-json\/wp\/v2\/posts\/2483\/revisions\/7341"}],"wp:featuredmedia":[{"embeddable":true,"href":"https:\/\/cdes.org.ec\/webantigua\/wp-json\/wp\/v2\/media\/2484"}],"wp:attachment":[{"href":"https:\/\/cdes.org.ec\/webantigua\/wp-json\/wp\/v2\/media?parent=2483"}],"wp:term":[{"taxonomy":"category","embeddable":true,"href":"https:\/\/cdes.org.ec\/webantigua\/wp-json\/wp\/v2\/categories?post=2483"},{"taxonomy":"post_tag","embeddable":true,"href":"https:\/\/cdes.org.ec\/webantigua\/wp-json\/wp\/v2\/tags?post=2483"}],"curies":[{"name":"wp","href":"https:\/\/api.w.org\/{rel}","templated":true}]}}