{"id":2605,"date":"2016-02-01T17:00:56","date_gmt":"2016-02-01T17:00:56","guid":{"rendered":"https:\/\/cdes.org.ec\/webantigua\/?p=2605"},"modified":"2021-04-25T10:05:57","modified_gmt":"2021-04-25T10:05:57","slug":"conferencia-magistral-david-harvey-video","status":"publish","type":"post","link":"https:\/\/cdes.org.ec\/webantigua\/conferencia-magistral-david-harvey-video\/","title":{"rendered":"Conferencia magistral: David Harvey en Quito [Video]"},"content":{"rendered":"<p style=\"text-align: justify;\">Por cortes\u00eda del Instituto Superior de Investigaci\u00f3n y Posgrado (ISIP), ponemos a su consideraci\u00f3n el video de la Conferencia magistral del investigador brit\u00e1nico David Harvey en la Facultad de Filosof\u00eda, con estudiantes y docentes de la Universidad Central del Ecuador, realizada el mi\u00e9rcoles 20 de enero de 2016 en este <a href=\"https:\/\/www.youtube.com\/watch?v=UU6bIph3_jc&amp;feature=youtu.be\">enlace<\/a>.<\/p>\n<p style=\"text-align: justify;\">Una de las convocatorias a esta conferencia se puede revisar <a href=\"https:\/\/cdes.org.ec\/webantigua\/evento\/charla-magistral-teoria-y-practica-de-la-acumulacion-por-desposesion\/\">aqu\u00ed<\/a>.<\/p>\n","protected":false},"excerpt":{"rendered":"<p>Por cortes\u00eda del Instituto Superior de Investigaci\u00f3n y Posgrado (ISIP), [&hellip;]<\/p>\n","protected":false},"author":1,"featured_media":2644,"comment_status":"open","ping_status":"open","sticky":false,"template":"","format":"standard","meta":{"_siteseo_robots_primary_cat":"","_joinchat":[],"footnotes":""},"categories":[12],"tags":[],"class_list":["post-2605","post","type-post","status-publish","format-standard","has-post-thumbnail","hentry","category-justiciaambiental"],"_links":{"self":[{"href":"https:\/\/cdes.org.ec\/webantigua\/wp-json\/wp\/v2\/posts\/2605","targetHints":{"allow":["GET"]}}],"collection":[{"href":"https:\/\/cdes.org.ec\/webantigua\/wp-json\/wp\/v2\/posts"}],"about":[{"href":"https:\/\/cdes.org.ec\/webantigua\/wp-json\/wp\/v2\/types\/post"}],"author":[{"embeddable":true,"href":"https:\/\/cdes.org.ec\/webantigua\/wp-json\/wp\/v2\/users\/1"}],"replies":[{"embeddable":true,"href":"https:\/\/cdes.org.ec\/webantigua\/wp-json\/wp\/v2\/comments?post=2605"}],"version-history":[{"count":1,"href":"https:\/\/cdes.org.ec\/webantigua\/wp-json\/wp\/v2\/posts\/2605\/revisions"}],"predecessor-version":[{"id":7340,"href":"https:\/\/cdes.org.ec\/webantigua\/wp-json\/wp\/v2\/posts\/2605\/revisions\/7340"}],"wp:featuredmedia":[{"embeddable":true,"href":"https:\/\/cdes.org.ec\/webantigua\/wp-json\/wp\/v2\/media\/2644"}],"wp:attachment":[{"href":"https:\/\/cdes.org.ec\/webantigua\/wp-json\/wp\/v2\/media?parent=2605"}],"wp:term":[{"taxonomy":"category","embeddable":true,"href":"https:\/\/cdes.org.ec\/webantigua\/wp-json\/wp\/v2\/categories?post=2605"},{"taxonomy":"post_tag","embeddable":true,"href":"https:\/\/cdes.org.ec\/webantigua\/wp-json\/wp\/v2\/tags?post=2605"}],"curies":[{"name":"wp","href":"https:\/\/api.w.org\/{rel}","templated":true}]}}