{"id":2684,"date":"2014-08-07T19:15:39","date_gmt":"2014-08-07T19:15:39","guid":{"rendered":"https:\/\/cdes.org.ec\/webantigua\/?p=2684"},"modified":"2021-04-25T09:35:18","modified_gmt":"2021-04-25T09:35:18","slug":"pronunciamiento-frente-a-la-firma-del-tlc-con-la-union-europea","status":"publish","type":"post","link":"https:\/\/cdes.org.ec\/webantigua\/pronunciamiento-frente-a-la-firma-del-tlc-con-la-union-europea\/","title":{"rendered":"Pronunciamiento frente a la firma del TLC con la Uni\u00f3n Europea: \u00bfUn tratado libre de culpa?"},"content":{"rendered":"<p align=\"center\"><b>\u00bfUn tratado libre de culpa?<\/b><\/p>\n<p>Finalmente pudo m\u00e1s la presi\u00f3n del sector agroexportador que las mismas convicciones del Presidente Rafael Correa y otros funcionarios de su gobierno sobre los impactos negativos de los tratados de libre comercio, sobre los cuales el Presidente hizo manifiesta su posici\u00f3n en el 2006 con la publicaci\u00f3n de \u201cEl rostro oculto del TLC\u201d. Claro est\u00e1, pudo m\u00e1s tambi\u00e9n que la cr\u00edtica desde sectores acad\u00e9micos, desde algunas ONG, e incluso desde los movimientos sociales. Y no sorprende que hayan podido imponerse los intereses de los grandes exportadores y de la agroindustria \u2013 aunados desde luego a los intereses de las corporaciones transnacionales europeas \u2013 pues han sido los representantes de estos sectores quienes han acompa\u00f1ado a la delegaci\u00f3n oficial durante todo el proceso de negociaci\u00f3n; oportunidad que ni de cerca tuvieron los representantes de los sectores que muy probablemente se ver\u00e1n afectados si el acuerdo firmado llegara a ser aprobado e implementado, a saber, los agentes de la agricultura familiar campesina, de la pesca artesanal, de la peque\u00f1a industria, peque\u00f1os productores, usuarios y usuarias de servicios de salud, entre otros.<\/p>\n<p>Tampoco import\u00f3, en \u00faltima instancia, la incompatibilidad de un acuerdo de este tipo con la tan aclamada y poco respetada Constituci\u00f3n de Montecristi; incompatibilidad que influy\u00f3, entre otros factores, para que las negociaciones con la Uni\u00f3n Europea se suspendieran en el 2009, toda vez que se identificaran \u2013para preocupaci\u00f3n de los negociadores europeos\u2013 claras contradicciones con principios constitucionales entre los cuales podemos nombrar el no sometimiento a instancias de arbitraje internacional para la soluci\u00f3n de controversias entre el Estado ecuatoriano y empresas transnacionales, el aprovechamiento del sistema de compras p\u00fablicas para impulsar el desarrollo de la econom\u00eda popular y solidaria, y el garantizar la soberan\u00eda alimentaria.<\/p>\n<p>As\u00ed, el d\u00eda de ayer, 16 de julio de 2014, se cerr\u00f3 en Bruselas, B\u00e9lgica, el acuerdo por el cual Ecuador se adherir\u00eda al \u201cacuerdo comercial multipartes\u201d firmado por la Uni\u00f3n Europea con Colombia y Per\u00fa en el 2012; acuerdo que es oficialmente reconocido en dichos pa\u00edses como un tratado de libre comercio o TLC. De hecho, las negociaciones se han llevado a cabo en base a la cl\u00e1usula de adhesi\u00f3n contenida en el art\u00edculo 329 de dicho documento, lo cual significa que el acuerdo alcanzado por la comisi\u00f3n negociadora ecuatoriana no se distinguir\u00eda, en lo sustancial, del acuerdo firmado por nuestros vecinos andinos. Sin embargo, el gobierno ecuatoriano ha sostenido enf\u00e1ticamente, desde que se retomaron las negociaciones con la Uni\u00f3n Europea, que no se estaba negociando un TLC sino un \u201cacuerdo comercial para el desarrollo\u201d.<\/p>\n<p>En tal virtud, hacemos un llamado al gobierno del Presidente Rafael Correa para que haga p\u00fablico y transparente el contenido del acuerdo comercial alcanzado ayer entre Ecuador y la Uni\u00f3n Europea, pues no se puede decidir sobre un tema tan relevante para el pa\u00eds sin un claro conocimiento y la participaci\u00f3n de todos los sectores de la sociedad. Adem\u00e1s, instamos al Presidente a se\u00f1alar cu\u00e1les son las grandes diferencias de este acuerdo con el firmado por la Uni\u00f3n Europea con Colombia y Per\u00fa, as\u00ed como las cuestiones de fondo que lo distinguir\u00edan de un t\u00edpico tratado de libre comercio.<\/p>\n<p>Finalmente, es importante se\u00f1alar que este acuerdo debe pasar por un proceso de validaci\u00f3n ante la Corte Constitucional del Ecuador, as\u00ed como por un proceso de discusi\u00f3n y aprobaci\u00f3n por parte de la Asamblea Nacional y del Parlamento Europeo, siendo quiz\u00e1s \u00e9sta la \u00faltima oportunidad que tenga el pueblo ecuatoriano para conocer cabalmente el contenido de este acuerdo, discutir sobre su legalidad y legitimidad, y tomar las acciones necesarias para impedir su ratificaci\u00f3n, de ser el caso.<\/p>\n<p>Firman: CDES y Ecuador Decide.<\/p>\n<p><img decoding=\"async\" src=\"http:\/\/stmedia.bolsamania.com\/web\/img\/images_uploaded\/0\/8\/santos_correa_620x350.jpg\" alt=\"santos correa\" \/><\/p>\n<p>Foto: Bolsaman\u00eda    \t<\/p>\n","protected":false},"excerpt":{"rendered":"<p>\u00bfUn tratado libre de culpa? Finalmente pudo m\u00e1s la presi\u00f3n [&hellip;]<\/p>\n","protected":false},"author":1,"featured_media":2685,"comment_status":"open","ping_status":"open","sticky":false,"template":"","format":"standard","meta":{"_siteseo_robots_primary_cat":"","_joinchat":[],"footnotes":""},"categories":[20],"tags":[],"class_list":["post-2684","post","type-post","status-publish","format-standard","has-post-thumbnail","hentry","category-tratadosdeinversion"],"_links":{"self":[{"href":"https:\/\/cdes.org.ec\/webantigua\/wp-json\/wp\/v2\/posts\/2684","targetHints":{"allow":["GET"]}}],"collection":[{"href":"https:\/\/cdes.org.ec\/webantigua\/wp-json\/wp\/v2\/posts"}],"about":[{"href":"https:\/\/cdes.org.ec\/webantigua\/wp-json\/wp\/v2\/types\/post"}],"author":[{"embeddable":true,"href":"https:\/\/cdes.org.ec\/webantigua\/wp-json\/wp\/v2\/users\/1"}],"replies":[{"embeddable":true,"href":"https:\/\/cdes.org.ec\/webantigua\/wp-json\/wp\/v2\/comments?post=2684"}],"version-history":[{"count":1,"href":"https:\/\/cdes.org.ec\/webantigua\/wp-json\/wp\/v2\/posts\/2684\/revisions"}],"predecessor-version":[{"id":7267,"href":"https:\/\/cdes.org.ec\/webantigua\/wp-json\/wp\/v2\/posts\/2684\/revisions\/7267"}],"wp:featuredmedia":[{"embeddable":true,"href":"https:\/\/cdes.org.ec\/webantigua\/wp-json\/wp\/v2\/media\/2685"}],"wp:attachment":[{"href":"https:\/\/cdes.org.ec\/webantigua\/wp-json\/wp\/v2\/media?parent=2684"}],"wp:term":[{"taxonomy":"category","embeddable":true,"href":"https:\/\/cdes.org.ec\/webantigua\/wp-json\/wp\/v2\/categories?post=2684"},{"taxonomy":"post_tag","embeddable":true,"href":"https:\/\/cdes.org.ec\/webantigua\/wp-json\/wp\/v2\/tags?post=2684"}],"curies":[{"name":"wp","href":"https:\/\/api.w.org\/{rel}","templated":true}]}}