{"id":2796,"date":"2011-02-10T17:27:24","date_gmt":"2011-02-10T17:27:24","guid":{"rendered":"https:\/\/cdes.org.ec\/webantigua\/?p=2796"},"modified":"2021-04-25T10:14:08","modified_gmt":"2021-04-25T10:14:08","slug":"tres-claves-para-el-estudio-y-la-transformacion-de-la-situacion-agraria-en-el-ecuador","status":"publish","type":"post","link":"https:\/\/cdes.org.ec\/webantigua\/tres-claves-para-el-estudio-y-la-transformacion-de-la-situacion-agraria-en-el-ecuador\/","title":{"rendered":"Tres claves para el estudio y la transformaci\u00f3n de la situaci\u00f3n agraria en el Ecuador [Cartilla]"},"content":{"rendered":"<p style=\"text-align: justify;\">Entrevista a Hern\u00e1n Ibarra, historiador e investigador del Centro Andino de Acci\u00f3n Popular (CAAP) realizada por Elena G\u00e1lvez -CDES (2011) en la serie de entrevistas de las cartillas \u00abApuntes metodol\u00f3gicos para abordar el problema agrario en el Ecuador\u00bb<\/p>\n<p style=\"text-align: justify;\"><a href=\"https:\/\/cdes.org.ec\/webantigua\/wp-content\/uploads\/2016\/02\/Apuntes_metodolo\u0301gicos_doc1.pdf\" rel=\"\">Apuntes_metodolo\u0301gicos_doc1<\/a><\/p>\n<p><a href=\"https:\/\/cdes.org.ec\/webantigua\/wp-content\/uploads\/2016\/02\/EntrevistaHernanIbarra-1.png\" rel=\"attachment wp-att-2798\"><img decoding=\"async\" class=\"alignnone size-medium wp-image-2798\" src=\"https:\/\/cdes.org.ec\/webantigua\/wp-content\/uploads\/2016\/02\/EntrevistaHernanIbarra-1-300x212.png\" alt=\"EntrevistaHernanIbarra\" width=\"300\" height=\"212\" srcset=\"https:\/\/cdes.org.ec\/webantigua\/wp-content\/uploads\/2016\/02\/EntrevistaHernanIbarra-1-200x142.png 200w, https:\/\/cdes.org.ec\/webantigua\/wp-content\/uploads\/2016\/02\/EntrevistaHernanIbarra-1-300x212.png 300w, https:\/\/cdes.org.ec\/webantigua\/wp-content\/uploads\/2016\/02\/EntrevistaHernanIbarra-1-400x283.png 400w, https:\/\/cdes.org.ec\/webantigua\/wp-content\/uploads\/2016\/02\/EntrevistaHernanIbarra-1-600x425.png 600w, https:\/\/cdes.org.ec\/webantigua\/wp-content\/uploads\/2016\/02\/EntrevistaHernanIbarra-1-768x543.png 768w, https:\/\/cdes.org.ec\/webantigua\/wp-content\/uploads\/2016\/02\/EntrevistaHernanIbarra-1.png 773w\" sizes=\"(max-width: 300px) 100vw, 300px\" \/><\/a><\/p>\n<p>&nbsp;    \t<\/p>\n","protected":false},"excerpt":{"rendered":"<p>Entrevista a Hern\u00e1n Ibarra, historiador e investigador del Centro Andino [&hellip;]<\/p>\n","protected":false},"author":1,"featured_media":2798,"comment_status":"open","ping_status":"open","sticky":false,"template":"","format":"standard","meta":{"_siteseo_robots_primary_cat":"","_joinchat":[],"footnotes":""},"categories":[5],"tags":[15],"class_list":["post-2796","post","type-post","status-publish","format-standard","has-post-thumbnail","hentry","category-informes","tag-ley-de-tierras"],"_links":{"self":[{"href":"https:\/\/cdes.org.ec\/webantigua\/wp-json\/wp\/v2\/posts\/2796","targetHints":{"allow":["GET"]}}],"collection":[{"href":"https:\/\/cdes.org.ec\/webantigua\/wp-json\/wp\/v2\/posts"}],"about":[{"href":"https:\/\/cdes.org.ec\/webantigua\/wp-json\/wp\/v2\/types\/post"}],"author":[{"embeddable":true,"href":"https:\/\/cdes.org.ec\/webantigua\/wp-json\/wp\/v2\/users\/1"}],"replies":[{"embeddable":true,"href":"https:\/\/cdes.org.ec\/webantigua\/wp-json\/wp\/v2\/comments?post=2796"}],"version-history":[{"count":1,"href":"https:\/\/cdes.org.ec\/webantigua\/wp-json\/wp\/v2\/posts\/2796\/revisions"}],"predecessor-version":[{"id":7362,"href":"https:\/\/cdes.org.ec\/webantigua\/wp-json\/wp\/v2\/posts\/2796\/revisions\/7362"}],"wp:featuredmedia":[{"embeddable":true,"href":"https:\/\/cdes.org.ec\/webantigua\/wp-json\/wp\/v2\/media\/2798"}],"wp:attachment":[{"href":"https:\/\/cdes.org.ec\/webantigua\/wp-json\/wp\/v2\/media?parent=2796"}],"wp:term":[{"taxonomy":"category","embeddable":true,"href":"https:\/\/cdes.org.ec\/webantigua\/wp-json\/wp\/v2\/categories?post=2796"},{"taxonomy":"post_tag","embeddable":true,"href":"https:\/\/cdes.org.ec\/webantigua\/wp-json\/wp\/v2\/tags?post=2796"}],"curies":[{"name":"wp","href":"https:\/\/api.w.org\/{rel}","templated":true}]}}