{"id":2915,"date":"2015-12-22T11:20:46","date_gmt":"2015-12-22T16:20:46","guid":{"rendered":"https:\/\/cdes.org.ec\/webantigua\/?p=2915"},"modified":"2021-06-09T15:24:42","modified_gmt":"2021-06-09T15:24:42","slug":"ciudadanos-asumen-el-45-del-gasto-en-salud-del-pais","status":"publish","type":"post","link":"https:\/\/cdes.org.ec\/webantigua\/ciudadanos-asumen-el-45-del-gasto-en-salud-del-pais\/","title":{"rendered":"Ciudadanos asumen el 45% del gasto en salud del pa\u00eds"},"content":{"rendered":"<p style=\"text-align: justify;\"><a href=\"https:\/\/cdes.org.ec\/webantigua\/wp-content\/uploads\/2015\/12\/salud.png\" rel=\"attachment wp-att-2917\"><img decoding=\"async\" class=\"alignnone size-medium wp-image-2917\" src=\"https:\/\/cdes.org.ec\/webantigua\/wp-content\/uploads\/2015\/12\/salud-300x179.png\" alt=\"salud\" width=\"300\" height=\"179\" srcset=\"https:\/\/cdes.org.ec\/webantigua\/wp-content\/uploads\/2015\/12\/salud-200x119.png 200w, https:\/\/cdes.org.ec\/webantigua\/wp-content\/uploads\/2015\/12\/salud-300x179.png 300w, https:\/\/cdes.org.ec\/webantigua\/wp-content\/uploads\/2015\/12\/salud-400x238.png 400w, https:\/\/cdes.org.ec\/webantigua\/wp-content\/uploads\/2015\/12\/salud-600x358.png 600w, https:\/\/cdes.org.ec\/webantigua\/wp-content\/uploads\/2015\/12\/salud.png 619w\" sizes=\"(max-width: 300px) 100vw, 300px\" \/><\/a><\/p>\n<p style=\"text-align: justify;\">Datos de un estudio publicado por el Centro de Derechos Econ\u00f3micos y Sociales (CDES) se\u00f1alan que las familias ecuatorianas asumen el 45 por ciento del total del gasto de salud en el pa\u00eds.<\/p>\n<p style=\"text-align: justify;\">\u201cEl nivel de carga de pagos en salud financiados por los bolsillos de los hogares contin\u00faa siendo elevado incluso si lo comparamos con otros pa\u00edses de la regi\u00f3n suramericana, donde Ecuador ocupa el tercer lugar en cargo del pago a las familias, solamente superado por Paraguay (57 por ciento) y Venezuela (66 por ciento)\u201d indica el estudio.<\/p>\n<p><a href=\"http:\/\/www.redaccionmedica.ec\/noticia\/ciudadanos-asumen-el-45-del-gasto-total-en-salud--86916\">Ver m\u00e1s<\/a>    \t<\/p>\n","protected":false},"excerpt":{"rendered":"<p>Datos de un estudio publicado por el Centro de Derechos [&hellip;]<\/p>\n","protected":false},"author":1,"featured_media":2919,"comment_status":"open","ping_status":"open","sticky":false,"template":"","format":"standard","meta":{"_siteseo_robots_primary_cat":"","_joinchat":[],"footnotes":""},"categories":[9],"tags":[22],"class_list":["post-2915","post","type-post","status-publish","format-standard","has-post-thumbnail","hentry","category-justiciafiscal","tag-salud"],"_links":{"self":[{"href":"https:\/\/cdes.org.ec\/webantigua\/wp-json\/wp\/v2\/posts\/2915","targetHints":{"allow":["GET"]}}],"collection":[{"href":"https:\/\/cdes.org.ec\/webantigua\/wp-json\/wp\/v2\/posts"}],"about":[{"href":"https:\/\/cdes.org.ec\/webantigua\/wp-json\/wp\/v2\/types\/post"}],"author":[{"embeddable":true,"href":"https:\/\/cdes.org.ec\/webantigua\/wp-json\/wp\/v2\/users\/1"}],"replies":[{"embeddable":true,"href":"https:\/\/cdes.org.ec\/webantigua\/wp-json\/wp\/v2\/comments?post=2915"}],"version-history":[{"count":1,"href":"https:\/\/cdes.org.ec\/webantigua\/wp-json\/wp\/v2\/posts\/2915\/revisions"}],"predecessor-version":[{"id":7975,"href":"https:\/\/cdes.org.ec\/webantigua\/wp-json\/wp\/v2\/posts\/2915\/revisions\/7975"}],"wp:featuredmedia":[{"embeddable":true,"href":"https:\/\/cdes.org.ec\/webantigua\/wp-json\/wp\/v2\/media\/2919"}],"wp:attachment":[{"href":"https:\/\/cdes.org.ec\/webantigua\/wp-json\/wp\/v2\/media?parent=2915"}],"wp:term":[{"taxonomy":"category","embeddable":true,"href":"https:\/\/cdes.org.ec\/webantigua\/wp-json\/wp\/v2\/categories?post=2915"},{"taxonomy":"post_tag","embeddable":true,"href":"https:\/\/cdes.org.ec\/webantigua\/wp-json\/wp\/v2\/tags?post=2915"}],"curies":[{"name":"wp","href":"https:\/\/api.w.org\/{rel}","templated":true}]}}