{"id":3001,"date":"2016-02-22T16:57:12","date_gmt":"2016-02-22T16:57:12","guid":{"rendered":"https:\/\/cdes.org.ec\/webantigua\/?p=3001"},"modified":"2021-06-09T15:19:05","modified_gmt":"2021-06-09T15:19:05","slug":"1-encuentro-de-enlaces-nacionales-campana-que-las-trasnacionales-paguen-lo-justo","status":"publish","type":"post","link":"https:\/\/cdes.org.ec\/webantigua\/1-encuentro-de-enlaces-nacionales-campana-que-las-trasnacionales-paguen-lo-justo\/","title":{"rendered":"1\u00b0 Encuentro de Enlaces Nacionales: Campa\u00f1a \u00abQue las trasnacionales paguen lo justo\u00bb"},"content":{"rendered":"<p><a href=\"https:\/\/cdes.org.ec\/webantigua\/wp-content\/uploads\/2016\/02\/lima.png\" rel=\"attachment wp-att-3002\"><img decoding=\"async\" class=\"alignnone size-medium wp-image-3002\" src=\"https:\/\/cdes.org.ec\/webantigua\/wp-content\/uploads\/2016\/02\/lima-300x142.png\" alt=\"lima\" width=\"300\" height=\"142\" srcset=\"https:\/\/cdes.org.ec\/webantigua\/wp-content\/uploads\/2016\/02\/lima-200x94.png 200w, https:\/\/cdes.org.ec\/webantigua\/wp-content\/uploads\/2016\/02\/lima-300x142.png 300w, https:\/\/cdes.org.ec\/webantigua\/wp-content\/uploads\/2016\/02\/lima-400x189.png 400w, https:\/\/cdes.org.ec\/webantigua\/wp-content\/uploads\/2016\/02\/lima-600x283.png 600w, https:\/\/cdes.org.ec\/webantigua\/wp-content\/uploads\/2016\/02\/lima-768x362.png 768w, https:\/\/cdes.org.ec\/webantigua\/wp-content\/uploads\/2016\/02\/lima-800x377.png 800w, https:\/\/cdes.org.ec\/webantigua\/wp-content\/uploads\/2016\/02\/lima.png 920w\" sizes=\"(max-width: 300px) 100vw, 300px\" \/><\/a><\/p>\n<p style=\"text-align: justify;\">Para afianzar las estrategias y objetivos de la campa\u00f1a<a href=\"http:\/\/www.paguenlojusto.org\/quienes-somos\/\"> \u201cQue las transnacionales paguen lo justo\u201d<\/a>, el equipo coordinador de la secretar\u00eda de Lima, respaldado por la Red de Justicia Fiscal de Am\u00e9rica Latina y el Caribe (RJF LAC) y la Red Latinoamericana sobre Deuda, Desarrollo y Derechos (Latindadd) organizaron el 1\u00b0 Encuentro de Enlaces Nacionales de Campa\u00f1a, en la ciudad de Lima, Per\u00fa.<\/p>\n<p style=\"text-align: justify;\">Los d\u00edas 22 y 23 de febrero, quince representantes de las organizaciones que promueven e impulsan la campa\u00f1a en la regi\u00f3n se dieron cita en la capital peruana para debatir sobre los avances de la campa\u00f1a, as\u00ed como reperfilar la estrategia y conocer un poco m\u00e1s sobre las herramientas para su difusi\u00f3n.<\/p>\n<p style=\"text-align: justify;\">Ver <a href=\"http:\/\/www.paguenlojusto.org\/2016\/02\/24\/fortalecen-trabajo-para-afianzar-campana-paguen-lo-justo\/\">noticia completa\u00a0<\/a><\/p>\n<p style=\"text-align: justify;\">\n","protected":false},"excerpt":{"rendered":"<p>Para afianzar las estrategias y objetivos de la campa\u00f1a \u201cQue [&hellip;]<\/p>\n","protected":false},"author":1,"featured_media":3003,"comment_status":"open","ping_status":"open","sticky":false,"template":"","format":"standard","meta":{"_siteseo_robots_primary_cat":"","_joinchat":[],"footnotes":""},"categories":[9],"tags":[25],"class_list":["post-3001","post","type-post","status-publish","format-standard","has-post-thumbnail","hentry","category-justiciafiscal","tag-elusion-fiscal"],"_links":{"self":[{"href":"https:\/\/cdes.org.ec\/webantigua\/wp-json\/wp\/v2\/posts\/3001","targetHints":{"allow":["GET"]}}],"collection":[{"href":"https:\/\/cdes.org.ec\/webantigua\/wp-json\/wp\/v2\/posts"}],"about":[{"href":"https:\/\/cdes.org.ec\/webantigua\/wp-json\/wp\/v2\/types\/post"}],"author":[{"embeddable":true,"href":"https:\/\/cdes.org.ec\/webantigua\/wp-json\/wp\/v2\/users\/1"}],"replies":[{"embeddable":true,"href":"https:\/\/cdes.org.ec\/webantigua\/wp-json\/wp\/v2\/comments?post=3001"}],"version-history":[{"count":1,"href":"https:\/\/cdes.org.ec\/webantigua\/wp-json\/wp\/v2\/posts\/3001\/revisions"}],"predecessor-version":[{"id":7166,"href":"https:\/\/cdes.org.ec\/webantigua\/wp-json\/wp\/v2\/posts\/3001\/revisions\/7166"}],"wp:featuredmedia":[{"embeddable":true,"href":"https:\/\/cdes.org.ec\/webantigua\/wp-json\/wp\/v2\/media\/3003"}],"wp:attachment":[{"href":"https:\/\/cdes.org.ec\/webantigua\/wp-json\/wp\/v2\/media?parent=3001"}],"wp:term":[{"taxonomy":"category","embeddable":true,"href":"https:\/\/cdes.org.ec\/webantigua\/wp-json\/wp\/v2\/categories?post=3001"},{"taxonomy":"post_tag","embeddable":true,"href":"https:\/\/cdes.org.ec\/webantigua\/wp-json\/wp\/v2\/tags?post=3001"}],"curies":[{"name":"wp","href":"https:\/\/api.w.org\/{rel}","templated":true}]}}