{"id":3064,"date":"2016-03-14T12:59:42","date_gmt":"2016-03-14T12:59:42","guid":{"rendered":"https:\/\/cdes.org.ec\/webantigua\/?p=3064"},"modified":"2021-06-09T14:52:15","modified_gmt":"2021-06-09T14:52:15","slug":"encuentro-sobre-alternativas-al-extractivismo","status":"publish","type":"post","link":"https:\/\/cdes.org.ec\/webantigua\/encuentro-sobre-alternativas-al-extractivismo\/","title":{"rendered":"Encuentro sobre alternativas al extractivismo"},"content":{"rendered":"<p class=\"postitle\">Rese\u00f1a\u00a0de <a href=\"http:\/\/geografiacriticaecuador.org\/2013\/12\/05\/encuentro-sobre-alternativas-al-extractivismo\/\">Geograf\u00eda Cr\u00edtica<\/a>\u00a0sobre el encuentro realizado por CDES<\/p>\n<p style=\"text-align: justify;\">El encuentro fue organizado para presentar los resultados de las investigaciones y reflexiones que lleva a cabo el CDES sobre eco-Socialismo y el debate en torno al extractivismo en el Ecuador. Tambi\u00e9n diversos colectivos y organizaciones en resistencia al extractivismo expusieron sus experiencias y trabajo. Nos invitaron a contar sobre el trabajo que hacemos y c\u00f3mo \u00e9ste tiene que ver con buscar y encontrar alternativas al extractivismo. Abajo hay un peque\u00f1o resumen de cada parte.<\/p>\n<p><b>Eco-Socialismo<\/b><\/p>\n<p style=\"text-align: justify;\">Se lo defini\u00f3 como un proyecto pol\u00edtico no acabado que sin embargo es de impresionante actualidad dada la crisis ambiental. El eco-socialismo reconoce que existe una escasez natural pero tambi\u00e9n una escasez producida por el capitalismo y las fuerzas destructivas inherentes al proceso de producci\u00f3n de capital. Estas fuerzas productivas\/destructivas avanzan sobre los territorios que podr\u00edan <i>producir realmente<\/i>. As\u00ed, desde una \u00f3ptica eco-Socialista, lo urgente es el reemplazo de esas fuerzas productivas\/destructivas por unas \u201cgenuinamente productivas, de car\u00e1cter sostenible\u201d.<\/p>\n<p><b>Debate en torno al extractivismo en el Ecuador<\/b><\/p>\n<p style=\"text-align: justify;\">El debate sobre el extractivismo en el Ecuador enfrenta \u2013aparentemente- a gobiernistas\/desarrollistas con ambientalistas. Analizando las propuestas de uno y otro lado, parece ser que hay un acuerdo consensuado en que la transici\u00f3n hacia una sociedad post-extractivista es imperativo. Es decir, si se analiza las propuestas formales del gobierno ecuatoriano, no habr\u00eda contradicci\u00f3n con los movimientos anti-extractivistas: las dos partes est\u00e1n de acuerdo en que es necesario superar el extractivismo. Las diferencias emergen en los tiempos y las formas en que se dar\u00eda la transici\u00f3n, y por ende en los impactos sociales y ambientales que esto acarrear\u00eda. Entonces parece que ser\u00eda necesario que el debate aborde esos aspectos, adem\u00e1s de otros sobre los que simplemente no se habla:<\/p>\n<p style=\"text-align: justify;\">\u2013\u00a0\u00a0\u00a0\u00a0\u00a0\u00a0\u00a0\u00a0\u00a0 La evaluaci\u00f3n ambiental de los efectos la transici\u00f3n. Por ejemplo, qu\u00e9 beneficios e impactos para las poblaciones locales existen de trocar petr\u00f3leo por turismo.<\/p>\n<p style=\"text-align: justify;\">\u2013\u00a0\u00a0\u00a0\u00a0\u00a0\u00a0\u00a0\u00a0\u00a0 Evaluaci\u00f3n del impacto de la industrializaci\u00f3n del pa\u00eds y las alternativas reales y pragm\u00e1ticas a dicha industrializaci\u00f3n.<\/p>\n<p style=\"text-align: justify;\">\u2013\u00a0\u00a0\u00a0\u00a0\u00a0\u00a0\u00a0\u00a0\u00a0 Consumo interno y dependencia. Hay un vac\u00edo de an\u00e1lisis sobre consumo social. La mayor\u00eda de las alternativas o soluciones ambientalmente amigables se refieren solamente al consumo individual.<\/p>\n<p style=\"text-align: justify;\">\u2013\u00a0\u00a0\u00a0\u00a0\u00a0\u00a0\u00a0\u00a0\u00a0 Pobreza, desigualdad y propiedad: la transici\u00f3n al post-extractivismo puede terminar enriqueciendo a las \u00e9lites tradicionales, lo que deviene en una urgente problematizaci\u00f3n del capitalismo.<\/p>\n<p style=\"text-align: justify;\">Finalmente, se identifica dos problemas en torno a centrar el debate en el extractivismo y, por ende, en el desarrollo:<\/p>\n<p style=\"text-align: justify;\">\u2013\u00a0\u00a0\u00a0\u00a0\u00a0\u00a0\u00a0\u00a0\u00a0 Se hace alusi\u00f3n constantemente a la necesidad de decrecimiento de la econom\u00eda (l\u00ednea ideol\u00f3gica originada en Europa) pero no se analiza si dicho decrecimiento es aplicable a una econom\u00eda como la ecuatoriana.<\/p>\n<p>\u2013\u00a0\u00a0\u00a0\u00a0\u00a0\u00a0\u00a0\u00a0\u00a0 Se iguala al modelo extractivo con el capitalismo, como si al superarlo se superara autom\u00e1ticamente al capitalismo.<\/p>\n<p style=\"text-align: justify;\">\u2013\u00a0\u00a0\u00a0\u00a0\u00a0\u00a0\u00a0\u00a0\u00a0 Esa paradoja podr\u00eda ser superada utilizando las herramientas de an\u00e1lisis del eco-Socialismo. (\u00a1Manos a la obra!)<\/p>\n<p style=\"text-align: justify;\">En la tarde hubo presentaciones de diversos compa\u00f1eros y compa\u00f1eros que resisten a actividades extractivas en nuestro pa\u00eds como el la explotaci\u00f3n petrolera y minera pero tambi\u00e9n la agroindustria.<\/p>\n<p style=\"text-align: justify;\">Nosotras expusimos nuestro trabajo de cartografiar para la resistencia, el acompa\u00f1amiento que hacemos a comunidades en resistencia a actividades extractivas, la posici\u00f3n cr\u00edtica que tenemos sobre la geograf\u00eda como pr\u00e1ctica y herramienta del poder y control territorial y nuestro intenso inter\u00e9s en generar espacios de reflexi\u00f3n pol\u00edtica con las comunidades.<\/p>\n","protected":false},"excerpt":{"rendered":"<p>Rese\u00f1a\u00a0de Geograf\u00eda Cr\u00edtica\u00a0sobre el encuentro realizado por CDES El encuentro [&hellip;]<\/p>\n","protected":false},"author":1,"featured_media":3067,"comment_status":"open","ping_status":"open","sticky":false,"template":"","format":"standard","meta":{"_siteseo_robots_primary_cat":"","_joinchat":[],"footnotes":""},"categories":[12],"tags":[],"class_list":["post-3064","post","type-post","status-publish","format-standard","has-post-thumbnail","hentry","category-justiciaambiental"],"_links":{"self":[{"href":"https:\/\/cdes.org.ec\/webantigua\/wp-json\/wp\/v2\/posts\/3064","targetHints":{"allow":["GET"]}}],"collection":[{"href":"https:\/\/cdes.org.ec\/webantigua\/wp-json\/wp\/v2\/posts"}],"about":[{"href":"https:\/\/cdes.org.ec\/webantigua\/wp-json\/wp\/v2\/types\/post"}],"author":[{"embeddable":true,"href":"https:\/\/cdes.org.ec\/webantigua\/wp-json\/wp\/v2\/users\/1"}],"replies":[{"embeddable":true,"href":"https:\/\/cdes.org.ec\/webantigua\/wp-json\/wp\/v2\/comments?post=3064"}],"version-history":[{"count":1,"href":"https:\/\/cdes.org.ec\/webantigua\/wp-json\/wp\/v2\/posts\/3064\/revisions"}],"predecessor-version":[{"id":7336,"href":"https:\/\/cdes.org.ec\/webantigua\/wp-json\/wp\/v2\/posts\/3064\/revisions\/7336"}],"wp:featuredmedia":[{"embeddable":true,"href":"https:\/\/cdes.org.ec\/webantigua\/wp-json\/wp\/v2\/media\/3067"}],"wp:attachment":[{"href":"https:\/\/cdes.org.ec\/webantigua\/wp-json\/wp\/v2\/media?parent=3064"}],"wp:term":[{"taxonomy":"category","embeddable":true,"href":"https:\/\/cdes.org.ec\/webantigua\/wp-json\/wp\/v2\/categories?post=3064"},{"taxonomy":"post_tag","embeddable":true,"href":"https:\/\/cdes.org.ec\/webantigua\/wp-json\/wp\/v2\/tags?post=3064"}],"curies":[{"name":"wp","href":"https:\/\/api.w.org\/{rel}","templated":true}]}}