{"id":3173,"date":"2016-03-30T15:22:48","date_gmt":"2016-03-30T15:22:48","guid":{"rendered":"https:\/\/cdes.org.ec\/webantigua\/?p=3173"},"modified":"2021-04-25T09:33:48","modified_gmt":"2021-04-25T09:33:48","slug":"los-lecheros-como-se-afectaran-con-el-tlc-con-la-union-europea-video","status":"publish","type":"post","link":"https:\/\/cdes.org.ec\/webantigua\/los-lecheros-como-se-afectaran-con-el-tlc-con-la-union-europea-video\/","title":{"rendered":"Los lecheros, c\u00f3mo se afectar\u00e1n con el TLC con la Uni\u00f3n Europea [Video]"},"content":{"rendered":"<p style=\"text-align: justify;\">Ecuador se adhiri\u00f3 al TLC con la Uni\u00f3n Europea firmado por Per\u00fa y Colombia, esto tendr\u00e1 consecuencias en el sector lechero tal como lo explica la\u00a0<a href=\"https:\/\/www.youtube.com\/watch?v=7VC-LvGN15Y\">Universidad Popular del Buen Vivir<\/a>\u00a0en\u00a0el caso de la leche colombiana.<\/p>\n<div class=\"video-shortcode\"><iframe title=\"Acuerdo comercial Ecuador - UE: el ejemplo de la leche colombiana\" width=\"1300\" height=\"975\" src=\"https:\/\/www.youtube.com\/embed\/7VC-LvGN15Y?feature=oembed\" frameborder=\"0\" allow=\"accelerometer; autoplay; clipboard-write; encrypted-media; gyroscope; picture-in-picture\" allowfullscreen><\/iframe><\/div>\n","protected":false},"excerpt":{"rendered":"<p>Ecuador se adhiri\u00f3 al TLC con la Uni\u00f3n Europea firmado [&hellip;]<\/p>\n","protected":false},"author":1,"featured_media":3177,"comment_status":"open","ping_status":"open","sticky":false,"template":"","format":"standard","meta":{"_siteseo_robots_primary_cat":"","_joinchat":[],"footnotes":""},"categories":[23],"tags":[],"class_list":["post-3173","post","type-post","status-publish","format-standard","has-post-thumbnail","hentry","category-tlc"],"_links":{"self":[{"href":"https:\/\/cdes.org.ec\/webantigua\/wp-json\/wp\/v2\/posts\/3173","targetHints":{"allow":["GET"]}}],"collection":[{"href":"https:\/\/cdes.org.ec\/webantigua\/wp-json\/wp\/v2\/posts"}],"about":[{"href":"https:\/\/cdes.org.ec\/webantigua\/wp-json\/wp\/v2\/types\/post"}],"author":[{"embeddable":true,"href":"https:\/\/cdes.org.ec\/webantigua\/wp-json\/wp\/v2\/users\/1"}],"replies":[{"embeddable":true,"href":"https:\/\/cdes.org.ec\/webantigua\/wp-json\/wp\/v2\/comments?post=3173"}],"version-history":[{"count":1,"href":"https:\/\/cdes.org.ec\/webantigua\/wp-json\/wp\/v2\/posts\/3173\/revisions"}],"predecessor-version":[{"id":7263,"href":"https:\/\/cdes.org.ec\/webantigua\/wp-json\/wp\/v2\/posts\/3173\/revisions\/7263"}],"wp:featuredmedia":[{"embeddable":true,"href":"https:\/\/cdes.org.ec\/webantigua\/wp-json\/wp\/v2\/media\/3177"}],"wp:attachment":[{"href":"https:\/\/cdes.org.ec\/webantigua\/wp-json\/wp\/v2\/media?parent=3173"}],"wp:term":[{"taxonomy":"category","embeddable":true,"href":"https:\/\/cdes.org.ec\/webantigua\/wp-json\/wp\/v2\/categories?post=3173"},{"taxonomy":"post_tag","embeddable":true,"href":"https:\/\/cdes.org.ec\/webantigua\/wp-json\/wp\/v2\/tags?post=3173"}],"curies":[{"name":"wp","href":"https:\/\/api.w.org\/{rel}","templated":true}]}}