{"id":3281,"date":"2014-01-19T10:01:35","date_gmt":"2014-01-19T10:01:35","guid":{"rendered":"https:\/\/cdes.org.ec\/webantigua\/?p=3281"},"modified":"2021-04-22T15:34:32","modified_gmt":"2021-04-22T15:34:32","slug":"en-quito-se-debatio-la-evasion-fiscal-de-industrias-extractivas","status":"publish","type":"post","link":"https:\/\/cdes.org.ec\/webantigua\/en-quito-se-debatio-la-evasion-fiscal-de-industrias-extractivas\/","title":{"rendered":"En Quito se debati\u00f3 la evasi\u00f3n fiscal de industrias extractivas"},"content":{"rendered":"<h3><a href=\"https:\/\/cdes.org.ec\/webantigua\/wp-content\/uploads\/2016\/04\/foto-justicia.png\" rel=\"attachment wp-att-3282\"><img decoding=\"async\" class=\"alignnone size-medium wp-image-3282\" src=\"https:\/\/cdes.org.ec\/webantigua\/wp-content\/uploads\/2016\/04\/foto-justicia-300x200.png\" alt=\"foto justicia\" width=\"300\" height=\"200\" srcset=\"https:\/\/cdes.org.ec\/webantigua\/wp-content\/uploads\/2016\/04\/foto-justicia-200x133.png 200w, https:\/\/cdes.org.ec\/webantigua\/wp-content\/uploads\/2016\/04\/foto-justicia-300x200.png 300w, https:\/\/cdes.org.ec\/webantigua\/wp-content\/uploads\/2016\/04\/foto-justicia.png 303w\" sizes=\"(max-width: 300px) 100vw, 300px\" \/><\/a><\/h3>\n<h3>En Quito se debati\u00f3 la evasi\u00f3n fiscal de industrias extractivas<\/h3>\n<p>El pasado viernes 14 de febrero se realiz\u00f3 el Seminario Internacional Sobre Justicia Fiscal en la Universidad Andina Sim\u00f3n Bol\u00edvar. Entre los expositores constaron R\u00f3mulo Torres (Equipo Latindadd), Giancarlo Castiglione (Grupo Fiscalidad y Extractivas Per\u00fa \u2013 Latindadd), Rodolfo Bejarano (Equipo de Latindadd y miembro de la Coalici\u00f3n por la Transparencia Financiera) y Pablo Iturralde (CDES).<\/p>\n<p>Algunos objetivos del seminario fueron informar a los asistentes sobre las nuevas iniciativas y decisiones ante la fuga de recursos nacionales, revisar las nuevas iniciativas latinoamericanas sobre nuevo pacto fiscal, mayor cobro a transnacionales y participaci\u00f3n en campa\u00f1as globales y exponer los temas de inter\u00e9s para el Ecuador sobre justicia fiscal y su participaci\u00f3n en \u00e1mbitos subregionales y regionales.<\/p>\n<p>El seminario inici\u00f3 con las exposiciones de los miembros del panel, quienes abordaron distintas tem\u00e1ticas referentes a justicia fiscal, tales como: sistema tributario, nuevo pacto fiscal, campa\u00f1a sobre fiscalidad y extractivas, control de para\u00edsos fiscales en Ecuador mediante el C\u00f3digo Monetario y Financiero, entre otros. Dentro de las acotaciones de mayor importancia se resalt\u00f3 que actualmente en Ecuador se pierden aproximadamente 1.000 millones de d\u00f3lares por los recursos que las multinacionales trasladan a para\u00edsos fiscales, mediante la manipulaci\u00f3n de los precios de transferencia. \u201cEs necesario poner un alto a los abusos de estas grandes compa\u00f1\u00edas en contra de los pa\u00edses m\u00e1s vulnerables\u201d, indic\u00f3 Bejarano.<\/p>\n<p>Al final del encuentro se realiz\u00f3 un peque\u00f1o taller con los asistentes enfocado a analizar la situaci\u00f3n del pa\u00eds y realizar aportes al \u00e1mbito subregional, regional y global. La idea era abrir un debate en el que se estimule el intercambio de opiniones y obtener distintas propuestas e iniciativas para el establecimiento de nuevos pactos fiscales y reformas tributarias.<\/p>\n<p class=\"Default\">Entre los presentes estuvieron representantes de organizaciones sociales, acad\u00e9micos y t\u00e9cnicos de la autoridad tributaria del Ecuador.<\/p>\n","protected":false},"excerpt":{"rendered":"<p>En Quito se debati\u00f3 la evasi\u00f3n fiscal de industrias extractivas [&hellip;]<\/p>\n","protected":false},"author":1,"featured_media":3329,"comment_status":"open","ping_status":"open","sticky":false,"template":"","format":"standard","meta":{"_siteseo_robots_primary_cat":"","_joinchat":[],"footnotes":""},"categories":[12],"tags":[],"class_list":["post-3281","post","type-post","status-publish","format-standard","has-post-thumbnail","hentry","category-justiciaambiental"],"_links":{"self":[{"href":"https:\/\/cdes.org.ec\/webantigua\/wp-json\/wp\/v2\/posts\/3281","targetHints":{"allow":["GET"]}}],"collection":[{"href":"https:\/\/cdes.org.ec\/webantigua\/wp-json\/wp\/v2\/posts"}],"about":[{"href":"https:\/\/cdes.org.ec\/webantigua\/wp-json\/wp\/v2\/types\/post"}],"author":[{"embeddable":true,"href":"https:\/\/cdes.org.ec\/webantigua\/wp-json\/wp\/v2\/users\/1"}],"replies":[{"embeddable":true,"href":"https:\/\/cdes.org.ec\/webantigua\/wp-json\/wp\/v2\/comments?post=3281"}],"version-history":[{"count":1,"href":"https:\/\/cdes.org.ec\/webantigua\/wp-json\/wp\/v2\/posts\/3281\/revisions"}],"predecessor-version":[{"id":7174,"href":"https:\/\/cdes.org.ec\/webantigua\/wp-json\/wp\/v2\/posts\/3281\/revisions\/7174"}],"wp:featuredmedia":[{"embeddable":true,"href":"https:\/\/cdes.org.ec\/webantigua\/wp-json\/wp\/v2\/media\/3329"}],"wp:attachment":[{"href":"https:\/\/cdes.org.ec\/webantigua\/wp-json\/wp\/v2\/media?parent=3281"}],"wp:term":[{"taxonomy":"category","embeddable":true,"href":"https:\/\/cdes.org.ec\/webantigua\/wp-json\/wp\/v2\/categories?post=3281"},{"taxonomy":"post_tag","embeddable":true,"href":"https:\/\/cdes.org.ec\/webantigua\/wp-json\/wp\/v2\/tags?post=3281"}],"curies":[{"name":"wp","href":"https:\/\/api.w.org\/{rel}","templated":true}]}}