{"id":3306,"date":"2016-04-15T18:21:50","date_gmt":"2016-04-15T18:21:50","guid":{"rendered":"https:\/\/cdes.org.ec\/webantigua\/?p=3306"},"modified":"2021-04-22T15:28:00","modified_gmt":"2021-04-22T15:28:00","slug":"el-desempleo-y-subempleo-crece-significativamente-1-9-y-3-7-en-encuesta-de-marzo","status":"publish","type":"post","link":"https:\/\/cdes.org.ec\/webantigua\/el-desempleo-y-subempleo-crece-significativamente-1-9-y-3-7-en-encuesta-de-marzo\/","title":{"rendered":"Crece el desempleo 1.9% y el subempleo 3.7%"},"content":{"rendered":"<h1>Crece el desempleo 1.9% y el subempleo 3.7%<\/h1>\n<p style=\"text-align: right;\"><strong>Por CDES\u00a0<a href=\"#_ftn1\" name=\"_ftnref1\">[1]<\/a><\/strong><\/p>\n<p>El INEC acaba de publicar, este 15 de abril, los \u00faltimo indicadores laborales. Seg\u00fan la <a href=\"http:\/\/www.ecuadorencifras.gob.ec\/documentos\/web-inec\/EMPLEO\/2016\/Marzo-2016\/Presentacion%20Empleo_0316.pdf\">Encuesta Nacional de Empleo, Desempleo y Subempleo<\/a>, el sector laboral se precariz\u00f3 en relaci\u00f3n a a\u00f1os anteriores. El desempleo es el m\u00e1s alto desde el 2009, mientras el nivel de subempleo es el m\u00e1s elevado desde 2007.<\/p>\n<p><strong>El desempleo se increment\u00f3 1.9%<\/strong> desde marzo del 2015 hasta marzo de este a\u00f1o. Esto quiere decir que <strong>existen 166\u00a0mil personas que se convirtieron en nuevos\u00a0desempleados\u00a0<\/strong>a nivel nacional.<\/p>\n<p><a href=\"https:\/\/cdes.org.ec\/webantigua\/wp-content\/uploads\/2016\/04\/DesempleoMarzo.png\"><img decoding=\"async\" class=\"wp-image-3308 aligncenter\" src=\"https:\/\/cdes.org.ec\/webantigua\/wp-content\/uploads\/2016\/04\/DesempleoMarzo-300x181.png\" alt=\"DesempleoMarzo\" width=\"550\" height=\"332\" srcset=\"https:\/\/cdes.org.ec\/webantigua\/wp-content\/uploads\/2016\/04\/DesempleoMarzo-200x121.png 200w, https:\/\/cdes.org.ec\/webantigua\/wp-content\/uploads\/2016\/04\/DesempleoMarzo-300x181.png 300w, https:\/\/cdes.org.ec\/webantigua\/wp-content\/uploads\/2016\/04\/DesempleoMarzo-400x241.png 400w, https:\/\/cdes.org.ec\/webantigua\/wp-content\/uploads\/2016\/04\/DesempleoMarzo-600x362.png 600w, https:\/\/cdes.org.ec\/webantigua\/wp-content\/uploads\/2016\/04\/DesempleoMarzo-768x463.png 768w, https:\/\/cdes.org.ec\/webantigua\/wp-content\/uploads\/2016\/04\/DesempleoMarzo-800x482.png 800w, https:\/\/cdes.org.ec\/webantigua\/wp-content\/uploads\/2016\/04\/DesempleoMarzo.png 912w\" sizes=\"(max-width: 550px) 100vw, 550px\" \/><\/a><\/p>\n<p style=\"text-align: center;\"><strong><span style=\"font-size: 8pt;\">Fuente:\u00a0INEC, 15 de marzo del 2016<\/span><\/strong><\/p>\n<table style=\"height: 267px;\" width=\"726\">\n<tbody>\n<tr>\n<td width=\"133\"><\/td>\n<td colspan=\"2\" width=\"198\">\n<pre><strong>Nacional<\/strong><\/pre>\n<\/td>\n<\/tr>\n<tr>\n<td width=\"133\"><\/td>\n<td width=\"99\">\n<pre><strong>Desempleados<\/strong><\/pre>\n<\/td>\n<td width=\"99\">\n<pre><strong>Subempleadas<\/strong><\/pre>\n<\/td>\n<\/tr>\n<tr>\n<td width=\"133\">\n<pre>15 marzo de 2015<\/pre>\n<\/td>\n<td width=\"99\">\n<pre>282.967<\/pre>\n<\/td>\n<td width=\"99\">\n<pre>985.698<\/pre>\n<\/td>\n<\/tr>\n<tr>\n<td width=\"133\">\n<pre>16 de marzo de 2016<\/pre>\n<\/td>\n<td width=\"99\">\n<pre>448.990<\/pre>\n<\/td>\n<td width=\"99\">\n<pre>1.348.231<\/pre>\n<\/td>\n<\/tr>\n<tr>\n<td width=\"133\">\n<pre><strong>Nuevas personas<\/strong><\/pre>\n<\/td>\n<td width=\"99\">\n<pre><strong>166.023<\/strong><\/pre>\n<\/td>\n<td width=\"99\">\n<pre><strong>362.533<\/strong><\/pre>\n<\/td>\n<\/tr>\n<\/tbody>\n<\/table>\n<p style=\"text-align: center;\"><span style=\"font-size: 8pt;\"><strong>Fuente: Elaboraci\u00f3n CDES con datos de\u00a0INEC, 15 de marzo del 2016<\/strong><\/span><\/p>\n<p>El subempleo se increment\u00f3 3.7%, esto representa a\u00a0<strong>m\u00e1s de 362 mil personas convertidas en nuevos subempleados <\/strong> desde marzo del 2015 a marzo del 2016. Estas son las personas que percibieron ingresos inferiores al salario m\u00ednimo y\/o trabajaron menos de una jornada completa, deseando trabajar horas adicionales.<\/p>\n<p><img decoding=\"async\" class=\"wp-image-3307 aligncenter\" src=\"https:\/\/cdes.org.ec\/webantigua\/wp-content\/uploads\/2016\/04\/SubempleoMarzo-300x190.png\" alt=\"SubempleoMarzo\" width=\"554\" height=\"351\" srcset=\"https:\/\/cdes.org.ec\/webantigua\/wp-content\/uploads\/2016\/04\/SubempleoMarzo-200x127.png 200w, https:\/\/cdes.org.ec\/webantigua\/wp-content\/uploads\/2016\/04\/SubempleoMarzo-300x190.png 300w, https:\/\/cdes.org.ec\/webantigua\/wp-content\/uploads\/2016\/04\/SubempleoMarzo-320x202.png 320w, https:\/\/cdes.org.ec\/webantigua\/wp-content\/uploads\/2016\/04\/SubempleoMarzo-400x254.png 400w, https:\/\/cdes.org.ec\/webantigua\/wp-content\/uploads\/2016\/04\/SubempleoMarzo-600x380.png 600w, https:\/\/cdes.org.ec\/webantigua\/wp-content\/uploads\/2016\/04\/SubempleoMarzo-768x487.png 768w, https:\/\/cdes.org.ec\/webantigua\/wp-content\/uploads\/2016\/04\/SubempleoMarzo-800x507.png 800w, https:\/\/cdes.org.ec\/webantigua\/wp-content\/uploads\/2016\/04\/SubempleoMarzo.png 915w\" sizes=\"(max-width: 554px) 100vw, 554px\" \/><\/p>\n<p style=\"text-align: center;\"><strong><span style=\"font-size: 8pt;\">Fuente:\u00a0INEC, 15 de marzo del 2016<\/span><\/strong><\/p>\n<p style=\"text-align: left;\">El desempleo <strong>urbano<\/strong> creci\u00f3 2.5%, el mayor nivel desde 2010.<\/p>\n<p style=\"text-align: left;\"><img decoding=\"async\" class=\"wp-image-3309 aligncenter\" src=\"https:\/\/cdes.org.ec\/webantigua\/wp-content\/uploads\/2016\/04\/UrbanoMarzo-300x182.png\" alt=\"UrbanoMarzo\" width=\"532\" height=\"323\" srcset=\"https:\/\/cdes.org.ec\/webantigua\/wp-content\/uploads\/2016\/04\/UrbanoMarzo-200x121.png 200w, https:\/\/cdes.org.ec\/webantigua\/wp-content\/uploads\/2016\/04\/UrbanoMarzo-300x182.png 300w, https:\/\/cdes.org.ec\/webantigua\/wp-content\/uploads\/2016\/04\/UrbanoMarzo-400x243.png 400w, https:\/\/cdes.org.ec\/webantigua\/wp-content\/uploads\/2016\/04\/UrbanoMarzo-600x364.png 600w, https:\/\/cdes.org.ec\/webantigua\/wp-content\/uploads\/2016\/04\/UrbanoMarzo-768x466.png 768w, https:\/\/cdes.org.ec\/webantigua\/wp-content\/uploads\/2016\/04\/UrbanoMarzo-800x486.png 800w, https:\/\/cdes.org.ec\/webantigua\/wp-content\/uploads\/2016\/04\/UrbanoMarzo.png 904w\" sizes=\"(max-width: 532px) 100vw, 532px\" \/><\/p>\n<p style=\"text-align: center;\"><strong><span style=\"font-size: 8pt;\">Fuente:\u00a0INEC, 15 de marzo del 2016<\/span><\/strong><\/p>\n<table style=\"height: 162px;\" width=\"723\">\n<tbody>\n<tr>\n<td width=\"133\"><\/td>\n<td colspan=\"2\" width=\"198\">\n<pre><strong>Urbano<\/strong><\/pre>\n<\/td>\n<\/tr>\n<tr>\n<td width=\"133\"><\/td>\n<td width=\"99\">\n<pre><strong>Desempleados<\/strong><\/pre>\n<\/td>\n<td width=\"99\">\n<pre><strong>Subempleadas<\/strong><\/pre>\n<\/td>\n<\/tr>\n<tr>\n<td width=\"133\">\n<pre>15 marzo de 2015<\/pre>\n<\/td>\n<td width=\"99\">\n<pre>235.467<\/pre>\n<\/td>\n<td width=\"99\">\n<pre>578.399<\/pre>\n<\/td>\n<\/tr>\n<tr>\n<td width=\"133\">\n<pre>16 de marzo de 2016<\/pre>\n<\/td>\n<td width=\"99\">\n<pre>387.524<\/pre>\n<\/td>\n<td width=\"99\">\n<pre>902.334<\/pre>\n<\/td>\n<\/tr>\n<tr>\n<td width=\"133\">\n<pre><strong>Nuevas personas<\/strong><\/pre>\n<\/td>\n<td width=\"99\">\n<pre><strong>152.057<\/strong><\/pre>\n<\/td>\n<td width=\"99\">\n<pre><strong>323.935<\/strong><\/pre>\n<\/td>\n<\/tr>\n<\/tbody>\n<\/table>\n<p style=\"text-align: center;\"><span style=\"font-size: 8pt;\"><strong>Fuente: Elaboraci\u00f3n CDES con datos de\u00a0INEC, 15 de marzo del 2016<\/strong><\/span><\/p>\n<p>Todas las principales ciudades del pa\u00eds mostraron un aumento del desempleo urbano: Quito, Guayaquil, Cuenca, Machala y Ambato.<\/p>\n<p><img decoding=\"async\" class=\"wp-image-3310 aligncenter\" src=\"https:\/\/cdes.org.ec\/webantigua\/wp-content\/uploads\/2016\/04\/Ciudades-300x159.png\" alt=\"Ciudades\" width=\"560\" height=\"297\" srcset=\"https:\/\/cdes.org.ec\/webantigua\/wp-content\/uploads\/2016\/04\/Ciudades-200x106.png 200w, https:\/\/cdes.org.ec\/webantigua\/wp-content\/uploads\/2016\/04\/Ciudades-300x159.png 300w, https:\/\/cdes.org.ec\/webantigua\/wp-content\/uploads\/2016\/04\/Ciudades-400x212.png 400w, https:\/\/cdes.org.ec\/webantigua\/wp-content\/uploads\/2016\/04\/Ciudades-600x317.png 600w, https:\/\/cdes.org.ec\/webantigua\/wp-content\/uploads\/2016\/04\/Ciudades-768x406.png 768w, https:\/\/cdes.org.ec\/webantigua\/wp-content\/uploads\/2016\/04\/Ciudades-800x423.png 800w, https:\/\/cdes.org.ec\/webantigua\/wp-content\/uploads\/2016\/04\/Ciudades.png 911w\" sizes=\"(max-width: 560px) 100vw, 560px\" \/><\/p>\n<p style=\"text-align: center;\"><strong><span style=\"font-size: 8pt;\">Fuente:\u00a0INEC, 15 de marzo del 2016<\/span><\/strong><\/p>\n<p>En el sector <strong>rural<\/strong> el desempleo se increment\u00f3 0.5%, nivel que no es estad\u00edsticamente significativo. Sin embargo, la Encuesta estima que existen 13.965 nuevos desempleados y 38.598 nuevos subempleados en el sector rural, entre marzo del 2015 y marzo del 2016.<\/p>\n<p><img decoding=\"async\" class=\"wp-image-3311 aligncenter\" src=\"https:\/\/cdes.org.ec\/webantigua\/wp-content\/uploads\/2016\/04\/rural-300x178.png\" alt=\"rural\" width=\"553\" height=\"328\" srcset=\"https:\/\/cdes.org.ec\/webantigua\/wp-content\/uploads\/2016\/04\/rural-200x119.png 200w, https:\/\/cdes.org.ec\/webantigua\/wp-content\/uploads\/2016\/04\/rural-300x178.png 300w, https:\/\/cdes.org.ec\/webantigua\/wp-content\/uploads\/2016\/04\/rural-400x237.png 400w, https:\/\/cdes.org.ec\/webantigua\/wp-content\/uploads\/2016\/04\/rural-600x356.png 600w, https:\/\/cdes.org.ec\/webantigua\/wp-content\/uploads\/2016\/04\/rural-768x455.png 768w, https:\/\/cdes.org.ec\/webantigua\/wp-content\/uploads\/2016\/04\/rural-800x474.png 800w, https:\/\/cdes.org.ec\/webantigua\/wp-content\/uploads\/2016\/04\/rural.png 914w\" sizes=\"(max-width: 553px) 100vw, 553px\" \/><\/p>\n<p style=\"text-align: center;\"><strong><span style=\"font-size: 8pt;\">Fuente:\u00a0INEC, 15 de marzo del 2016<\/span><\/strong><\/p>\n<table style=\"height: 224px;\" width=\"723\">\n<tbody>\n<tr>\n<td width=\"133\"><\/td>\n<td colspan=\"2\" width=\"198\">\n<pre><strong>Rural<\/strong><\/pre>\n<\/td>\n<\/tr>\n<tr>\n<td width=\"133\"><\/td>\n<td width=\"99\">\n<pre><strong>Desempleados<\/strong><\/pre>\n<\/td>\n<td width=\"99\">\n<pre><strong>Subempleadas<\/strong><\/pre>\n<\/td>\n<\/tr>\n<tr>\n<td width=\"133\">\n<pre>15 marzo de 2015<\/pre>\n<\/td>\n<td width=\"99\">\n<pre>47.501<\/pre>\n<\/td>\n<td width=\"99\">\n<pre>407.299<\/pre>\n<\/td>\n<\/tr>\n<tr>\n<td width=\"133\">\n<pre>16 de marzo de 2016<\/pre>\n<\/td>\n<td width=\"99\">\n<pre>61.466<\/pre>\n<\/td>\n<td width=\"99\">\n<pre>445.897<\/pre>\n<\/td>\n<\/tr>\n<tr>\n<td width=\"133\">\n<pre><strong>Nuevas personas<\/strong><\/pre>\n<\/td>\n<td width=\"99\">\n<pre><strong>13.965<\/strong><\/pre>\n<\/td>\n<td width=\"99\">\n<pre><strong>38.598<\/strong><\/pre>\n<\/td>\n<\/tr>\n<\/tbody>\n<\/table>\n<p style=\"text-align: center;\"><span style=\"font-size: 8pt;\"><strong>Fuente: Elaboraci\u00f3n CDES con datos de\u00a0INEC, 15 de marzo del 2016<\/strong><\/span><\/p>\n<p>El INEC adem\u00e1s <a href=\"http:\/\/www.ecuadorencifras.gob.ec\/inec-publica-cifras-de-mercado-laboral\/\">inform\u00f3 en su p\u00e1gina web<\/a> que \u00ab<em>el pa\u00eds registr\u00f3 un incremento de la tasa global de participaci\u00f3n laboral. A marzo de 2016, se ubic\u00f3 en 68,6%; lo que quiere decir que existen m\u00e1s personas ingresando al mercado laboral o una mayor oferta laboral.<\/em>\u00bb Esto significa que existe un mayor n\u00famero de personas dispuestas a trabajar\u00a0a pesar de que se han deteriorado las condiciones para encontrar un empleo adecuado y a pesar del incremento significativo del desempleo y subempleo.<\/p>\n<p><a href=\"#_ftnref1\" name=\"_ftn1\">[1]<\/a>\u00a0Elaborado por Pablo Iturralde para\u00a0<a href=\"https:\/\/cdes.org.ec\/webantigua\/\">www.cdes.org.ec<\/a>, con el auspicio de la<a href=\"http:\/\/www.11.be\/\">\u00a0Coalici\u00f3n Flamenca para la Cooperaci\u00f3n Norte-Sur-11.11.11<\/a>.    \t<\/p>\n","protected":false},"excerpt":{"rendered":"<p>Crece el desempleo 1.9% y el subempleo 3.7% Por CDES\u00a0[1] [&hellip;]<\/p>\n","protected":false},"author":1,"featured_media":3308,"comment_status":"open","ping_status":"open","sticky":false,"template":"","format":"standard","meta":{"_siteseo_robots_primary_cat":"","_joinchat":[],"footnotes":""},"categories":[5],"tags":[24],"class_list":["post-3306","post","type-post","status-publish","format-standard","has-post-thumbnail","hentry","category-informes","tag-laboral"],"_links":{"self":[{"href":"https:\/\/cdes.org.ec\/webantigua\/wp-json\/wp\/v2\/posts\/3306","targetHints":{"allow":["GET"]}}],"collection":[{"href":"https:\/\/cdes.org.ec\/webantigua\/wp-json\/wp\/v2\/posts"}],"about":[{"href":"https:\/\/cdes.org.ec\/webantigua\/wp-json\/wp\/v2\/types\/post"}],"author":[{"embeddable":true,"href":"https:\/\/cdes.org.ec\/webantigua\/wp-json\/wp\/v2\/users\/1"}],"replies":[{"embeddable":true,"href":"https:\/\/cdes.org.ec\/webantigua\/wp-json\/wp\/v2\/comments?post=3306"}],"version-history":[{"count":1,"href":"https:\/\/cdes.org.ec\/webantigua\/wp-json\/wp\/v2\/posts\/3306\/revisions"}],"predecessor-version":[{"id":7154,"href":"https:\/\/cdes.org.ec\/webantigua\/wp-json\/wp\/v2\/posts\/3306\/revisions\/7154"}],"wp:featuredmedia":[{"embeddable":true,"href":"https:\/\/cdes.org.ec\/webantigua\/wp-json\/wp\/v2\/media\/3308"}],"wp:attachment":[{"href":"https:\/\/cdes.org.ec\/webantigua\/wp-json\/wp\/v2\/media?parent=3306"}],"wp:term":[{"taxonomy":"category","embeddable":true,"href":"https:\/\/cdes.org.ec\/webantigua\/wp-json\/wp\/v2\/categories?post=3306"},{"taxonomy":"post_tag","embeddable":true,"href":"https:\/\/cdes.org.ec\/webantigua\/wp-json\/wp\/v2\/tags?post=3306"}],"curies":[{"name":"wp","href":"https:\/\/api.w.org\/{rel}","templated":true}]}}