{"id":3341,"date":"2016-04-22T16:33:06","date_gmt":"2016-04-22T16:33:06","guid":{"rendered":"https:\/\/cdes.org.ec\/webantigua\/?p=3341"},"modified":"2021-03-30T14:25:16","modified_gmt":"2021-03-30T14:25:16","slug":"dia-internacional-de-la-madre-tierra","status":"publish","type":"post","link":"https:\/\/cdes.org.ec\/webantigua\/dia-internacional-de-la-madre-tierra\/","title":{"rendered":"D\u00eda Internacional de la Madre Tierra"},"content":{"rendered":"<h3>Foro Panamaz\u00f3nico llama a escuchar el bosque en D\u00eda de la Tierra y a\u00f1o del \u00e1rbol<\/h3>\n<div class=\"gmail_quote\">\n<div dir=\"ltr\">\n<div><\/div>\n<div><img decoding=\"async\" class=\"CToWUd a6T\" tabindex=\"0\" src=\"https:\/\/mail.google.com\/mail\/u\/0\/?ui=2&amp;ik=70242a22de&amp;view=fimg&amp;th=1543e3b07ed24e14&amp;attid=0.0.1&amp;disp=emb&amp;realattid=ii_inbrt64f0_1543e38b7619756a&amp;attbid=ANGjdJ-nUB3UAq_aHyKRHNvX2JvK5J6gzMPQ7XBZR8WZ_iJs6iKdOH2GAJUQENm9ZTJ3g_fmPY3sH6W--O--DgTXP9_ANB6KFpL-yRPo6EAzr0v7fOnZnsF2Q5WN6UI&amp;sz=w1236-h824&amp;ats=1461360053649&amp;rm=1543e3b07ed24e14&amp;zw&amp;atsh=1\" width=\"618\" height=\"412\" \/><\/div>\n<div><\/div>\n<div>\n<h3 style=\"text-align: justify;\">Foro Social Panamaz\u00f3nico convoc\u00f3 a escuchar el llamado del bosque amaz\u00f3nico en D\u00eda de la Madre Tierra, firma del Acuerdo de Par\u00eds y a\u00f1o del \u00e1rbol<\/h3>\n<p style=\"text-align: justify;\"><em><strong>\u201cConvocamos a escuchar el llamado urgente del bosque y convertir el FSPA en un espacio crucial para la de defensa de la vida\u201d<\/strong><\/em><\/p>\n<p style=\"text-align: justify;\">Hoy 22 de abril, el\u00a0<a href=\"http:\/\/www.un.org\/es\/events\/motherearthday\/background.shtml\" target=\"_blank\" rel=\"noopener\">D\u00eda Internacional de la Madre Tierra<\/a>\u00a0coincide con el de la firma del\u00a0<a href=\"http:\/\/www.un.org\/sustainabledevelopment\/es\/combatir-el-cambio-climatico\/\" target=\"_blank\" rel=\"noopener\">Acuerdo de Par\u00eds sobre el cambio clim\u00e1tico<\/a>, en el que se han comprometido formalmente 196 Estados. Adicionalmente, la entidades pioneras en promover este d\u00eda se han propuesto\u00a0<a href=\"http:\/\/www.sinembargo.mx\/22-04-2016\/1651281\" target=\"_blank\" rel=\"noopener\">este a\u00f1o 2016 como el a\u00f1o del \u00c1rbol<\/a>, con\u00a0el objetivo de plantar, en los siguientes cinco a\u00f1os,\u00a07,8 millones de \u00e1rboles. La raz\u00f3n es muy sencilla y fundamental: los \u00e1rboles son un pilar fundamental de la vida, que mitigan el cambio clim\u00e1tico, limpian nuestro aire y permiten la no extinci\u00f3n de especies animales.<\/p>\n<p style=\"text-align: justify;\">En ese contexto,\u00a0<a href=\"http:\/\/www.forosocialpanamazonico.com\/\" target=\"_blank\" rel=\"noopener\">el VIII Foro Social Panamaz\u00f3nico (FSPA)<\/a>, a realizarse en abril de 2017 en Tarapoto, Per\u00fa, consider\u00f3 este d\u00eda una ocasi\u00f3n privilegiada y convoc\u00f3 p\u00fablicamente a los pueblos del mundo para \u201cescuchar el llamado del bosque amaz\u00f3nico\u201d y preservar la que es, precisamente, una de las mayores reservas de \u00e1rboles del mundo.<\/p>\n<p style=\"text-align: justify;\">El lema central del Foro es \u201cVamos al llamado del bosque\u201d y no es casual, as\u00ed lo explica un miembro de su Comit\u00e9 Internacional, que agrupa a diversas organizaciones de ind\u00edgenas, mujeres, comunicadores y ambientalistas:\u00a0<em>\u201cLa Amazon\u00eda tiene el bosque tropical m\u00e1s grande del mundo, 5 millones y medio de kil\u00f3metros cuadrados, que son el 60% de todos los que cuenta el planeta Tierra. Sin embargo, el af\u00e1n desmedido de lucro, el ego\u00edsmo y la indiferencia ya han destruido el 20% de ese tesoro irreparable de la humanidad toda,\u00a0<strong>por eso convocamos a escuchar el llamado urgente del bosque y convertir el FSPA en un espacio crucial para la de defensa de la vida<\/strong>\u201c<\/em>.<\/p>\n<p style=\"text-align: justify;\">El Acuerdo de Par\u00eds, que se firma hoy D\u00eda de la Tierra, y la lucha para enfrentar el cambio clim\u00e1tico ser\u00e1 tambi\u00e9n un tema fundamental en el Foro. \u201cCambio clim\u00e1tico es una de los\u00a0<a href=\"http:\/\/www.forosocialpanamazonico.com\/grupos-sectoriales\/\" target=\"_blank\" rel=\"noopener\">Grupos sectoriales<\/a>\u00a0del Foro Panamaz\u00f3nico, liderado el por el\u00a0<a href=\"https:\/\/www.facebook.com\/MOCICCPeru\/?fref=ts\" target=\"_blank\" rel=\"noopener\">MOCICC<\/a>, puesto que sabemos que no hay siquiera ninguna posibilidad de un futuro sustentable y feliz para nuestra especie, sin la preservaci\u00f3n de la Amazon\u00eda\u201d, concluy\u00f3 el vocero.<\/p>\n<p>Pr\u00f3ximas actividades del FSPA:<\/p>\n<ul>\n<li>20 al 22 DE JUNIO DE 2016: Conformaci\u00f3n del Comit\u00e9 local ampliado y validaci\u00f3n de propuestas program\u00e1tica metodol\u00f3gica del Foro, en Tarapoto.<\/li>\n<li>28 al 30 DE OCTUBRE DE 2016:\u00a0<a href=\"http:\/\/www.forosocialpanamazonico.com\/pre-foros-nacionales\/\" target=\"_blank\" rel=\"noopener\">(Pre) Foros Nacionales en pa\u00edses amaz\u00f3nicos<\/a><\/li>\n<\/ul>\n<p>&nbsp;<\/p>\n<\/div>\n<\/div>\n<\/div>\n<p><strong>Fuente:<\/strong>\u00a0<a href=\"http:\/\/bit.ly\/1VHV41Q\">Foro Social Panamaz\u00f3nico<\/a><\/p>\n<p>Escucha <b><a href=\"http:\/\/www.forosocialpanamazonico.com\/red-de-radios\/cancion-por-el-dia-de-la-tierra-desde-el-golpeado-ecuador\/\">Tamborito de la Tierra<\/a>,\u00a0<\/b>la canci\u00f3n por el dia de la tierra,\u00a0producida \u00edntegramente por la\u00a0emisora socia de ALER, Radio Veraguas de Panam\u00e1.    \t<\/p>\n","protected":false},"excerpt":{"rendered":"<p>Foro Panamaz\u00f3nico llama a escuchar el bosque en D\u00eda de [&hellip;]<\/p>\n","protected":false},"author":1,"featured_media":3356,"comment_status":"open","ping_status":"open","sticky":false,"template":"","format":"standard","meta":{"_siteseo_robots_primary_cat":"","_joinchat":[],"footnotes":""},"categories":[16],"tags":[],"class_list":["post-3341","post","type-post","status-publish","format-standard","has-post-thumbnail","hentry","category-mujeres-indigenas"],"_links":{"self":[{"href":"https:\/\/cdes.org.ec\/webantigua\/wp-json\/wp\/v2\/posts\/3341","targetHints":{"allow":["GET"]}}],"collection":[{"href":"https:\/\/cdes.org.ec\/webantigua\/wp-json\/wp\/v2\/posts"}],"about":[{"href":"https:\/\/cdes.org.ec\/webantigua\/wp-json\/wp\/v2\/types\/post"}],"author":[{"embeddable":true,"href":"https:\/\/cdes.org.ec\/webantigua\/wp-json\/wp\/v2\/users\/1"}],"replies":[{"embeddable":true,"href":"https:\/\/cdes.org.ec\/webantigua\/wp-json\/wp\/v2\/comments?post=3341"}],"version-history":[{"count":1,"href":"https:\/\/cdes.org.ec\/webantigua\/wp-json\/wp\/v2\/posts\/3341\/revisions"}],"predecessor-version":[{"id":7000,"href":"https:\/\/cdes.org.ec\/webantigua\/wp-json\/wp\/v2\/posts\/3341\/revisions\/7000"}],"wp:featuredmedia":[{"embeddable":true,"href":"https:\/\/cdes.org.ec\/webantigua\/wp-json\/wp\/v2\/media\/3356"}],"wp:attachment":[{"href":"https:\/\/cdes.org.ec\/webantigua\/wp-json\/wp\/v2\/media?parent=3341"}],"wp:term":[{"taxonomy":"category","embeddable":true,"href":"https:\/\/cdes.org.ec\/webantigua\/wp-json\/wp\/v2\/categories?post=3341"},{"taxonomy":"post_tag","embeddable":true,"href":"https:\/\/cdes.org.ec\/webantigua\/wp-json\/wp\/v2\/tags?post=3341"}],"curies":[{"name":"wp","href":"https:\/\/api.w.org\/{rel}","templated":true}]}}