{"id":3399,"date":"2016-04-27T16:10:31","date_gmt":"2016-04-27T21:10:31","guid":{"rendered":"https:\/\/cdes.org.ec\/webantigua\/?p=3399"},"modified":"2021-06-08T21:38:51","modified_gmt":"2021-06-08T21:38:51","slug":"3399-2","status":"publish","type":"post","link":"https:\/\/cdes.org.ec\/webantigua\/3399-2\/","title":{"rendered":"\u00bfPor qu\u00e9 no incrementar el IVA?"},"content":{"rendered":"<p><em>Carta enviada a la Asamblea Nacional en la que solicitamos rechazar el incremento del IVA.\u00a0<a href=\"https:\/\/cdes.org.ec\/webantigua\/wp-content\/uploads\/2016\/04\/NO-INCREMENTO-DE-Iva-1-1.pdf\">Carta para descargar<\/a>.<\/em><\/p>\n<h1><strong><span style=\"color: #ff0000;\">Es urgente la compensaci\u00f3n solidaria, pero hay que hacerlo sin incremento del IVA<\/span><\/strong><\/h1>\n<p>Se requieren urgentes medidas fiscales solidarias para resarcir la crisis humanitaria que ha dejado el terremoto del 16 de abril. Pero estos esfuerzos de ayuda y reconstrucci\u00f3n solamente se pueden realizar con <strong>justicia social<\/strong> sostenida por la <strong>progresividad<\/strong> del r\u00e9gimen fiscal.<\/p>\n<p>El ejecutivo env\u00edo la propuesta \u201c<a href=\"http:\/\/ppless.asambleanacional.gob.ec\/alfresco\/d\/d\/workspace\/SpacesStore\/dab8845c-5254-4936-954f-d56a9572c523\/Proyecto%20de%20Ley%20Solidaria%20y%20de%20Corresponsabilidad%20Ciudadana%20por%20las%20Afectaciones%20del%20Terremoto%20Tr.%20246241.pdf\">Ley Solidaria y de Corresponsabilidad Jur\u00eddica por las Afectaciones del Terremoto<\/a>\u201d que propone tres cap\u00edtulos con tres medidas fiscales progresivas y una transitoria <strong>regresiva<\/strong> que establece el incremento del IVA del 12 al 14%, siendo este un impuesto indirecto. En esta carta queremos argumentar por qu\u00e9 no debe ser aprobada por la Asamblea Nacional la transitoria.<\/p>\n<p>La Constituci\u00f3n de la Rep\u00fablica en su art\u00edculo 300, enuncia que el r\u00e9gimen tributario \u201c<em>se regir\u00e1 por los principios de generalidad,\u00a0<strong><u>progresividad<\/u><\/strong>, eficiencia, simplicidad administrativa, irretroactividad, equidad, transparencia y suficiencia recaudatoria<\/em>\u201d. Adem\u00e1s, la propia norma establece que \u201c<strong><em><u>priorizar\u00e1n los impuestos directos y progresivos<\/u><\/em><\/strong><strong><em><u>.\u201d<\/u><\/em><\/strong> (Subrayado nuestro).<\/p>\n<p>La doctrina econ\u00f3mica reconoce que el IVA es un impuesto indirecto; es decir, un tributo que se impone sobre los bienes y servicios de consumo sin distinguir el nivel de ingresos o riqueza del consumidor. Adem\u00e1s, diferentes estudios sostienen que el IVA es tambi\u00e9n <strong>regresivo<\/strong> porque consigue que las personas con menores ingresos tributen m\u00e1s en relaci\u00f3n a sus ingresos, tal como lo explica la CEPAL: \u201c<strong><em>El an\u00e1lisis de equidad vertical del IVA muestra que, si se usa el ingreso como medida de bienestar, el impuesto es regresivo en los tres pa\u00edses<\/em> (Ecuador, Paraguay y Guatemala)<\/strong>\u201d<a href=\"#_ftn1\" name=\"_ftnref1\">[1]<\/a>. Asimismo, lo reconocen estudios prestigiosos como los de Thomas Piketty<a href=\"#_ftn2\" name=\"_ftnref2\">[2]<\/a>. Incluso organismos como el Banco Interamericano de Desarrollo BID, que apoyaron las recomendaciones de incrementar el IVA durante los noventa -con las cartas de intenci\u00f3n neoliberal-, hoy reconocen la naturaleza regresiva del IVA<a href=\"#_ftn3\" name=\"_ftnref3\">[3]<\/a>.<\/p>\n<p>El IVA es regresivo porque las familias de menor ingreso, deben destinar una parte <strong>mayor<\/strong> de sus ingresos a la adquisici\u00f3n de bienes y servicios de consumo, mientras que las familias con mayores ingresos pueden ahorrar y acumular riqueza, destinando una parte <strong>menor<\/strong> de sus ingresos al consumo y, por ende, al pago del IVA.<\/p>\n<p>El Ministro Coordinador de la Pol\u00edtica Econ\u00f3mica, Patricio Rivera, al intentar demostrar la neutralidad del incremento, trajo el siguiente ejemplo: \u201c<a href=\"http:\/\/www.ecuadorinmediato.com\/index.php?module=Noticias&amp;func=news_user_view&amp;id=2818800702\"><em>una persona que se compra una ropa que cuesta U.S. 110<\/em><em>, hoy esa persona paga UD$ 110 por la ropa, USD$ 13.20 por IVA, con los dos puntos de sobretasa, estar\u00eda contribuyendo U<\/em><em>SD$ 2.20adicionales, USD$ 15.40<\/em><\/a>\u201d<a href=\"#_ftn4\" name=\"_ftnref4\">[4]<\/a> para probar que el incremento de dos puntos del IVA, le har\u00eda pagar solamente 2.20 adicionales por esa \u201cropa\u201d. Pero ese ejemplo no muestra la <em>regresividad <\/em>del impuesto.<\/p>\n<p>Para ilustrar la regresividad del IVA, pongamos el mismo ejemplo en otros t\u00e9rminos: comparemos una familia, con ingresos mensuales de USD$ 4.000, que gasta USD$ 110 al mes en vestimenta; mientras que otra familia con el salario b\u00e1sico, equivalente a USD$ 366, gasta en vestimenta los mismos U.S. 110; en el ejemplo, ambas familias pagar\u00edan U.S. 15.40 por el 14% del IVA; pero mientras la primera familia destin\u00f3 el 3% de sus ingresos en vestimenta, en cambio la segunda familia destin\u00f3 el 30% al mismo objetivo. Asimismo,<strong> la familia m\u00e1s pobre pag\u00f3, en relaci\u00f3n a sus ingresos, 10 veces m\u00e1s IVA que la familia m\u00e1s rica<\/strong>, en relaci\u00f3n a sus ingresos.<\/p>\n<p>En conclusi\u00f3n, el incremento del IVA contraviene la naturaleza de los principios que inspiraron la Constituci\u00f3n de Montecristi, porque:<\/p>\n<ul>\n<li><strong><u>El IVA es un impuesto indirecto<\/u><\/strong>, en tanto\u00a0no se lo cobra directamente a quien paga por \u00e9l (consumidores), sino a quien lo percibe\u00a0(el vendedor del bien o proveedor de servicios gravados) al momento de realizar la transacci\u00f3n comercial.<\/li>\n<\/ul>\n<ul>\n<li><strong><u>El\u00a0IVA es adem\u00e1s un impuesto regresivo<\/u><\/strong>, debido a que\u00a0exige un mayor esfuerzo contributivo a quienes tienen una menor capacidad tributaria. Se paga una al\u00edcuota igual sin considerar su ingreso, o el decil econ\u00f3mico al que pertenezca, siendo los pobres los que destinan una mayor parte de sus ingresos al pago de este impuesto.<\/li>\n<\/ul>\n<p>Es deber de la Asamblea Nacional, en uso de sus atribuciones constitucionales, argumentar en el tr\u00e1mite de aprobaci\u00f3n o modificaci\u00f3n de este proyecto, que <strong>el incremento de la tarifa de IVA de 12 al 14% es incompatible con las normas constitucionales y principios tributarios.<\/strong><\/p>\n<p>Por estas motivaciones, se\u00f1ores asamble\u00edstas, solicitamos no aprobar la disposici\u00f3n transitoria que incrementa el Impuesto al Valor Agregado en dos puntos porcentuales.<\/p>\n<p>Est\u00e1 en sus manos no aumentar la carga tributaria a los sectores de la poblaci\u00f3n m\u00e1s vulnerables, ya golpeados por el sismo econ\u00f3mico internacional para el cual el pa\u00eds no estaba preparado.<\/p>\n<p><strong>Pablo Jos\u00e9 Iturralde\u00a0\u00a0\u00a0\u00a0\u00a0\u00a0\u00a0\u00a0\u00a0\u00a0\u00a0\u00a0 <\/strong><\/p>\n<p><strong><em>Director<\/em><\/strong><\/p>\n<p><strong><em>Centro de Derechos Econ\u00f3micos y Sociales<\/em><\/strong><\/p>\n<p><a href=\"#_ftnref1\" name=\"_ftn1\"><strong>[1]<\/strong><\/a> CEPAL, \u201c<a href=\"http:\/\/www.cepal.org\/es\/publicaciones\/5345-evaluando-la-equidad-vertical-y-horizontal-en-el-impuesto-al-valor-agregado-y-el\">Evaluando la equidad vertical y horizontal en el impuesto al valor agregado y el impuesto a la renta: el impacto de reformas tributarias potenciales. Los casos del Ecuador, Guatemala y el Paraguay<\/a>\u201d<\/p>\n<p><a href=\"#_ftnref2\" name=\"_ftn2\">[2]<\/a> Piketty, \u201c<a href=\"http:\/\/www.portafolio.co\/economia\/impuestos\/colombia-thomas-piketty-95310\">Poner m\u00e1s impuestos a los ricos no afecta la productividad<\/a>\u201d, 2016,\u00a0 Portafolio, Bogot\u00e1.<\/p>\n<p><a href=\"#_ftnref3\" name=\"_ftn3\">[3]<\/a> BID, Corbacho, Fretes y Cibilis, Lora,\u00a0<a href=\"http:\/\/www.aecid.es\/Centro-Documentacion\/Documentos\/documentos%20adjuntos\/Fiscal%20BID.pdf\">\u201cRecaudar no basta: los impuestos como instrumento de desarrollo\u201d<\/a>, 2016, BID, Washington.<\/p>\n<p><a href=\"#_ftnref4\" name=\"_ftn4\">[4]<\/a> Ecuador Inmediato. \u201cMinistro Rivera: SRI recaudar\u00e1 contribuciones para reconstrucci\u00f3n bajo la misma modalidad que se aplica en Impuesto a la Renta (AUDIO)\u201d. Publicado el 26 de abril de 2016 en su web:\u00a0 <a href=\"http:\/\/www.ecuadorinmediato.com\/index.php?module=Noticias&amp;func=news_user_view&amp;id=2818800702\">http:\/\/www.ecuadorinmediato.com\/index.php?module=Noticias&amp;func=news_user_view&amp;id=2818800702<\/a><\/p>\n<p>&nbsp;<\/p>\n<p><a href=\"https:\/\/cdes.org.ec\/webantigua\/wp-content\/uploads\/2016\/04\/2016-04-27-16.05.57.jpg\"><img decoding=\"async\" class=\"alignnone size-medium wp-image-3404\" src=\"https:\/\/cdes.org.ec\/webantigua\/wp-content\/uploads\/2016\/04\/2016-04-27-16.05.57-300x161.jpg\" alt=\"2016-04-27 16.05.57\" width=\"300\" height=\"161\" srcset=\"https:\/\/cdes.org.ec\/webantigua\/wp-content\/uploads\/2016\/04\/2016-04-27-16.05.57-200x107.jpg 200w, https:\/\/cdes.org.ec\/webantigua\/wp-content\/uploads\/2016\/04\/2016-04-27-16.05.57-300x161.jpg 300w, https:\/\/cdes.org.ec\/webantigua\/wp-content\/uploads\/2016\/04\/2016-04-27-16.05.57-400x215.jpg 400w, https:\/\/cdes.org.ec\/webantigua\/wp-content\/uploads\/2016\/04\/2016-04-27-16.05.57-600x322.jpg 600w, https:\/\/cdes.org.ec\/webantigua\/wp-content\/uploads\/2016\/04\/2016-04-27-16.05.57.jpg 680w\" sizes=\"(max-width: 300px) 100vw, 300px\" \/><\/a>    \t<\/p>\n","protected":false},"excerpt":{"rendered":"<p>Carta enviada a la Asamblea Nacional en la que solicitamos [&hellip;]<\/p>\n","protected":false},"author":1,"featured_media":3404,"comment_status":"open","ping_status":"open","sticky":false,"template":"","format":"standard","meta":{"_siteseo_robots_primary_cat":"","_joinchat":[],"footnotes":""},"categories":[29,9],"tags":[],"class_list":["post-3399","post","type-post","status-publish","format-standard","has-post-thumbnail","hentry","category-investigacion","category-justiciafiscal"],"_links":{"self":[{"href":"https:\/\/cdes.org.ec\/webantigua\/wp-json\/wp\/v2\/posts\/3399","targetHints":{"allow":["GET"]}}],"collection":[{"href":"https:\/\/cdes.org.ec\/webantigua\/wp-json\/wp\/v2\/posts"}],"about":[{"href":"https:\/\/cdes.org.ec\/webantigua\/wp-json\/wp\/v2\/types\/post"}],"author":[{"embeddable":true,"href":"https:\/\/cdes.org.ec\/webantigua\/wp-json\/wp\/v2\/users\/1"}],"replies":[{"embeddable":true,"href":"https:\/\/cdes.org.ec\/webantigua\/wp-json\/wp\/v2\/comments?post=3399"}],"version-history":[{"count":1,"href":"https:\/\/cdes.org.ec\/webantigua\/wp-json\/wp\/v2\/posts\/3399\/revisions"}],"predecessor-version":[{"id":7898,"href":"https:\/\/cdes.org.ec\/webantigua\/wp-json\/wp\/v2\/posts\/3399\/revisions\/7898"}],"wp:featuredmedia":[{"embeddable":true,"href":"https:\/\/cdes.org.ec\/webantigua\/wp-json\/wp\/v2\/media\/3404"}],"wp:attachment":[{"href":"https:\/\/cdes.org.ec\/webantigua\/wp-json\/wp\/v2\/media?parent=3399"}],"wp:term":[{"taxonomy":"category","embeddable":true,"href":"https:\/\/cdes.org.ec\/webantigua\/wp-json\/wp\/v2\/categories?post=3399"},{"taxonomy":"post_tag","embeddable":true,"href":"https:\/\/cdes.org.ec\/webantigua\/wp-json\/wp\/v2\/tags?post=3399"}],"curies":[{"name":"wp","href":"https:\/\/api.w.org\/{rel}","templated":true}]}}