{"id":3521,"date":"2016-05-19T15:09:03","date_gmt":"2016-05-19T20:09:03","guid":{"rendered":"https:\/\/cdes.org.ec\/webantigua\/?p=3521"},"modified":"2021-06-07T19:34:41","modified_gmt":"2021-06-07T19:34:41","slug":"carta-publica-sobre-el-editorial-de-el-comercio-el-valor-de-los-seguros","status":"publish","type":"post","link":"https:\/\/cdes.org.ec\/webantigua\/carta-publica-sobre-el-editorial-de-el-comercio-el-valor-de-los-seguros\/","title":{"rendered":"Carta p\u00fablica sobre el editorial de diario El Comercio:  \u00abEl valor de los seguros\u00bb"},"content":{"rendered":"<h1 style=\"text-align: center;\"><a href=\"https:\/\/cdes.org.ec\/webantigua\/wp-content\/uploads\/2016\/05\/salud.png\"><img decoding=\"async\" class=\"alignnone size-medium wp-image-3524\" src=\"https:\/\/cdes.org.ec\/webantigua\/wp-content\/uploads\/2016\/05\/salud-300x200.png\" alt=\"salud\" width=\"300\" height=\"200\" srcset=\"https:\/\/cdes.org.ec\/webantigua\/wp-content\/uploads\/2016\/05\/salud-200x133.png 200w, https:\/\/cdes.org.ec\/webantigua\/wp-content\/uploads\/2016\/05\/salud-300x200.png 300w, https:\/\/cdes.org.ec\/webantigua\/wp-content\/uploads\/2016\/05\/salud-400x266.png 400w, https:\/\/cdes.org.ec\/webantigua\/wp-content\/uploads\/2016\/05\/salud-600x399.png 600w, https:\/\/cdes.org.ec\/webantigua\/wp-content\/uploads\/2016\/05\/salud.png 700w\" sizes=\"(max-width: 300px) 100vw, 300px\" \/><\/a><\/h1>\n<h1 style=\"text-align: left;\">Carta p\u00fablica sobre el editorial de diario El Comercio: \u00a0El valor de los seguros<\/h1>\n<p style=\"text-align: right;\">Se\u00f1ores<br \/>\nEl Comercio<br \/>\nCiudad.<\/p>\n<p>Estimados se\u00f1ores:<\/p>\n<p>Con preocupaci\u00f3n hemos le\u00eddo el EDITORIAL \u201cEl Valor de los Seguros\u201d publicado el 9 de mayo de 2016, en su diario.<\/p>\n<p>Si bien coincidimos en la necesidad de una cultura de promoci\u00f3n\u00a0de la salud\u00a0y prevenci\u00f3n de accidentes, siniestros, preparaci\u00f3n necesaria para las cat\u00e1strofes; nos sorprende la defensa de los seguros privados para la \u201csalud y la vida\u201d que hace el art\u00edculo, m\u00e1s a\u00fan porque con regularidad hemos le\u00eddo EDITORIALES del diario que son capaces de cuestionar la problem\u00e1tica de la SEGURIDAD SOCIAL que nos afecta a todos y todas:<\/p>\n<p><a href=\"http:\/\/www.elcomercio.com\/opinion\/editorial\/iess-fondos-y-servicios.html\">http:\/\/www.elcomercio.com\/opinion\/editorial\/iess-fondos-y-servicios.html<\/a><u>\u00a0\u00a0<\/u><\/p>\n<p><a href=\"http:\/\/www.elcomercio.com\/opinion\/editorial\/opinion-editorial-iess-biess-pensiones.html\">http:\/\/www.elcomercio.com\/opinion\/editorial\/opinion-editorial-iess-biess-pensiones.html<\/a><\/p>\n<p>Sorprende porque con un Editorial que defiende el seguro privado en salud, se hace caso omiso a la devastaci\u00f3n que causa ese esquema en los Sistemas de Salud del mundo. Es bien conocido que el modelo de seguros en EEUU hace que su Sistema de Salud sea uno de los m\u00e1s caros del mundo y con menor capacidad resolutiva. Tan dram\u00e1tico es el rol de las aseguradoras privadas, que familias enteras quedan en la bancarrota, viviendo en la calle por enfermedades cr\u00f3nicas como el c\u00e1ncer. El film SICKO de Michael Moore evidenci\u00f3 aquello a nivel global. M\u00e1s aun, una investigaci\u00f3n reciente de Kaiser Foundation (<a href=\"http:\/\/kff.org\/report-section\/ehbs-2015-summary-of-findings\/\">http:\/\/kff.org\/report-section\/ehbs-2015-summary-of-findings\/<\/a>) revela que para el 2015 \u201clos trabajadores pagan en promedio $1,318 de gasto de bolsillo antes de que inicie la cobertura de su seguro de salud, mientras que en 2005 esa suma era de $584\u201d. Es m\u00e1s, para 2015 las primas de los Seguros de Salud incrementaron en 24% desde el 2010, los deducibles incrementaron en 67%, mientras que los salarios para los estadounidenses \u00fanicamente crecieron en 10% en el mismo per\u00edodo. La industria de seguros es insostenible en el campo de la salud y lleva a la pauperizaci\u00f3n de quienes menos tienen y de la clase media si la enfermedad es cr\u00f3nica o catastr\u00f3fica.<\/p>\n<p>Tal incidencia pol\u00edtica tiene la empresa de seguros privados en salud, que durante la campa\u00f1a de Reforma en Salud que llev\u00f3 a cabo Hillary Clinton en 1993 cuando fue primera dama y con la promesa de contar con Atenci\u00f3n Universal en Salud para los estadounidenses, la industria de seguros hizo imposible concretar aquello que su vecino Canad\u00e1 tiene durante m\u00e1s de 50 a\u00f1os: un sistema \u00fanico (single payer) financiado por el Estado. Hoy para ser una candidata con posibilidades de ganar la presidencia, Clinton recibe el financiamiento de las empresas de seguros privados \u00a0\u00a0<a href=\"https:\/\/theintercept.com\/2016\/01\/13\/hillary-clinton-single-payer\/\">https:\/\/theintercept.com\/2016\/01\/13\/hillary-clinton-single-payer\/<\/a>\u00a0y no es novedoso tampoco que en Brasil, MIL (una compa\u00f1\u00eda de seguros comprada por una aseguradora de EEUU) haya financiado la campa\u00f1a de 3 gobernadores (inclusive el de Sao Paulo), 3 senadores y otras 29 autoridades locales. Se estima que para la primera campa\u00f1a de Dilma Rouseff (2010) -que defend\u00eda el Sistema \u00danico Universal de salud en Brasil- la industria de seguros\/planes de salud invirti\u00f3 80.000 en la campa\u00f1a de su oponente, mientras que para la campa\u00f1a de 2014 la industria invirti\u00f3 55 millones en Aecio Neves. En este punto, no se trata de la defensa de Dilma Rouseff, pero s\u00ed de alertar sobre la inversi\u00f3n millonaria de la industria de seguros para desmontar un sistema de salud, como el Sistema \u00danico de Brasil, que ha logrado reducci\u00f3n de inequidades.<\/p>\n<p>La industria de seguros no s\u00f3lo es nefasta para las familias, los individuos, las comunidades y los propios sistemas de salud sino que, se ha demostrado, que tambi\u00e9n precariza la condici\u00f3n laboral del personal de salud en general.<\/p>\n<p>Por todo lo antes expuesto llamamos a reconsiderar la promoci\u00f3n de la industria de seguros en el campo de la salud porque estamos conscientes de que lo que se necesita es la suma de voluntades para la defensa de lo p\u00fablico en general en el caso de la salud\u00a0 y de la seguridad social en particular.<\/p>\n<p>&nbsp;<\/p>\n<p>&nbsp;<\/p>\n<p><strong>PLATAFORMA POR LA SALUD Y LA VIDA<\/strong><\/p>\n<p>ALAMES Ecuador (Asociaci\u00f3n Latinoamericana de Medicina Social)<\/p>\n<p>CDES (Centro de Derechos Econ\u00f3micos y Sociales)<\/p>\n<p>Surkuna<\/p>\n<p>CONAIE (Confederaci\u00f3n de Nacionalidades Ind\u00edgenas del Ecuador)<\/p>\n<p>Frente Nacional por la Salud de los Pueblos<\/p>\n<p>Foro Salud P\u00fablica Ecuador<\/p>\n<p>Red de Doulas Ecuador<\/p>\n<p>Plataforma Nacional por los Derechos de las Mujeres<\/p>\n<p>Movimiento Nacional de Mujeres de Sectores Populares Luna Creciente<\/p>\n<p>Mujeres por el Cambio<\/p>\n<p>Colectivo de G\u00e9nero y Acci\u00f3n Pol\u00edtica<\/p>\n<p>OEML (Organizaci\u00f3n Ecuatoriana de Mujeres Lesbianas)<\/p>\n<p>Fuente: <a href=\"https:\/\/lalineadefuego.info\/2016\/05\/17\/carta-publica-sobre-el-editorial-de-el-comercio-el-valor-de-los-seguros\/\">La L\u00ednea de Fuego<\/a>    \t<\/p>\n","protected":false},"excerpt":{"rendered":"<p>Carta p\u00fablica sobre el editorial de diario El Comercio: \u00a0El [&hellip;]<\/p>\n","protected":false},"author":1,"featured_media":3525,"comment_status":"open","ping_status":"open","sticky":false,"template":"","format":"standard","meta":{"_siteseo_robots_primary_cat":"","_joinchat":[],"footnotes":""},"categories":[5,9],"tags":[22],"class_list":["post-3521","post","type-post","status-publish","format-standard","has-post-thumbnail","hentry","category-informes","category-justiciafiscal","tag-salud"],"_links":{"self":[{"href":"https:\/\/cdes.org.ec\/webantigua\/wp-json\/wp\/v2\/posts\/3521","targetHints":{"allow":["GET"]}}],"collection":[{"href":"https:\/\/cdes.org.ec\/webantigua\/wp-json\/wp\/v2\/posts"}],"about":[{"href":"https:\/\/cdes.org.ec\/webantigua\/wp-json\/wp\/v2\/types\/post"}],"author":[{"embeddable":true,"href":"https:\/\/cdes.org.ec\/webantigua\/wp-json\/wp\/v2\/users\/1"}],"replies":[{"embeddable":true,"href":"https:\/\/cdes.org.ec\/webantigua\/wp-json\/wp\/v2\/comments?post=3521"}],"version-history":[{"count":1,"href":"https:\/\/cdes.org.ec\/webantigua\/wp-json\/wp\/v2\/posts\/3521\/revisions"}],"predecessor-version":[{"id":7940,"href":"https:\/\/cdes.org.ec\/webantigua\/wp-json\/wp\/v2\/posts\/3521\/revisions\/7940"}],"wp:featuredmedia":[{"embeddable":true,"href":"https:\/\/cdes.org.ec\/webantigua\/wp-json\/wp\/v2\/media\/3525"}],"wp:attachment":[{"href":"https:\/\/cdes.org.ec\/webantigua\/wp-json\/wp\/v2\/media?parent=3521"}],"wp:term":[{"taxonomy":"category","embeddable":true,"href":"https:\/\/cdes.org.ec\/webantigua\/wp-json\/wp\/v2\/categories?post=3521"},{"taxonomy":"post_tag","embeddable":true,"href":"https:\/\/cdes.org.ec\/webantigua\/wp-json\/wp\/v2\/tags?post=3521"}],"curies":[{"name":"wp","href":"https:\/\/api.w.org\/{rel}","templated":true}]}}