{"id":3531,"date":"2016-05-19T15:34:25","date_gmt":"2016-05-19T15:34:25","guid":{"rendered":"https:\/\/cdes.org.ec\/webantigua\/?p=3531"},"modified":"2021-03-30T14:24:19","modified_gmt":"2021-03-30T14:24:19","slug":"consulta-previa-en-ecuador-no-guardo-apego-estricto-al-mandato-constitucional-e-instrumentos-internacionales","status":"publish","type":"post","link":"https:\/\/cdes.org.ec\/webantigua\/consulta-previa-en-ecuador-no-guardo-apego-estricto-al-mandato-constitucional-e-instrumentos-internacionales\/","title":{"rendered":"Nueva investigaci\u00f3n: Consulta previa en Ecuador"},"content":{"rendered":"<p style=\"text-align: right;\"><span style=\"font-size: 8pt;\">Cr\u00e9ditos de la foto:\u00a0Naku- Caroline Benett. Territorio Sapara. Llanchamacocha-2015\u00a0<\/span><\/p>\n<p><a href=\"https:\/\/cdes.org.ec\/webantigua\/wp-content\/uploads\/2016\/05\/portada.png\"><img decoding=\"async\" class=\"alignnone size-medium wp-image-3589\" src=\"https:\/\/cdes.org.ec\/webantigua\/wp-content\/uploads\/2016\/05\/portada-192x300.png\" alt=\"portada\" width=\"192\" height=\"300\" srcset=\"https:\/\/cdes.org.ec\/webantigua\/wp-content\/uploads\/2016\/05\/portada-192x300.png 192w, https:\/\/cdes.org.ec\/webantigua\/wp-content\/uploads\/2016\/05\/portada-200x312.png 200w, https:\/\/cdes.org.ec\/webantigua\/wp-content\/uploads\/2016\/05\/portada.png 298w\" sizes=\"(max-width: 192px) 100vw, 192px\" \/><\/a><\/p>\n<h1><span style=\"color: #0000ff;\"><a style=\"color: #0000ff;\" href=\"https:\/\/cdes.org.ec\/webantigua\/tag\/in-english\/\">ENGLISH<\/a>\u00a0VERSION:<\/span>\u00a0<a href=\"https:\/\/cdes.org.ec\/webantigua\/new-research-free-prior-and-informed-consultation-in-ecuador\/\">New research: free, prior, and informed consultation in Ecuador<\/a><\/h1>\n<p><strong>Descargar la investigaci\u00f3n completa: <a href=\"https:\/\/cdes.org.ec\/webantigua\/wp-content\/uploads\/2016\/05\/La-consulta-previa-libre-e-informada-en-el-Ecuador-1.pdf\">La consulta previa libre e informada en el Ecuador<\/a><\/strong><\/p>\n<p><strong><em>Estudio advierte que la aplicaci\u00f3n de la Consulta previa en Ecuador no guard\u00f3 apego estricto al mandato constitucional e instrumentos internacionales<\/em><\/strong><\/p>\n<div>\n<p>Partiendo de una l\u00ednea base para identificar si existe o no en Ecuador la consulta previa, libre e informada, un informe promovido por el\u00a0Centro de Derechos Econ\u00f3micos y Sociales \u2013CDES\u2013 confirma que en los casos abordados, las condiciones de su aplicaci\u00f3n no guardan apego estricto al mandato constitucional, como a los convenios, y tratados internacionales que reglan la delicada tem\u00e1tica.<\/p>\n<p>El estudio\u00a0establece que casos emblem\u00e1ticos como el de Tundayme, San Pablo de Amal\u00ed, Sarayaku, dan fe de que el consentimiento ciudadano no fue tomado en cuenta con el debido procedimiento. Contin\u00faa el estudio: la consulta en estos casos, cuando\u00a0la hubo, fue sustituida por un mero tr\u00e1mite para dar la apariencia de cumplimiento de un requisito contenido en la constituci\u00f3n ecuatoriana.<\/p>\n<p>La expedici\u00f3n del Reglamento para la Ejecuci\u00f3n de la Consulta Previa, Libre e Informada en los procesos de Licitaci\u00f3n y Asignaci\u00f3n de \u00c1reas y Bloques Hidrocarbur\u00edferos, de 19 de julio de 2012 mediante decreto ejecutivo, no goza de la jerarqu\u00eda ni de los presupuestos normativos que esta materia exige, alej\u00e1ndose del esp\u00edritu del Convenio 169 de la Organizaci\u00f3n Internacional del Trabajo y la Declaraci\u00f3n de las Naciones Unidas sobre Pueblos Ind\u00edgenas, entre otros. Seg\u00fan el informe, realizado por Joaqu\u00edn L\u00f3pez Abad, \u201chubo falta de rigor en los procedimientos y deficiencias en la aplicaci\u00f3n de estos principios\u201d.<\/p>\n<p>Para Miguel Luzuriaga Fern\u00e1ndez, investigador del CDES, a estos argumentos, \u201cse debe a\u00f1adir el incumplimiento de la sentencia de la Corte Constitucional n\u00famero 001-10-SIN-CC de 18 de marzo del 2010, que ordena que la consulta previa, establecida en el art\u00edculo 57, n\u00famero 7 de la Constituci\u00f3n sea reglado por ley (reserva legal) expedida por la Asamblea Nacional\u201d. En su opini\u00f3n, \u201cesta ley debe adem\u00e1s gozar de jerarqu\u00eda org\u00e1nica, por ser de desarrollo constitucional directo\u201d.<\/p>\n<p>En el orden jur\u00eddico, concluye el estudio en recomendaciones de c\u00f3mo deber\u00eda implementarse la consulta libre, previa e informada en armon\u00eda con los principios y el esp\u00edritu de los instrumentos internacionales, y en la previsi\u00f3n del cumplimiento de sentencias como las del caso Sarayaku, que se ver\u00eda en entredicho por la concesi\u00f3n de los bloques 79 y 83 en la Amazon\u00eda y que afectar\u00e1 adem\u00e1s a territorios de las nacionalidades shiwiar y s\u00e1para.<\/p>\n<p>&nbsp;<\/p>\n<\/div>\n","protected":false},"excerpt":{"rendered":"<p>Cr\u00e9ditos de la foto:\u00a0Naku- Caroline Benett. Territorio Sapara. Llanchamacocha-2015\u00a0 ENGLISH\u00a0VERSION:\u00a0New [&hellip;]<\/p>\n","protected":false},"author":1,"featured_media":3581,"comment_status":"open","ping_status":"open","sticky":false,"template":"","format":"standard","meta":{"_siteseo_robots_primary_cat":"","_joinchat":[],"footnotes":""},"categories":[16],"tags":[33,14],"class_list":["post-3531","post","type-post","status-publish","format-standard","has-post-thumbnail","hentry","category-mujeres-indigenas","tag-consultaprevia","tag-waorani-tagaeri"],"_links":{"self":[{"href":"https:\/\/cdes.org.ec\/webantigua\/wp-json\/wp\/v2\/posts\/3531","targetHints":{"allow":["GET"]}}],"collection":[{"href":"https:\/\/cdes.org.ec\/webantigua\/wp-json\/wp\/v2\/posts"}],"about":[{"href":"https:\/\/cdes.org.ec\/webantigua\/wp-json\/wp\/v2\/types\/post"}],"author":[{"embeddable":true,"href":"https:\/\/cdes.org.ec\/webantigua\/wp-json\/wp\/v2\/users\/1"}],"replies":[{"embeddable":true,"href":"https:\/\/cdes.org.ec\/webantigua\/wp-json\/wp\/v2\/comments?post=3531"}],"version-history":[{"count":1,"href":"https:\/\/cdes.org.ec\/webantigua\/wp-json\/wp\/v2\/posts\/3531\/revisions"}],"predecessor-version":[{"id":6997,"href":"https:\/\/cdes.org.ec\/webantigua\/wp-json\/wp\/v2\/posts\/3531\/revisions\/6997"}],"wp:featuredmedia":[{"embeddable":true,"href":"https:\/\/cdes.org.ec\/webantigua\/wp-json\/wp\/v2\/media\/3581"}],"wp:attachment":[{"href":"https:\/\/cdes.org.ec\/webantigua\/wp-json\/wp\/v2\/media?parent=3531"}],"wp:term":[{"taxonomy":"category","embeddable":true,"href":"https:\/\/cdes.org.ec\/webantigua\/wp-json\/wp\/v2\/categories?post=3531"},{"taxonomy":"post_tag","embeddable":true,"href":"https:\/\/cdes.org.ec\/webantigua\/wp-json\/wp\/v2\/tags?post=3531"}],"curies":[{"name":"wp","href":"https:\/\/api.w.org\/{rel}","templated":true}]}}