{"id":3598,"date":"2016-06-02T14:00:27","date_gmt":"2016-06-02T14:00:27","guid":{"rendered":"https:\/\/cdes.org.ec\/webantigua\/?p=3598"},"modified":"2021-03-30T14:23:41","modified_gmt":"2021-03-30T14:23:41","slug":"sumate-y-porlatierraplantate-boletin-de-prensa","status":"publish","type":"post","link":"https:\/\/cdes.org.ec\/webantigua\/sumate-y-porlatierraplantate-boletin-de-prensa\/","title":{"rendered":"S\u00famate y #PorLaTierraPlantate: Bolet\u00edn de prensa"},"content":{"rendered":"<p><span style=\"font-family: arial, helvetica, sans-serif;\"><a href=\"https:\/\/cdes.org.ec\/webantigua\/wp-content\/uploads\/2016\/06\/unnamed.png\"><img decoding=\"async\" class=\" wp-image-3600 aligncenter\" src=\"https:\/\/cdes.org.ec\/webantigua\/wp-content\/uploads\/2016\/06\/unnamed-300x241.png\" alt=\"unnamed\" width=\"377\" height=\"303\" srcset=\"https:\/\/cdes.org.ec\/webantigua\/wp-content\/uploads\/2016\/06\/unnamed-177x142.png 177w, https:\/\/cdes.org.ec\/webantigua\/wp-content\/uploads\/2016\/06\/unnamed-200x161.png 200w, https:\/\/cdes.org.ec\/webantigua\/wp-content\/uploads\/2016\/06\/unnamed-300x241.png 300w, https:\/\/cdes.org.ec\/webantigua\/wp-content\/uploads\/2016\/06\/unnamed-400x321.png 400w, https:\/\/cdes.org.ec\/webantigua\/wp-content\/uploads\/2016\/06\/unnamed-600x482.png 600w, https:\/\/cdes.org.ec\/webantigua\/wp-content\/uploads\/2016\/06\/unnamed-768x617.png 768w, https:\/\/cdes.org.ec\/webantigua\/wp-content\/uploads\/2016\/06\/unnamed.png 798w\" sizes=\"(max-width: 377px) 100vw, 377px\" \/><\/a><\/span><\/p>\n<hr \/>\n<h3 style=\"text-align: center;\"><\/h3>\n<h3 style=\"text-align: center;\"><em><span style=\"font-family: arial, helvetica, sans-serif; color: #3366ff;\">\u00a0Hoy martes 07 de junio twitteada a las 20h00: \u00bfY t\u00fa qu\u00e9 puedes hacer por la tierra desde la ciudad?<br \/>\n<\/span><\/em><\/h3>\n<hr \/>\n<p>&nbsp;<\/p>\n<h3 style=\"text-align: center;\"><span style=\"font-family: arial, helvetica, sans-serif;\">S\u00famate y #PorLaTierraPlantate: Bolet\u00edn de prensa<\/span><\/h3>\n<p><span style=\"font-family: arial, helvetica, sans-serif;\">Quito, 2 de junio de 2016<\/span><\/p>\n<p><span style=\"font-family: arial, helvetica, sans-serif;\">CDES, FIAN Ecuador y Colectivo PRODH activan la campa\u00f1a #PorLaTierraPlantate con el objetivo de visibilizar la situaci\u00f3n del derecho a la tierra y a la alimentaci\u00f3n (problemas y propuestas) de organizaciones campesinas e ind\u00edgenas de tres regiones del pa\u00eds, y para sensibilizar a poblaci\u00f3n urbana sobre su responsabilidad con el tema, llamando a la acci\u00f3n para un consumo responsable.<\/span><\/p>\n<p><span style=\"font-family: arial, helvetica, sans-serif;\">La campa\u00f1a tendr\u00e1 dos momentos importantes y pedimos a los medios de comunicaci\u00f3n su apoyo en la difusi\u00f3n de las actividades planteadas:<\/span><\/p>\n<p><span style=\"font-family: arial, helvetica, sans-serif;\">El 2 de junio a las 20:00 se realizar\u00e1 una jornada en Twitter principalmente, tambi\u00e9n en Facebook, donde presentaremos el primero de tres\u00a0v\u00eddeos\u00a0filmados con\u00a0las organizaciones campesinas (UOCE \u2013 Esmeraldas, COCIF \u2013 Chimborazo y AMWAE de la\u00a0Amazonia). Participaremos con la etiqueta #PorLaTierraPlantate.\u00a0El 3 y 4 publicaremos los dos\u00a0v\u00eddeos\u00a0restantes<\/span><\/p>\n<p><span style=\"font-family: arial, helvetica, sans-serif;\">Estos\u00a0v\u00eddeos\u00a0constituyen testimonios de lo que sucede en el campo, en las\u00a0organizaciones y poblaciones cuyo medio de subsistencia est\u00e1 relacionado a actividades agr\u00edcolas y\u00a0artesanales, nos cuentan sus problem\u00e1ticas pero tambi\u00e9n iniciativas organizativas y de\u00a0participaci\u00f3n\u00a0importantes que trascienden la zona rural y tiene un impacto tambi\u00e9n en las ciudades.<\/span><\/p>\n<p><span style=\"font-family: arial, helvetica, sans-serif;\">El 7 de junio, en redes sociales tambi\u00e9n se convocar\u00e1 a las personas de la ciudad a\u00a0enviar mensajes (videos y fotos), siempre con la etiqueta #PorLaTierraPlantate, donde\u00a0incluyan su\u00a0compromiso desde el mundo urbano por el cuidado de la tierra y el derecho a la alimentaci\u00f3n. Planteamos que los mensajes puedan especialmente referirse al consumo responsable en la ciudad.<\/span><\/p>\n<p><span style=\"font-family: arial, helvetica, sans-serif;\">Esta campa\u00f1a es implementada por\u00a0FIAN Ecuador, el Colectivo PRODH\u00a0y CDES en el marco del Proyecto \u00abFortalecimiento organizativo, protecci\u00f3n y defensa de los DESCA de las poblaciones rurales de la Costa, Sierra y Amazon\u00eda en Ecuador\u00bb que cuenta con el apoyo de la Uni\u00f3n Europea.<\/span><\/p>\n<p><span style=\"font-family: arial, helvetica, sans-serif;\">Agradecemos\u00a0 mucho todo el apoyo que puedan brindarnos. Para contactos de entrevistas contactarse con Paulina Ponce, PRODH al 09953964<\/span><\/p>\n<p style=\"text-align: center;\"><span style=\"font-family: arial, helvetica, sans-serif;\">Los videos permanecer\u00e1n en privado hasta el lanzamiento de la campa\u00f1a. Mientras tanto, pueden verlos aqu\u00ed:<\/span><\/p>\n<table border=\"0\" width=\"100%\" cellspacing=\"0\" cellpadding=\"0\">\n<tbody>\n<tr>\n<td valign=\"top\">\n<table border=\"0\" width=\"100%\" cellspacing=\"0\" cellpadding=\"0\" align=\"left\">\n<tbody>\n<tr>\n<td valign=\"top\">\n<p style=\"text-align: center;\"><a href=\"http:\/\/fianecuador.us10.list-manage.com\/track\/click?u=71de69f13b994b20997b0f9b2&amp;id=a157796fcb&amp;e=d455be2e33\" target=\"_blank\" rel=\"nofollow noopener\"><img decoding=\"async\" class=\"CToWUd\" src=\"https:\/\/ci3.googleusercontent.com\/proxy\/ln1Y4S6h3xQ6AvF0lSB2UkeQzMUJDs-rgzSo3FJ6lcM4a5cc7qc6ZPShSB0zRqQlKauVJvzMDSb4yjbiIgLsQIg8b426eGRgx0PuuW9f1t0jq9CwpjZjA31UmBG03eUDiAOZzuySq27nfbyV8s4JRgITEv83sse-rl4fxdY=s0-d-e1-ft#https:\/\/gallery.mailchimp.com\/71de69f13b994b20997b0f9b2\/images\/d1e8ac5e-89aa-40a6-8570-a2cbd6a29100.jpg\" width=\"178\" height=\"100\" align=\"middle\" \/><\/a> <strong><a href=\"http:\/\/fianecuador.us10.list-manage.com\/track\/click?u=71de69f13b994b20997b0f9b2&amp;id=b1c89c2829&amp;e=d455be2e33\" target=\"_blank\" rel=\"nofollow noopener\">AMWAE-Amazonia<\/a>\u00a0<\/strong><\/p>\n<p style=\"text-align: center;\"><strong><a href=\"http:\/\/fianecuador.us10.list-manage.com\/track\/click?u=71de69f13b994b20997b0f9b2&amp;id=5968c40e69&amp;e=d455be2e33\" target=\"_blank\" rel=\"nofollow noopener\"><img decoding=\"async\" class=\"CToWUd\" src=\"https:\/\/ci4.googleusercontent.com\/proxy\/oMqny44yXvxv4Gnvozu6wDjz0hdJ-jRkKy1NRcdHnnvN_ka-P-g-58GJiPB9aMmYMK9s4VK2ZQhBaY7ZH4utws703LVnWeQ0HXAzoc7B8d2xSFonJnAHxDVITrSXZQkVhsVeTy2W_rfmPB2nYnYRLOUEJ95j36Z_45EvNHs=s0-d-e1-ft#https:\/\/gallery.mailchimp.com\/71de69f13b994b20997b0f9b2\/images\/7016d75a-b1ea-4f0d-93bd-940df0cdd7b0.jpg\" width=\"178\" height=\"100\" align=\"middle\" \/><\/a> <a href=\"https:\/\/youtu.be\/SVlavu4IPMo\">COCIF-Chimborazo<\/a><\/strong><\/p>\n<div style=\"text-align: center;\"><a href=\"http:\/\/fianecuador.us10.list-manage.com\/track\/click?u=71de69f13b994b20997b0f9b2&amp;id=25e53f5b72&amp;e=d455be2e33\" target=\"_blank\" rel=\"nofollow noopener\"><img decoding=\"async\" class=\"CToWUd\" src=\"https:\/\/ci4.googleusercontent.com\/proxy\/AgiXYv1Thb4740PsRGg3kaYl0PA1xXcDq75C-cJ2N1g7fGRQxBzd00Za27ZxlvIwh_7InbX7dmuvLfCcCYke41qaf_yEaQj3I0lkfDFCT35jwHxWeq1I39U6WbsPIO5XCRs96umZYAcZLscMyhslvMY4JDXpgj5Nk2yiXow=s0-d-e1-ft#https:\/\/gallery.mailchimp.com\/71de69f13b994b20997b0f9b2\/images\/0efcff5a-6a8e-4852-aaf9-5baaf130f403.jpg\" width=\"178\" height=\"100\" align=\"middle\" \/><\/a> <strong><a href=\"http:\/\/fianecuador.us10.list-manage.com\/track\/click?u=71de69f13b994b20997b0f9b2&amp;id=8ea2d279ae&amp;e=d455be2e33\" target=\"_blank\" rel=\"nofollow noopener\">UOCE<\/a><a href=\"http:\/\/fianecuador.us10.list-manage1.com\/track\/click?u=71de69f13b994b20997b0f9b2&amp;id=72f66a9000&amp;e=d455be2e33\" target=\"_blank\" rel=\"nofollow noopener\">-Esmeraldas<\/a><\/strong><\/div>\n<\/td>\n<\/tr>\n<\/tbody>\n<\/table>\n<\/td>\n<\/tr>\n<\/tbody>\n<\/table>\n<table border=\"0\" width=\"100%\" cellspacing=\"0\" cellpadding=\"0\">\n<tbody>\n<tr>\n<td valign=\"top\">\n<table border=\"0\" width=\"100%\" cellspacing=\"0\" cellpadding=\"0\" align=\"left\">\n<tbody>\n<tr>\n<td valign=\"top\">&nbsp;<\/p>\n<p><img decoding=\"async\" class=\"CToWUd aligncenter\" src=\"https:\/\/ci5.googleusercontent.com\/proxy\/2yXB765Y2EutBQycDZhy2XxvjoLVsefHyOKc1T7q27Y5ZArChCeQcB6XbIqLnjac8An3c4IdXqaf55n9_gwVxNQklc3pdhGi-oQVSXOiWQXCRZtAjVTmBFQbCqAVKGrT2QZWuF4YDaAwBMLLhWCHWK0lFeqYKXC59mpBbhM=s0-d-e1-ft#https:\/\/gallery.mailchimp.com\/71de69f13b994b20997b0f9b2\/images\/ba55e0e6-a479-4c64-8a8f-25abcb8eadf5.jpg\" alt=\"\" width=\"438\" align=\"middle\" \/><\/p>\n<p>&nbsp;<\/td>\n<\/tr>\n<\/tbody>\n<\/table>\n<\/td>\n<\/tr>\n<\/tbody>\n<\/table>\n<p>&nbsp;<\/p>\n<p>&nbsp;    \t<\/p>\n","protected":false},"excerpt":{"rendered":"<p>\u00a0Hoy martes 07 de junio twitteada a las 20h00: \u00bfY [&hellip;]<\/p>\n","protected":false},"author":1,"featured_media":2702,"comment_status":"open","ping_status":"open","sticky":false,"template":"","format":"standard","meta":{"_siteseo_robots_primary_cat":"","_joinchat":[],"footnotes":""},"categories":[16],"tags":[],"class_list":["post-3598","post","type-post","status-publish","format-standard","has-post-thumbnail","hentry","category-mujeres-indigenas"],"_links":{"self":[{"href":"https:\/\/cdes.org.ec\/webantigua\/wp-json\/wp\/v2\/posts\/3598","targetHints":{"allow":["GET"]}}],"collection":[{"href":"https:\/\/cdes.org.ec\/webantigua\/wp-json\/wp\/v2\/posts"}],"about":[{"href":"https:\/\/cdes.org.ec\/webantigua\/wp-json\/wp\/v2\/types\/post"}],"author":[{"embeddable":true,"href":"https:\/\/cdes.org.ec\/webantigua\/wp-json\/wp\/v2\/users\/1"}],"replies":[{"embeddable":true,"href":"https:\/\/cdes.org.ec\/webantigua\/wp-json\/wp\/v2\/comments?post=3598"}],"version-history":[{"count":1,"href":"https:\/\/cdes.org.ec\/webantigua\/wp-json\/wp\/v2\/posts\/3598\/revisions"}],"predecessor-version":[{"id":6995,"href":"https:\/\/cdes.org.ec\/webantigua\/wp-json\/wp\/v2\/posts\/3598\/revisions\/6995"}],"wp:featuredmedia":[{"embeddable":true,"href":"https:\/\/cdes.org.ec\/webantigua\/wp-json\/wp\/v2\/media\/2702"}],"wp:attachment":[{"href":"https:\/\/cdes.org.ec\/webantigua\/wp-json\/wp\/v2\/media?parent=3598"}],"wp:term":[{"taxonomy":"category","embeddable":true,"href":"https:\/\/cdes.org.ec\/webantigua\/wp-json\/wp\/v2\/categories?post=3598"},{"taxonomy":"post_tag","embeddable":true,"href":"https:\/\/cdes.org.ec\/webantigua\/wp-json\/wp\/v2\/tags?post=3598"}],"curies":[{"name":"wp","href":"https:\/\/api.w.org\/{rel}","templated":true}]}}