{"id":3622,"date":"2016-06-07T10:43:43","date_gmt":"2016-06-07T10:43:43","guid":{"rendered":"https:\/\/cdes.org.ec\/webantigua\/?p=3622"},"modified":"2021-03-30T14:23:05","modified_gmt":"2021-03-30T14:23:05","slug":"gender-and-ethnicity-in-fiscal-policy","status":"publish","type":"post","link":"https:\/\/cdes.org.ec\/webantigua\/gender-and-ethnicity-in-fiscal-policy\/","title":{"rendered":"Gender and ethnicity in fiscal policy"},"content":{"rendered":"<h3 style=\"text-align: center;\"><a href=\"https:\/\/cdes.org.ec\/webantigua\/wp-content\/uploads\/2016\/06\/textil.png\"><img decoding=\"async\" class=\"alignnone size-medium wp-image-3617\" src=\"https:\/\/cdes.org.ec\/webantigua\/wp-content\/uploads\/2016\/06\/textil-300x201.png\" alt=\"textil\" width=\"300\" height=\"201\" srcset=\"https:\/\/cdes.org.ec\/webantigua\/wp-content\/uploads\/2016\/06\/textil-200x134.png 200w, https:\/\/cdes.org.ec\/webantigua\/wp-content\/uploads\/2016\/06\/textil-300x201.png 300w, https:\/\/cdes.org.ec\/webantigua\/wp-content\/uploads\/2016\/06\/textil-400x268.png 400w, https:\/\/cdes.org.ec\/webantigua\/wp-content\/uploads\/2016\/06\/textil-600x402.png 600w, https:\/\/cdes.org.ec\/webantigua\/wp-content\/uploads\/2016\/06\/textil.png 623w\" sizes=\"(max-width: 300px) 100vw, 300px\" \/><\/a><\/h3>\n<h3 style=\"text-align: center;\"><\/h3>\n<h3 style=\"text-align: center;\">Gender and ethnicity in fiscal policy<a href=\"#_ftn1\" name=\"_ftnref1\"><\/a> [1]<\/h3>\n<p>&nbsp;<\/p>\n<p><em>By Jonathan B\u00e1ez<\/em><\/p>\n<p><a href=\"https:\/\/cdes.org.ec\/webantigua\/wp-content\/uploads\/2016\/06\/Discriminacio\u0301n-y-Poli\u0301tica-Fiscal-1.pdf\">Download the presentation (spanish)<\/a><\/p>\n<p>On the passed may 11<sup>th<\/sup> 2016, we participated in the reunion \u201cdialogue about fiscal policy, Human rights and inequality in the Andean region\u201d promoted by dejusticia, the host organization in Bogot\u00e1, the Center for Economic and Social Rights and the web of fiscal justice of Latin America and the Caribbean, a transcendent space for exchange about the fiscal theme in articulation with human rights.<\/p>\n<p>The interventions highlighted the role of fiscal policies in the deepening of inequalities in the region. A special reference has been made to the weakness of the income tax to the people of the highest income decile as an instrument of redistribution<a href=\"#_ftn2\" name=\"_ftnref2\">[2]<\/a>, moreover, it\u2019s been mentioned the great challenge that the tax avoidance and evasion \u2013 of people and enterprises- propound for the tributary recollection, those who would leverage the reduction of inequality.<\/p>\n<p>The improvements, challenges and opportunities of the fiscal policies from the human rights perspective has been another of the themes treated in the reunion.\u00a0 In our intervention we tried to realize a brief reflection about the implications of the discrimination based on gender and ethnicity in the fiscal policy. Hereafter we present an extract of the presentation:<\/p>\n<p>The importance that the indirect taxes possess in the structure of the tributary income exceeds the 50% in 15 countries of Latin America and the Caribbean, according to data of the ECLAC in the year 2013. The weight\u00a0 of this type of taxes is higher to the one registered in other regions of the world<a href=\"#_ftn3\" name=\"_ftnref3\">[3]<\/a>; in the case of Ecuador, out of the total of tributary incomes collected by the central government, 69% is compounded by indirect tributary incomes.<\/p>\n<p>The indirect taxes almost always are regressive because they graven to goods\u00a0 and services\u00a0 indiscriminately of the income level of the people that acquire them, so, the people with lower level of income would be paying more by the concept of indirect taxes. This is the case of the value-added tax, thus for example:<\/p>\n<p>(\u2026) if the value-added tax is 10% and a commodity costs 100 USD it means that it I paid 10 USD independently of how much you earn. If someone has a salary of a thousand this is 1% of the salary, however if the salary if of 100 000, this tax is barely 0,01% of the salary<a href=\"#_ftn4\" name=\"_ftnref4\">[4]<\/a>.<\/p>\n<p>From this frame, the indirect collection of taxes acts as one of the principals sources of discrimination in fiscal policy<a href=\"#_ftn5\" name=\"_ftnref5\">[5]<\/a>, affecting to the poorest sectors of the population, especially to women<a href=\"#_ftn6\" name=\"_ftnref6\">[6]<\/a> and groups historically vulnerable as indigenous, Afro-descendants, etc. This situation is sharpened when you consider the intersecionality of the ethnical, gender, between others. It\u2019s been proved that to be born women, indigenous o member of a minority group, augments the probability to suffer economic impoverishment, and, consequently, conform the group of people with the major proportion of its income dedicated to the payment of indirect taxes, contrarily to the sector of the population with high rent who dedicate a greater part of their income to accumulation and savings.<\/p>\n<p>To this situation there must be added that the amount transferred to other countries by illicit financial flows \u2013 which include human trafficking, mostly women<a href=\"#_ftn7\" name=\"_ftnref7\">[7]<\/a> \u2013 in Ecuador reaches more than 25 thousand millions between 2004-2013, a figure higher to the recollection of direct tributary income in the same period<a href=\"#_ftn8\" name=\"_ftnref8\">[8]<\/a>.<\/p>\n<p>The tributary income that the State ceases to perceive, either because of tax evasion or tax avoidance, must be resolved with other sources of income. So, fiscal policy, being articulated to the model of accumulation of every country (in the case of Ecuador the extractive primary exporter model), becomes discriminatory or regressive when it is put aside as a mechanism of income recollection to foster instead the increase of extractive activities. This is the case of the oil exploitation in the Yasuni ITT Park, home of isolated indigenous people and of an unparalleled vegetal and animal biodiversity in the world.<\/p>\n<p>In CDES, in front of the announcement of extracting crude oil in the Yasuni ITT Park, it has been realized a proposal that demonstrated how it could be collected higher income than those it would be obtained if the pits were exploited in the park, through tools of progressive fiscal policy<a href=\"#_ftn9\" name=\"_ftnref9\">[9]<\/a>.<\/p>\n<p>The proposal consists in increasing the tax burden, minimally, on the 110 economic groups, which have been the \u201cmajor\u201d beneficiaries of the economic growth and stability experienced during the last years. Actually, the tax burden on the sales of the 110 richest groups is 2, 9%. If only this burden would be increased by 1, 5%, we could obtain, in 25 years, at least 2000 million dollars additional to what is expected to be collected, in the same period, by the Yasun\u00ed exploitation.<\/p>\n<p>&nbsp;<\/p>\n<p><a href=\"#_ftnref1\" name=\"_ftn1\">[1]<\/a> \u00a0Jonathan B\u00e1ez \u2013Reasercher CDES.<\/p>\n<p><a href=\"#_ftnref2\" name=\"_ftn2\">[2]<\/a> \u201cIn the region, the tax on the income of physical persons\u00a0 achieves on average a reduction of inequality of 2,1%, measured by the Gini coefficient, while in the 27 countries of the European Union the reduction is of 11,6%.\u201d <em>OXFAM-CEPAL 2016,\u00a0Tributaci\u00f3n para un crecimiento inclusivo.<\/em><\/p>\n<p><a href=\"#_ftnref3\" name=\"_ftn3\">[3]<\/a> \u201cThe estimations of EUROMOD suggest that the mean of the effective tax rate in European Union is of 13, 3%. In respect of the 16 Latin American countries that have been taken in account, CEPAL estimates that the mean of the effective rate is around 2,3%, a figure that has been confirmed in general by the information of the national accounts.\u201d <em>OXFAM-CEPAL 2016,\u00a0Tributaci\u00f3n para un crecimiento inclusivo.<\/em><\/p>\n<p><a href=\"#_ftnref4\" name=\"_ftn4\">[4]<\/a> \u00a0Correa, R. 2012,\u00a0<em>De Banana Republic a la no Rep\u00fablica.<\/em>\u00a0Paradoxically this example has been presented by Correa, even if recently he promoted a Law establishing the increase of the IVA for a year, respectally to that see the\u00a0<a href=\"https:\/\/cdes.org.ec\/webantigua\/3399-2\/\">reclamo de CDES.<\/a>\u00a0See: CDES\u00a0<em>\u00bfPor qu\u00e9 no incrementar el<\/em>\u00a0IVA?<\/p>\n<p><a href=\"#_ftnref5\" name=\"_ftn5\">[5]<\/a> Mar\u00eda Pazos M. y Maribel R.\u00a0<em>Fiscalidad y equidad de g\u00e9nero, Fundaci\u00f3n Carolina, Documento de trabajo No.43, Madrid, junio 2010.<\/em><\/p>\n<p><a href=\"#_ftnref6\" name=\"_ftn6\">[6]<\/a> This way for example, the women register higher poverty nivels \u2013 by income- that the men (24% y 22.5% respectively in 2015). Furthermore, the breach between both increases since 2011 until 2015, meaning, in the period 2011-2015 there exists more poor women than men, in comparison with the period 2006-2010.<\/p>\n<p><a href=\"#_ftnref7\" name=\"_ftn7\">[7]<\/a> See: https:\/\/vgopinion.files.wordpress.com\/2016\/04\/enlace-hacia-iff_gender-grondona_bidegain_rodriguez.pdf<\/p>\n<p><a href=\"#_ftnref8\" name=\"_ftn8\">[8]<\/a> http:\/\/www.gfintegrity.org\/issues\/data-by-country\/<\/p>\n<p><a href=\"#_ftnref9\" name=\"_ftn9\">[9]<\/a> Iturralde, P. 2013\u00a0<em>Plan C: Redistribuci\u00f3n de la riqueza para no explotar el Yasun\u00ed y salvaguardar a los ind\u00edgenas aislados.<\/em>    \t<\/p>\n","protected":false},"excerpt":{"rendered":"<p>Gender and ethnicity in fiscal policy [1] &nbsp; By Jonathan [&hellip;]<\/p>\n","protected":false},"author":1,"featured_media":3616,"comment_status":"open","ping_status":"open","sticky":false,"template":"","format":"standard","meta":{"_siteseo_robots_primary_cat":"","_joinchat":[],"footnotes":""},"categories":[16],"tags":[18],"class_list":["post-3622","post","type-post","status-publish","format-standard","has-post-thumbnail","hentry","category-mujeres-indigenas","tag-english"],"_links":{"self":[{"href":"https:\/\/cdes.org.ec\/webantigua\/wp-json\/wp\/v2\/posts\/3622","targetHints":{"allow":["GET"]}}],"collection":[{"href":"https:\/\/cdes.org.ec\/webantigua\/wp-json\/wp\/v2\/posts"}],"about":[{"href":"https:\/\/cdes.org.ec\/webantigua\/wp-json\/wp\/v2\/types\/post"}],"author":[{"embeddable":true,"href":"https:\/\/cdes.org.ec\/webantigua\/wp-json\/wp\/v2\/users\/1"}],"replies":[{"embeddable":true,"href":"https:\/\/cdes.org.ec\/webantigua\/wp-json\/wp\/v2\/comments?post=3622"}],"version-history":[{"count":1,"href":"https:\/\/cdes.org.ec\/webantigua\/wp-json\/wp\/v2\/posts\/3622\/revisions"}],"predecessor-version":[{"id":6993,"href":"https:\/\/cdes.org.ec\/webantigua\/wp-json\/wp\/v2\/posts\/3622\/revisions\/6993"}],"wp:featuredmedia":[{"embeddable":true,"href":"https:\/\/cdes.org.ec\/webantigua\/wp-json\/wp\/v2\/media\/3616"}],"wp:attachment":[{"href":"https:\/\/cdes.org.ec\/webantigua\/wp-json\/wp\/v2\/media?parent=3622"}],"wp:term":[{"taxonomy":"category","embeddable":true,"href":"https:\/\/cdes.org.ec\/webantigua\/wp-json\/wp\/v2\/categories?post=3622"},{"taxonomy":"post_tag","embeddable":true,"href":"https:\/\/cdes.org.ec\/webantigua\/wp-json\/wp\/v2\/tags?post=3622"}],"curies":[{"name":"wp","href":"https:\/\/api.w.org\/{rel}","templated":true}]}}