{"id":3665,"date":"2016-06-10T08:03:39","date_gmt":"2016-06-10T13:03:39","guid":{"rendered":"https:\/\/cdes.org.ec\/webantigua\/?p=3665"},"modified":"2021-06-07T19:33:36","modified_gmt":"2021-06-07T19:33:36","slug":"rafael-correa-se-compromete-a-impulsar-la-eliminacion-de-los-paraisos-fiscales","status":"publish","type":"post","link":"https:\/\/cdes.org.ec\/webantigua\/rafael-correa-se-compromete-a-impulsar-la-eliminacion-de-los-paraisos-fiscales\/","title":{"rendered":"Rafael Correa se compromete a impulsar la eliminaci\u00f3n de los para\u00edsos fiscales"},"content":{"rendered":"<header>\n<p class=\"title\"><span style=\"font-size: 12pt;\"><em>La conformaci\u00f3n de una institucionalidad internacional que detenga a los para\u00edsos fiscales depender\u00e1 en gran medida de la voluntad soberana de los pueblos y naciones para detener la p\u00e9rdida de recursos financieros y la falta de control propiciados por\u00a0la actual arquitectura financiera internacional.\u00a0En este sentido\u00a0es relevante cualquier pronunciamiento de protesta de un jefe de Estado. Rafael Correa es el primer presidente en pedir\u00a0la eliminaci\u00f3n de los para\u00edsos fiscales, firmando una carta coordinada por Oxfam. Se destaca tambi\u00e9n la firma del ecuatoriano Alberto Acosta, expresidente de la Asamblea Constituyente del Ecuador e intelectual prominente vinculado a los movimientos sociales. (Nota: redacci\u00f3n CDES)<\/em><\/span><\/p>\n<p class=\"title\" style=\"text-align: center;\"><em><strong><span style=\"font-size: 14pt;\">Nota de prensa de Oxfam<\/span><\/strong><\/em><\/p>\n<h1 class=\"title\" style=\"text-align: center;\"><span style=\"font-size: 18pt;\">Rafael Correa se compromete a impulsar la eliminaci\u00f3n de los para\u00edsos fiscales<\/span><\/h1>\n<\/header>\n<section class=\"content\"><span style=\"font-size: 14pt;\">Prominentes nombres como Nora Lustig, profesora de econom\u00eda latinoamericana de la Universidad de Tulane, Rafael Correa, presidente de Ecuador, Jose Antonio Ocampo, ex Ministro de Hacienda de Colombia y Presidente de la Comisi\u00f3n Independiente para la Reforma de Fiscalidad Internacional de las Corporaciones (ICRICT), entre otros prestigiosos acad\u00e9micos, han firmado la carta coordinada por Oxfam para hacer un <strong>llamamiento urgente a los l\u00edderes mundiales a que acaben con los para\u00edsos fiscales y la opacidad financiera que protege a las empresas y personas que los utilizan<\/strong>.<\/span><\/section>\n<section class=\"content\"><\/section>\n<section class=\"content\"><span style=\"font-size: 14pt;\">Adicionalmente, Rafael Correa ha expresado a Oxfam su compromiso de liderar los cambios necesarios desde su gobierno \u201cDebemos crear una institucionalidad mundial que elimine los para\u00edsos fiscales, en los que el capital no tiene rostro ni responsabilidad. Vamos a solicitar que se incluya este tema fundamental en la agenda de la Asamblea General de las Naciones Unidas. Coordinaremos con los pa\u00edses del G77 para prohibir los para\u00edsos fiscales.\u00bb<\/span><span style=\"font-size: 14pt;\">\u00a0\u201c32 millones de personas saldr\u00edan de la pobreza si los capitales de los residentes latinoamericanos escondidos en para\u00edsos fiscales pagan el impuesto sobre la renta que les corresponde. Esto equivale a todas las personas pobres de Bolivia, Colombia, El Salvador y Per\u00fa\u201d indic\u00f3 Rosa Ca\u00f1ete, coordinadora de la campa\u00f1a IGUALES de Oxfam en Am\u00e9rica Latina y el Caribe.<\/span><span style=\"font-size: 14pt;\">Para solventar esta situaci\u00f3n, los y las economistas hacen un llamamiento a los Gobiernos para que acuerden nuevas normativas internacionales que obliguen a las empresas a publicar informes sobre sus actividades en cada uno de los pa\u00edses en los que operan, y garantizar que todos los territorios creen registros p\u00fablicos de los propietarios efectivos de todas las empresas y fondos.<\/span><\/p>\n<p><span style=\"font-size: 14pt;\">A pesar de que a ra\u00edz del esc\u00e1ndalo de los <em>Papeles de Panam\u00e1<\/em> varios gobiernos de la regi\u00f3n han anunciado investigaciones a titulares de empresas off-shore de la lista de clientes de la corporaci\u00f3n Mossack-Fonseca,<strong> lo grave es que muchas de estas pr\u00e1cticas a\u00fan son legales y permitidas por los sistemas tributarios nacionales y una arquitectura fiscal internacional fr\u00e1gil e insuficiente<\/strong>.<\/span><\/p>\n<p><span style=\"font-size: 14pt;\">Oxfam llama a los gobiernos latinoamericanos y caribe\u00f1os a impulsar reformas nacionales, regionales e internacionales que impidan la fuga de beneficios y capitales hacia para\u00edsos fiscales y a exigir a las grandes empresas a pagar los impuestos all\u00ed donde se desarrolla su actividad real. Debe consensuarse una lista negra de para\u00edsos fiscales con una definici\u00f3n com\u00fan\u00a0 y objetiva y revisar los incentivos fiscales, de tal forma que solo se mantengan los que produzcan un impacto real en el pa\u00eds para reducir la desigualdad.<\/span><\/p>\n<p><span style=\"font-size: 14pt;\"><strong>Es hora de acabar con la era de los para\u00edsos fiscales.<\/strong><\/span><\/p>\n<p><em><span style=\"font-size: 12pt;\">Lee el texto completo de la carta <a href=\"http:\/\/oxf.am\/ZBZs\" rel=\"nofollow\">aqu\u00ed<\/a><\/span><\/em><\/p>\n<p><em><span style=\"font-size: 12pt;\">Fuente original <a href=\"https:\/\/www.oxfam.org\/es\/sala-de-prensa\/notas-de-prensa\/2016-06-07\/rafael-correa-se-compromete-impulsar-la-eliminacion-de-los\">aqu\u00ed<\/a><\/span><\/em><\/p>\n<p><em>Foto: PanamericaWorld<\/em><\/p>\n<\/section>\n","protected":false},"excerpt":{"rendered":"<p>La conformaci\u00f3n de una institucionalidad internacional que detenga a los [&hellip;]<\/p>\n","protected":false},"author":1,"featured_media":3666,"comment_status":"open","ping_status":"open","sticky":false,"template":"","format":"standard","meta":{"_siteseo_robots_primary_cat":"","_joinchat":[],"footnotes":""},"categories":[9],"tags":[30],"class_list":["post-3665","post","type-post","status-publish","format-standard","has-post-thumbnail","hentry","category-justiciafiscal","tag-panamapapers"],"_links":{"self":[{"href":"https:\/\/cdes.org.ec\/webantigua\/wp-json\/wp\/v2\/posts\/3665","targetHints":{"allow":["GET"]}}],"collection":[{"href":"https:\/\/cdes.org.ec\/webantigua\/wp-json\/wp\/v2\/posts"}],"about":[{"href":"https:\/\/cdes.org.ec\/webantigua\/wp-json\/wp\/v2\/types\/post"}],"author":[{"embeddable":true,"href":"https:\/\/cdes.org.ec\/webantigua\/wp-json\/wp\/v2\/users\/1"}],"replies":[{"embeddable":true,"href":"https:\/\/cdes.org.ec\/webantigua\/wp-json\/wp\/v2\/comments?post=3665"}],"version-history":[{"count":1,"href":"https:\/\/cdes.org.ec\/webantigua\/wp-json\/wp\/v2\/posts\/3665\/revisions"}],"predecessor-version":[{"id":7939,"href":"https:\/\/cdes.org.ec\/webantigua\/wp-json\/wp\/v2\/posts\/3665\/revisions\/7939"}],"wp:featuredmedia":[{"embeddable":true,"href":"https:\/\/cdes.org.ec\/webantigua\/wp-json\/wp\/v2\/media\/3666"}],"wp:attachment":[{"href":"https:\/\/cdes.org.ec\/webantigua\/wp-json\/wp\/v2\/media?parent=3665"}],"wp:term":[{"taxonomy":"category","embeddable":true,"href":"https:\/\/cdes.org.ec\/webantigua\/wp-json\/wp\/v2\/categories?post=3665"},{"taxonomy":"post_tag","embeddable":true,"href":"https:\/\/cdes.org.ec\/webantigua\/wp-json\/wp\/v2\/tags?post=3665"}],"curies":[{"name":"wp","href":"https:\/\/api.w.org\/{rel}","templated":true}]}}