{"id":3684,"date":"2016-06-22T11:34:01","date_gmt":"2016-06-22T11:34:01","guid":{"rendered":"https:\/\/cdes.org.ec\/webantigua\/?p=3684"},"modified":"2021-03-30T14:22:34","modified_gmt":"2021-03-30T14:22:34","slug":"oea-aprueba-declaracion-sobre-los-derechos-de-los-pueblos-indigenas","status":"publish","type":"post","link":"https:\/\/cdes.org.ec\/webantigua\/oea-aprueba-declaracion-sobre-los-derechos-de-los-pueblos-indigenas\/","title":{"rendered":"OEA aprueba declaraci\u00f3n sobre los Derechos de los Pueblos Ind\u00edgenas"},"content":{"rendered":"<article id=\"post-2464\" class=\"post-2464 post type-post status-publish format-standard has-post-thumbnail hentry category-noticias\">\n<div class=\"gdlr-standard-style\">\n<header class=\"post-header\">\n<h1 class=\"gdlr-blog-title\"><a href=\"https:\/\/cdes.org.ec\/webantigua\/wp-content\/uploads\/2016\/06\/pueblos-indigenas.png\"><img decoding=\"async\" class=\"size-medium wp-image-3685 aligncenter\" src=\"https:\/\/cdes.org.ec\/webantigua\/wp-content\/uploads\/2016\/06\/pueblos-indigenas-300x191.png\" alt=\"pueblos indigenas\" width=\"300\" height=\"191\" srcset=\"https:\/\/cdes.org.ec\/webantigua\/wp-content\/uploads\/2016\/06\/pueblos-indigenas-200x127.png 200w, https:\/\/cdes.org.ec\/webantigua\/wp-content\/uploads\/2016\/06\/pueblos-indigenas-300x191.png 300w, https:\/\/cdes.org.ec\/webantigua\/wp-content\/uploads\/2016\/06\/pueblos-indigenas-400x254.png 400w, https:\/\/cdes.org.ec\/webantigua\/wp-content\/uploads\/2016\/06\/pueblos-indigenas-460x295.png 460w, https:\/\/cdes.org.ec\/webantigua\/wp-content\/uploads\/2016\/06\/pueblos-indigenas-600x381.png 600w, https:\/\/cdes.org.ec\/webantigua\/wp-content\/uploads\/2016\/06\/pueblos-indigenas.png 622w\" sizes=\"(max-width: 300px) 100vw, 300px\" \/><\/a><\/h1>\n<h1 class=\"gdlr-blog-title\" style=\"text-align: center;\">Celebramos declaraci\u00f3n de la OEA sobre los Derechos de los Pueblos Ind\u00edgenas.<\/h1>\n<div class=\"clear\" style=\"text-align: center;\"><a href=\"http:\/\/coalicionregional.net\/quienes-integran-la-coalicion\/\">\u00a0<\/a><\/div>\n<\/header>\n<div class=\"gdlr-blog-content\">\n<p><em><strong><a href=\"http:\/\/coalicionregional.net\/\"><b><i>Coalici\u00f3n<\/i><\/b><em><strong>\u00a0Regional Por la Transparencia y Participaci\u00f3n<\/strong><\/em><\/a>\u00a0celebra que tras 17 a\u00f1os de debates,\u00a0la Organizaci\u00f3n de los Estados Americanos (OEA) aprob\u00f3\u00a0una declaraci\u00f3n sobre los derechos de los pueblos ind\u00edgenas durante la \u00faltima sesi\u00f3n de la 46 Asamblea General.<\/strong><\/em><\/p>\n<p>La resoluci\u00f3n es el primer instrumento en la historia de la OEA que promueve y protege los derechos de los pueblos ind\u00edgenas de las Am\u00e9ricas. La Declaraci\u00f3n destaca el reconocimiento y respeto de los derechos de los pueblos ind\u00edgenas a su actuar colectivo, a sus sistemas o instituciones jur\u00eddicas, sociales, pol\u00edticas o econ\u00f3micas.<\/p>\n<p>\u201cLa Declaraci\u00f3n tambi\u00e9n realiza cambios profundos dentro de los Estados, que permiten realmente una verdadera democracia y la participaci\u00f3n de los ind\u00edgenas dentro de cada uno de los Estados. Se reconoce el derecho a la libre-determinaci\u00f3n, a las tierras, los recursos y sobre todo al consentimiento previo, libre e informado\u201d, afirm\u00f3 Huertas, abogado y l\u00edder ind\u00edgena paname\u00f1o del pueblo Guna, quien particip\u00f3 no s\u00f3lo en la reuni\u00f3n inaugural, sino en todo el proceso que dur\u00f3 m\u00e1s de tres lustros.<\/p>\n<p><strong>La Declaraci\u00f3n reconoce:<\/strong><\/p>\n<ul>\n<li>La organizaci\u00f3n colectiva y el car\u00e1cter pluricultural y multiling\u00fce de los pueblos originarios<\/li>\n<li>La auto-identificaci\u00f3n de las personas que se consideran ind\u00edgenas<\/li>\n<li>Una protecci\u00f3n especial a los pueblos en aislamiento voluntario o en contacto inicial -como algunos pueblos amaz\u00f3nicos-, un elemento que lo distingue de otras iniciativas en la materia.<\/li>\n<li>Que avanzar en la promoci\u00f3n y protecci\u00f3n efectiva de los derechos de los pueblos ind\u00edgenas de las Am\u00e9ricas es una prioridad de la OEA.<\/li>\n<\/ul>\n<p><strong>Puntos clave de la Declaraci\u00f3n<\/strong><\/p>\n<ul>\n<li>La autoidentificaci\u00f3n como pueblo ind\u00edgena es determinante para determinar a quienes aplica la Declaraci\u00f3n<\/li>\n<li>Los ind\u00edgenas tienen derecho a la libre determinaci\u00f3n<\/li>\n<li>Igualdad de g\u00e9nero: las mujeres ind\u00edgenas tienen derechos colectivos indispensables para su existencia, bienestar y desarrollo integral como pueblos<\/li>\n<li>Las personas y comunidades ind\u00edgenas tienen el derecho de pertenecer a uno o varios pueblos ind\u00edgenas, de acuerdo con la identidad, tradiciones y costumbres de pertenencia a cada pueblo<\/li>\n<li>Los Estados reconocer\u00e1n plenamente su personalidad jur\u00eddica, respetando las formas de organizaci\u00f3n y promoviendo el ejercicio pleno de los derechos contenidos en la Declaraci\u00f3n<\/li>\n<li>Tienen derecho a mantener, expresar y desarrollar libremente su identidad cultural<\/li>\n<li>Tienen derecho a no ser objeto de forma alguna de genocidio<\/li>\n<li>Tienen derecho a no ser objeto de racismo, discriminaci\u00f3n racial, xenofobia ni otras formas conexas de intolerancia<\/li>\n<li>Tienen derecho a su propia identidad e integridad cultural y a su patrimonio cultural<\/li>\n<li>Tienen derecho a la autonom\u00eda o al autogobierno en cuestiones relacionadas con asuntos internos<\/li>\n<li>Los pueblos ind\u00edgenas en aislamiento voluntario o en contacto inicial, tienen derecho a permanecer en dicha condici\u00f3n y vivir libremente y de acuerdo a sus culturas<\/li>\n<li>Tienen los derechos y las garant\u00edas reconocidas por la ley laboral nacional y la ley laboral internacional<\/li>\n<li>Tienen derecho a las tierras, territorios y recursos que tradicionalmente han pose\u00eddo, ocupado o utilizado o adquirido<\/li>\n<\/ul>\n<p>&nbsp;<\/p>\n<p>Con Informaci\u00f3n de la OEA<\/p>\n<p>Descargar declaraci\u00f3n <a href=\"http:\/\/www.oas.org\/es\/centro_noticias\/comunicado_prensa.asp?sCodigo=AVI-102\/16\">aqu\u00ed<\/a>\u00a0(P\u00e1ginas 168-188)<\/p>\n<\/div>\n<div class=\"gdlr-single-blog-tag\">Fuente:<a href=\"http:\/\/coalicionregional.net\/celebramos-declaracion-de-la-oea-sobre-los-derechos-de-los-pueblos-indigenas\/\"> Coalici\u00f3n Regional\u00a0<\/a><\/div>\n<\/div>\n<\/article>\n<div class=\"gdlr-single-blog-tag\"><\/div>\n<div class=\"gdlr-social-share\"><\/div>\n","protected":false},"excerpt":{"rendered":"<p>Celebramos declaraci\u00f3n de la OEA sobre los Derechos de los [&hellip;]<\/p>\n","protected":false},"author":1,"featured_media":3692,"comment_status":"open","ping_status":"open","sticky":false,"template":"","format":"standard","meta":{"_siteseo_robots_primary_cat":"","_joinchat":[],"footnotes":""},"categories":[16],"tags":[14],"class_list":["post-3684","post","type-post","status-publish","format-standard","has-post-thumbnail","hentry","category-mujeres-indigenas","tag-waorani-tagaeri"],"_links":{"self":[{"href":"https:\/\/cdes.org.ec\/webantigua\/wp-json\/wp\/v2\/posts\/3684","targetHints":{"allow":["GET"]}}],"collection":[{"href":"https:\/\/cdes.org.ec\/webantigua\/wp-json\/wp\/v2\/posts"}],"about":[{"href":"https:\/\/cdes.org.ec\/webantigua\/wp-json\/wp\/v2\/types\/post"}],"author":[{"embeddable":true,"href":"https:\/\/cdes.org.ec\/webantigua\/wp-json\/wp\/v2\/users\/1"}],"replies":[{"embeddable":true,"href":"https:\/\/cdes.org.ec\/webantigua\/wp-json\/wp\/v2\/comments?post=3684"}],"version-history":[{"count":1,"href":"https:\/\/cdes.org.ec\/webantigua\/wp-json\/wp\/v2\/posts\/3684\/revisions"}],"predecessor-version":[{"id":6992,"href":"https:\/\/cdes.org.ec\/webantigua\/wp-json\/wp\/v2\/posts\/3684\/revisions\/6992"}],"wp:featuredmedia":[{"embeddable":true,"href":"https:\/\/cdes.org.ec\/webantigua\/wp-json\/wp\/v2\/media\/3692"}],"wp:attachment":[{"href":"https:\/\/cdes.org.ec\/webantigua\/wp-json\/wp\/v2\/media?parent=3684"}],"wp:term":[{"taxonomy":"category","embeddable":true,"href":"https:\/\/cdes.org.ec\/webantigua\/wp-json\/wp\/v2\/categories?post=3684"},{"taxonomy":"post_tag","embeddable":true,"href":"https:\/\/cdes.org.ec\/webantigua\/wp-json\/wp\/v2\/tags?post=3684"}],"curies":[{"name":"wp","href":"https:\/\/api.w.org\/{rel}","templated":true}]}}