{"id":3870,"date":"2016-09-22T10:13:21","date_gmt":"2016-09-22T15:13:21","guid":{"rendered":"https:\/\/cdes.org.ec\/webantigua\/?p=3870"},"modified":"2021-06-04T18:15:50","modified_gmt":"2021-06-04T18:15:50","slug":"conversatorio-modelo-extractivista-en-crisis-ecuador-y-el-contexto-latinoamericano","status":"publish","type":"post","link":"https:\/\/cdes.org.ec\/webantigua\/conversatorio-modelo-extractivista-en-crisis-ecuador-y-el-contexto-latinoamericano\/","title":{"rendered":"Conversatorio \u00bfModelo extractivista en crisis?  Ecuador y el contexto latinoamericano"},"content":{"rendered":"<p><a href=\"https:\/\/cdes.org.ec\/webantigua\/wp-content\/uploads\/2016\/09\/Untitled.png\"><img decoding=\"async\" class=\"alignnone  wp-image-3871\" src=\"https:\/\/cdes.org.ec\/webantigua\/wp-content\/uploads\/2016\/09\/Untitled-300x47.png\" alt=\"untitled\" width=\"562\" height=\"88\" srcset=\"https:\/\/cdes.org.ec\/webantigua\/wp-content\/uploads\/2016\/09\/Untitled-200x31.png 200w, https:\/\/cdes.org.ec\/webantigua\/wp-content\/uploads\/2016\/09\/Untitled-300x47.png 300w, https:\/\/cdes.org.ec\/webantigua\/wp-content\/uploads\/2016\/09\/Untitled-400x62.png 400w, https:\/\/cdes.org.ec\/webantigua\/wp-content\/uploads\/2016\/09\/Untitled-600x93.png 600w, https:\/\/cdes.org.ec\/webantigua\/wp-content\/uploads\/2016\/09\/Untitled-768x119.png 768w, https:\/\/cdes.org.ec\/webantigua\/wp-content\/uploads\/2016\/09\/Untitled-800x124.png 800w, https:\/\/cdes.org.ec\/webantigua\/wp-content\/uploads\/2016\/09\/Untitled-1024x159.png 1024w, https:\/\/cdes.org.ec\/webantigua\/wp-content\/uploads\/2016\/09\/Untitled-1200x186.png 1200w, https:\/\/cdes.org.ec\/webantigua\/wp-content\/uploads\/2016\/09\/Untitled.png 1236w\" sizes=\"(max-width: 562px) 100vw, 562px\" \/><\/a><\/p>\n<p>El centro internacional para el desarrollo y trabajo decente (ICDD) de la Universidad de Kassel, y la Unidad de Informaci\u00f3n Socio Ambiental (UISA) de la Universidad Andina Sim\u00f3n Bol\u00edvar, invitan al\u00a0<strong>Conversatorio<\/strong><\/p>\n<h1 style=\"text-align: center;\"><strong>\u00bfModelo extractivista en <\/strong><strong>crisis? <\/strong><\/h1>\n<h1 style=\"text-align: center;\"><strong>Ecuador y el contexto latinoamericano<\/strong><\/h1>\n<p>&nbsp;<\/p>\n<p><strong>Jueves 22 de septiembre de 2016<\/strong><\/p>\n<p><strong>De 18:00 pm a 20:00 pm <\/strong><\/p>\n<p><strong>Sal\u00f3n de honor, Edificio Olmedo, 1er piso<\/strong><\/p>\n<p><strong>(Universidad Andina Sim\u00f3n Bol\u00edvar)<\/strong><\/p>\n<p>&nbsp;<\/p>\n<p>La crisis ha vuelto a Ecuador. La econom\u00eda se encuentra en recesi\u00f3n, los indicadores sociales\u00a0 no mejoran y hay un fuerte desenga\u00f1o de diferentes movimientos sociales, sindicatos e intelectuales con la pol\u00edtica gubernamental. Otros pa\u00edses latinoamericanos (aunque\u00a0 con importantes diferencias de contexto) viven situaciones similares, provocando que muchos analistas ya hablen del fin de un ciclo de\u00a0 \u201crelativo\u201d bienestar econ\u00f3mico y pol\u00edticas progresistas en la regi\u00f3n.<\/p>\n<p>Estas tendencias demuestran la continua vulnerabilidad de las mejoras socio-econ\u00f3micas y de los cambios pol\u00edticos favorecidos por el modelo extractivista y hace nuevamente \u00e9nfasis en la necesidad de construir sociedades post-extractivistas. A la vez surgen nuevas interrogantes: \u00bfPor qu\u00e9 razones el \u00faltimo boom no ha sido aprovechado para una transformaci\u00f3n econ\u00f3mica que permitiera amortiguar los efectos de la crisis? \u00bfLa ca\u00edda de los precios de las materias primas equivale a una crisis del modelo extractivista como tal? \u00bfCu\u00e1les son las perspectivas con vista al futuro para el Ecuador y Am\u00e9rica Latina? \u00bfQu\u00e9 medidas puede y debe tomar el gobierno ecuatoriano para que la crisis econ\u00f3mica no se convierta en una crisis social? \u00bfPodemos pensar en la ca\u00edda de los precios de las materias primas incluso como una oportunidad para salir del extractivismo?<\/p>\n<p>Estas y otras interrogantes se discutir\u00e1n el jueves, 22 de septiembre a partir de las 18:00 en el Sal\u00f3n de Honor del Edificio Olmedo de la Universidad Andina Sim\u00f3n Bol\u00edvar.<\/p>\n<p><strong>\u00a0<\/strong><\/p>\n<p><strong>Participan:<\/strong><\/p>\n<p>Apertura C\u00e9sar Montufar: Universidad Andina Sim\u00f3n Bol\u00edvar.<\/p>\n<p>Ivette Vallejo: Facultad Latinoamericana de Ciencias Sociales.<\/p>\n<p>Stefan Peters: Universidad de Kassel &#8211; ICDD<\/p>\n<p>Pablo Iturralde: CDES<\/p>\n<p>Sara Caia: Instituto de Altos Estudios Nacionales.<\/p>\n<p>Natalia Greene: Universidad Andina Sim\u00f3n Bol\u00edvar<\/p>\n<p><strong>\u00a0<\/strong><\/p>\n<p><strong>Informaci\u00f3n.<\/strong><\/p>\n<p><strong>Unidad de informaci\u00f3n Socio Ambiental <\/strong><\/p>\n<p><strong>camilo.baroja@uasb.edu.ec<\/strong><strong> &#8211; <\/strong><strong>malki.saenz@uasb.edu.ec<\/strong><\/p>\n<p><strong>Telf 322 8085 ext 3505<\/strong>    \t<\/p>\n","protected":false},"excerpt":{"rendered":"<p>El centro internacional para el desarrollo y trabajo decente (ICDD) [&hellip;]<\/p>\n","protected":false},"author":1,"featured_media":3872,"comment_status":"open","ping_status":"open","sticky":false,"template":"","format":"standard","meta":{"_siteseo_robots_primary_cat":"","_joinchat":[],"footnotes":""},"categories":[12],"tags":[],"class_list":["post-3870","post","type-post","status-publish","format-standard","has-post-thumbnail","hentry","category-justiciaambiental"],"_links":{"self":[{"href":"https:\/\/cdes.org.ec\/webantigua\/wp-json\/wp\/v2\/posts\/3870","targetHints":{"allow":["GET"]}}],"collection":[{"href":"https:\/\/cdes.org.ec\/webantigua\/wp-json\/wp\/v2\/posts"}],"about":[{"href":"https:\/\/cdes.org.ec\/webantigua\/wp-json\/wp\/v2\/types\/post"}],"author":[{"embeddable":true,"href":"https:\/\/cdes.org.ec\/webantigua\/wp-json\/wp\/v2\/users\/1"}],"replies":[{"embeddable":true,"href":"https:\/\/cdes.org.ec\/webantigua\/wp-json\/wp\/v2\/comments?post=3870"}],"version-history":[{"count":1,"href":"https:\/\/cdes.org.ec\/webantigua\/wp-json\/wp\/v2\/posts\/3870\/revisions"}],"predecessor-version":[{"id":7901,"href":"https:\/\/cdes.org.ec\/webantigua\/wp-json\/wp\/v2\/posts\/3870\/revisions\/7901"}],"wp:featuredmedia":[{"embeddable":true,"href":"https:\/\/cdes.org.ec\/webantigua\/wp-json\/wp\/v2\/media\/3872"}],"wp:attachment":[{"href":"https:\/\/cdes.org.ec\/webantigua\/wp-json\/wp\/v2\/media?parent=3870"}],"wp:term":[{"taxonomy":"category","embeddable":true,"href":"https:\/\/cdes.org.ec\/webantigua\/wp-json\/wp\/v2\/categories?post=3870"},{"taxonomy":"post_tag","embeddable":true,"href":"https:\/\/cdes.org.ec\/webantigua\/wp-json\/wp\/v2\/tags?post=3870"}],"curies":[{"name":"wp","href":"https:\/\/api.w.org\/{rel}","templated":true}]}}