{"id":3874,"date":"2016-10-07T13:52:08","date_gmt":"2016-10-07T18:52:08","guid":{"rendered":"https:\/\/cdes.org.ec\/webantigua\/?p=3874"},"modified":"2016-10-07T13:52:08","modified_gmt":"2016-10-07T18:52:08","slug":"organizaciones-de-la-sociedad-civil-presentan-la-situacion-en-derechos-humanos-en-ecuador-para-el-examen-periodico-universal","status":"publish","type":"post","link":"https:\/\/cdes.org.ec\/webantigua\/organizaciones-de-la-sociedad-civil-presentan-la-situacion-en-derechos-humanos-en-ecuador-para-el-examen-periodico-universal\/","title":{"rendered":"Organizaciones de la sociedad civil presentan la situaci\u00f3n en derechos humanos en Ecuador para el Ex\u00e1men Peri\u00f3dico Universal"},"content":{"rendered":"<p>Organizaciones de la sociedad civil presentaron hasta este jueves, 7 de octubre de 2016, sus informes sombra ante Naciones Unidas para el proceso de Examen Peri\u00f3dico Universal (EPU), que tendr\u00e1 lugar entre marzo y abril del 2017.<\/p>\n<p>El EPU es un proceso c\u00edclico del Consejo de Derechos Humanos de Naciones Unidas en el que varios pa\u00edses revisan y eval\u00faan a otros Estados respecto a sus avances y retrocesos en materia de derechos humanos. Los Estados se re\u00fanen cada cinco a\u00f1os para emitir sus observaciones.<\/p>\n<p>A partir de las recomendaciones entregadas al Estado ecuatoriano en el a\u00f1o 2012, las organizaciones han enviado informes en los siguientes temas: defensores y defensoras de derechos humanos, libertad de asociaci\u00f3n, derechos a la vida e integridad personal &#8211; en contexto de desaparecidos y femicidio -, violaci\u00f3n a derechos colectivos: consulta previa y territorio ind\u00edgena; administraci\u00f3n de justicia y reparaci\u00f3n en los casos de la Comisi\u00f3n de la Verdad, as\u00ed como la situaci\u00f3n en cuanto a derechos de la Naturaleza, entre otros.<\/p>\n<p>Las organizaciones convocamos a la <b>RUEDA DE PRENSA<\/b> y desayuno con medios de comunicaci\u00f3n, para aportar mayores detalles de los informes presentados y hacer un llamado a las autoridades y al futuro gobierno, para que consideren estos temas y al proceso mismo, como parte de sus agendas de administraci\u00f3n.<\/p>\n<p><b>Intervendr\u00e1n:<\/b><\/p>\n<p>Dr. Mario Melo, Centro de Derechos Humanos de la PUCE<\/p>\n<p>Katy Betancourt, CONAIE<\/p>\n<p>Hna. Elsie Monge, CEDHU<\/p>\n<p>Un representante de cada organizaci\u00f3n explicar\u00e1 los contenidos de sus informes.<\/p>\n<p><b>Datos de la Rueda de Prensa y desayuno:<\/b><\/p>\n<ul>\n<li>Fecha: Lunes, 10 de octubre de 2016<\/li>\n<li>Hora: 09h00<\/li>\n<li>Lugar: Museo Mindalae, Calle Reina Victoria y La Ni\u00f1a, Esq. 3\u00ba piso.<\/li>\n<\/ul>\n","protected":false},"excerpt":{"rendered":"<p>Organizaciones de la sociedad civil presentaron hasta este jueves, 7 [&hellip;]<\/p>\n","protected":false},"author":1,"featured_media":3880,"comment_status":"open","ping_status":"open","sticky":false,"template":"","format":"standard","meta":{"_siteseo_robots_primary_cat":"","_joinchat":[],"footnotes":""},"categories":[8],"tags":[36,37],"class_list":["post-3874","post","type-post","status-publish","format-standard","has-post-thumbnail","hentry","category-tnc","tag-epu-ecuador","tag-onu"],"_links":{"self":[{"href":"https:\/\/cdes.org.ec\/webantigua\/wp-json\/wp\/v2\/posts\/3874","targetHints":{"allow":["GET"]}}],"collection":[{"href":"https:\/\/cdes.org.ec\/webantigua\/wp-json\/wp\/v2\/posts"}],"about":[{"href":"https:\/\/cdes.org.ec\/webantigua\/wp-json\/wp\/v2\/types\/post"}],"author":[{"embeddable":true,"href":"https:\/\/cdes.org.ec\/webantigua\/wp-json\/wp\/v2\/users\/1"}],"replies":[{"embeddable":true,"href":"https:\/\/cdes.org.ec\/webantigua\/wp-json\/wp\/v2\/comments?post=3874"}],"version-history":[{"count":0,"href":"https:\/\/cdes.org.ec\/webantigua\/wp-json\/wp\/v2\/posts\/3874\/revisions"}],"wp:featuredmedia":[{"embeddable":true,"href":"https:\/\/cdes.org.ec\/webantigua\/wp-json\/wp\/v2\/media\/3880"}],"wp:attachment":[{"href":"https:\/\/cdes.org.ec\/webantigua\/wp-json\/wp\/v2\/media?parent=3874"}],"wp:term":[{"taxonomy":"category","embeddable":true,"href":"https:\/\/cdes.org.ec\/webantigua\/wp-json\/wp\/v2\/categories?post=3874"},{"taxonomy":"post_tag","embeddable":true,"href":"https:\/\/cdes.org.ec\/webantigua\/wp-json\/wp\/v2\/tags?post=3874"}],"curies":[{"name":"wp","href":"https:\/\/api.w.org\/{rel}","templated":true}]}}