{"id":3907,"date":"2016-11-01T11:50:57","date_gmt":"2016-11-01T11:50:57","guid":{"rendered":"https:\/\/cdes.org.ec\/webantigua\/?p=3907"},"modified":"2021-04-22T15:27:14","modified_gmt":"2021-04-22T15:27:14","slug":"trabajadores-rechazan-arremetida-neoliberal-en-ecuador","status":"publish","type":"post","link":"https:\/\/cdes.org.ec\/webantigua\/trabajadores-rechazan-arremetida-neoliberal-en-ecuador\/","title":{"rendered":"Trabajadores rechazan arremetida neoliberal en Ecuador"},"content":{"rendered":"<p><em><a href=\"https:\/\/cdes.org.ec\/webantigua\/wp-content\/uploads\/2016\/11\/14886327_10154419825500873_577843840_n.jpg\"><img decoding=\"async\" class=\"size-medium wp-image-3912 alignnone\" src=\"https:\/\/cdes.org.ec\/webantigua\/wp-content\/uploads\/2016\/11\/14886327_10154419825500873_577843840_n-300x225.jpg\" alt=\"14886327_10154419825500873_577843840_n\" width=\"300\" height=\"225\" srcset=\"https:\/\/cdes.org.ec\/webantigua\/wp-content\/uploads\/2016\/11\/14886327_10154419825500873_577843840_n-200x150.jpg 200w, https:\/\/cdes.org.ec\/webantigua\/wp-content\/uploads\/2016\/11\/14886327_10154419825500873_577843840_n-300x225.jpg 300w, https:\/\/cdes.org.ec\/webantigua\/wp-content\/uploads\/2016\/11\/14886327_10154419825500873_577843840_n-400x300.jpg 400w, https:\/\/cdes.org.ec\/webantigua\/wp-content\/uploads\/2016\/11\/14886327_10154419825500873_577843840_n-600x449.jpg 600w, https:\/\/cdes.org.ec\/webantigua\/wp-content\/uploads\/2016\/11\/14886327_10154419825500873_577843840_n-768x575.jpg 768w, https:\/\/cdes.org.ec\/webantigua\/wp-content\/uploads\/2016\/11\/14886327_10154419825500873_577843840_n.jpg 800w\" sizes=\"(max-width: 300px) 100vw, 300px\" \/><\/a><\/em><\/p>\n<hr \/>\n<p><em>\u00a0\u00a0\u00a0\u00a0\u00a0\u00a0\u00a0\u00a0\u00a0\u00a0\u00a0\u00a0\u00a0\u00a0\u00a0\u00a0\u00a0\u00a0\u00a0\u00a0 Foto CDES<\/em><\/p>\n<p><span style=\"color: #000000; font-family: arial,helvetica,sans-serif; font-size: 12pt;\">En el contexto de la \u00abJornada continental por la democracia y contra el neoliberalismo\u00bb, en Quito se realiz\u00f3 un evento y una marcha de trabajadores donde se expres\u00f3 el rechazo al ahondamiento de medidas neoliberales en Ecuador como la firma del Acuerdo Comercial Multipartes entre Ecuador y la Uni\u00f3n Europea, con el cual se inaugura, por primera vez, un trat<span style=\"color: #000000;\">ado de libre comercio (TLC) en el pa\u00eds.<\/span><\/span><\/p>\n<div id=\"attachment_3914\" style=\"width: 310px\" class=\"wp-caption alignnone\"><a href=\"https:\/\/cdes.org.ec\/webantigua\/wp-content\/uploads\/2016\/11\/IMG_1753.jpg\"><img decoding=\"async\" aria-describedby=\"caption-attachment-3914\" class=\"size-medium wp-image-3914\" src=\"https:\/\/cdes.org.ec\/webantigua\/wp-content\/uploads\/2016\/11\/IMG_1753-300x225.jpg\" alt=\"Processed with VSCO with a5 preset\" width=\"300\" height=\"225\" srcset=\"https:\/\/cdes.org.ec\/webantigua\/wp-content\/uploads\/2016\/11\/IMG_1753-200x150.jpg 200w, https:\/\/cdes.org.ec\/webantigua\/wp-content\/uploads\/2016\/11\/IMG_1753-300x225.jpg 300w, https:\/\/cdes.org.ec\/webantigua\/wp-content\/uploads\/2016\/11\/IMG_1753-400x301.jpg 400w, https:\/\/cdes.org.ec\/webantigua\/wp-content\/uploads\/2016\/11\/IMG_1753-600x451.jpg 600w, https:\/\/cdes.org.ec\/webantigua\/wp-content\/uploads\/2016\/11\/IMG_1753-768x577.jpg 768w, https:\/\/cdes.org.ec\/webantigua\/wp-content\/uploads\/2016\/11\/IMG_1753.jpg 773w\" sizes=\"(max-width: 300px) 100vw, 300px\" \/><\/a><p id=\"caption-attachment-3914\" class=\"wp-caption-text\">Cortes\u00eda CEDOCUT<\/p><\/div>\n<div id=\"attachment_3915\" style=\"width: 310px\" class=\"wp-caption alignnone\"><a href=\"https:\/\/cdes.org.ec\/webantigua\/wp-content\/uploads\/2016\/11\/IMG_1754.jpg\"><img decoding=\"async\" aria-describedby=\"caption-attachment-3915\" class=\"size-medium wp-image-3915\" src=\"https:\/\/cdes.org.ec\/webantigua\/wp-content\/uploads\/2016\/11\/IMG_1754-300x225.jpg\" alt=\"Processed with VSCO with a5 preset\" width=\"300\" height=\"225\" srcset=\"https:\/\/cdes.org.ec\/webantigua\/wp-content\/uploads\/2016\/11\/IMG_1754-200x150.jpg 200w, https:\/\/cdes.org.ec\/webantigua\/wp-content\/uploads\/2016\/11\/IMG_1754-300x225.jpg 300w, https:\/\/cdes.org.ec\/webantigua\/wp-content\/uploads\/2016\/11\/IMG_1754-400x301.jpg 400w, https:\/\/cdes.org.ec\/webantigua\/wp-content\/uploads\/2016\/11\/IMG_1754-600x451.jpg 600w, https:\/\/cdes.org.ec\/webantigua\/wp-content\/uploads\/2016\/11\/IMG_1754-768x577.jpg 768w, https:\/\/cdes.org.ec\/webantigua\/wp-content\/uploads\/2016\/11\/IMG_1754.jpg 773w\" sizes=\"(max-width: 300px) 100vw, 300px\" \/><\/a><p id=\"caption-attachment-3915\" class=\"wp-caption-text\">Cortes\u00eda CEDOCUT<\/p><\/div>\n<p><span style=\"color: #000000; font-family: arial,helvetica,sans-serif; font-size: 12pt;\">Esta Jornada\u00a0se realiz\u00f3 este 27 de octubre, en la\u00a0central de la CEDOCUT y las plazas del centro hist\u00f3rico de la ciudad. Desde mediados de octubre hasta el 4 de noviembre, esta Jornada\u00a0tiene previsto\u00a0acciones\u00a0de los trabajadores y movimientos sociales del mundo en contra del poder corporativo, los tratados de libre comercio, la lucha contra los para\u00edsos fiscales, la soberan\u00eda y democracia de los pueblos\u00a0y naciones, y\u00a0la justicia social. <\/span><\/p>\n<p><span style=\"font-family: arial,helvetica,sans-serif; font-size: 12pt;\"><span style=\"color: #000000;\">Se expres\u00f3 el rechazo al <a href=\"http:\/\/www.eltelegrafo.com.ec\/noticias\/economia\/8\/el-estado-prepara-la-venta-fusion-y-liquidacion-de-al-menos-16-entidades\"><u>paquete de privatizaci\u00f3n<\/u><\/a> de empresas p\u00fablicas, recientemente anunciado por el Gobierno, que tiene planificado la\u00a0mayor venta de activos productivos de los \u00faltimos 30 a\u00f1os. Solamente la venta de la tercera hidroel\u00e9ctrica del pa\u00eds, Sopladora (487MW), tiene una inversi\u00f3n estatal de 800 millones, pero tambi\u00e9n se\u00a0pretender\u00eda la\u00a0privatizaci\u00f3n de <\/span><span style=\"text-align: left; color: #000000; text-transform: none; text-indent: 0px; letter-spacing: normal; font-style: normal; font-weight: normal; word-spacing: 0px; display: inline !important; white-space: normal; orphans: 2; widows: 2; float: none; background-color: #ffffff;\">Manduriacu (65MW) y Oca\u00f1a (26MW). Se prev\u00e9 la venta del Banco del Pac\u00edfico con activos que ascienden a 5 052 millones de d\u00f3lares, la venta de TAME, la Cementera Nacional,\u00a049 gasolineras de Petroecuador, entre otros. Esto se suma a las \u00faltimas concesiones privadas de\u00a0importantes\u00a0operaciones petroleras\u00a0y a otras ventas de empresas incautadas a banqueros sancionados por la justicia ecuatoriana.<\/span><\/span><\/p>\n<p><span style=\"font-family: arial,helvetica,sans-serif; font-size: 12pt;\"><span style=\"color: #000000;\"><span style=\"color: #000000;\">Se mencion\u00f3 que la falta de cambios estructurales durante el per\u00edod<\/span>o de recuperaci\u00f3n econ\u00f3mica,\u00a0est\u00e1 generando que progresivamente la actual ca\u00edda econ\u00f3mica transfiera los costos sociales y econ\u00f3micos a la poblaci\u00f3n m\u00e1s vulnerable. As\u00ed la aprobaci\u00f3n de la <\/span><i><span style=\"color: #000000;\">Ley de Justicia laboral<\/span> <\/i><a href=\"http:\/\/www.larepublica.ec\/blog\/politica\/2016\/02\/23\/ministro-de-trabajo-entregara-proyecto-de-flexibilidad-laboral-a-la-asamblea\/\"><u>permiti\u00f3 la flexibilizaci\u00f3n<\/u><\/a> <span style=\"color: #000000;\">de ciertas actividades del trabajo (abr. 2015), la\u00a0<\/span><i><a href=\"http:\/\/www.andes.info.ec\/es\/noticias\/asamblea-nacional-ecuador-aprueba-ley-alianzas-publico-privadas.html\"><u>Ley\u00a0de Incentivos para Asociaciones\u00a0P\u00fablico-Privadas\u00a0y la Inversi\u00f3n <\/u><\/a><\/i><i><a href=\"http:\/\/www.andes.info.ec\/es\/noticias\/asamblea-nacional-ecuador-aprueba-ley-alianzas-publico-privadas.html\"><u>Extranjera <\/u><\/a><\/i><span style=\"color: #000000;\">abre la puerta a la privatizaci\u00f3n de servicios p\u00fablicos (dic. 2015),\u00a0la situaci\u00f3n se agrava con\u00a0el anuncio de\u00a0importantes privatizaciones, al tiempo que se profundiza el conflicto con organizaciones sindicales hasta alcanzar el punto de\u00a0<\/span><a href=\"http:\/\/www.eluniverso.com\/noticias\/2016\/08\/26\/nota\/5763681\/comision-liquidacion-es-ilegitima-segun-une\"><u>liquidar\u00a0al\u00a0sindicato m\u00e1s n\u00fameroso\u00a0del\u00a0pa\u00eds, la UNE<\/u><\/a>\u00a0<span style=\"color: #000000;\">(ago. 2016) y finalmente firmar el<\/span> <a href=\"http:\/\/www.elcomercio.com\/actualidad\/acuerdo-comercial-ecuador-unioneuropea-actualidad.html\"><u>Acuerdo Comercial entre\u00a0Ecuador\u00a0y la\u00a0Uni\u00f3n Europea<\/u><\/a>.<\/span><\/p>\n<pre style=\"padding-left: 60px;\"><span style=\"color: #000000;\"><b><span style=\"font-size: small;\">Consulte m\u00e1s informaci\u00f3n presentada en la\n\u00abJornada continental por la democracia y contra el neoliberalismo\u00bb\n<\/span><\/b><\/span><span style=\"color: #000000; font-family: arial,helvetica,sans-serif; font-size: 10pt;\">Datos sobre concentraci\u00f3n de la riqueza y signos neoliberales en Ecuador <a href=\"https:\/\/cdes.org.ec\/webantigua\/wp-content\/uploads\/2016\/11\/Jornada-continental-por-la-democracia-y-contra-el.pdf\"><u><span style=\"color: #0066cc;\">aqu\u00ed<\/span><\/u><\/a>.\n<\/span><span style=\"color: #000000; font-family: arial,helvetica,sans-serif; font-size: 10pt;\">Presentaci\u00f3n\u00a0sobre TLC con la Uni\u00f3n Europea <a href=\"https:\/\/cdes.org.ec\/webantigua\/wp-content\/uploads\/2016\/11\/PRESENTACION-UE.pptx\"><u><span style=\"color: #0066cc;\">aqu\u00ed<\/span><\/u><\/a> y an\u00e1lisis <a href=\"https:\/\/cdes.org.ec\/webantigua\/wp-content\/uploads\/2016\/11\/IMPACTO-FINAL-XII.docx\"><u><span style=\"color: #0066cc;\">aqu\u00ed<\/span><\/u><\/a>.\n\n<\/span><\/pre>\n<p>&nbsp;<\/p>\n<p><span style=\"color: #000000; font-family: arial,helvetica,sans-serif; font-size: 12pt;\">En el\u00a0evento se\u00a0demand\u00f3 mayor democracia amenazada por la judicializaci\u00f3n de la pol\u00edtica en contra de los movimientos sociales y la\u00a0criminalizaci\u00f3n de la protesta social. Se exigi\u00f3 una recuperaci\u00f3n del estado social antineoliberal, en yuxtaposici\u00f3n al estado punitivo y represor que necesitan los grandes capitales para mitigar la protesta social. Se advirti\u00f3 que al rev\u00e9s del intento de debilitamiento -de las organizaciones sindicales, campesinas e ind\u00edgenas- en cambio los grupos econ\u00f3micos se han fortalecido\u00a0durante el\u00a0per\u00edodo de crecimiento econ\u00f3mico, y ahora\u00a0estos mismos grupos se\u00a0vuelcan a exigir un ahondamiento de medidas neoliberales, incluso logrando conquistas contradictorias con las propias propuestas de campa\u00f1a de Alianza Pa\u00eds (como las privatizaciones y la firma del TLC).<\/span><\/p>\n<p><span style=\"color: #000000; font-family: arial,helvetica,sans-serif; font-size: 12pt;\">Los trabajadores expresaron la necesidad de fortalecerse con autonom\u00eda y desarrollar una agenda propia de justicia social y justicia econ\u00f3mica que incluya lineamientos de formaci\u00f3n y discusi\u00f3n de programa pol\u00edtico. Tambi\u00e9n se plante\u00f3 la exigencia de seguir fortaleciendo lazos regionales para hacer frente a problemas que tienen una salida regional como son, por ejemplo, las respuestas a todo el sistema financiero <em>offshore <\/em>dominado por para\u00edsos fiscales o la posibilidad de construir instrumentos internacionales de defensa de derechos humanos contra los abusos corporativos, ampliados ahora por una ola de tratados de libre comercio y la impunidad garantizada por arbitrajes internacionales y tratados bilaterales de inversi\u00f3n (TBI).<\/span><\/p>\n<p><span style=\"font-family: arial,helvetica,sans-serif; font-size: 12pt;\"><span style=\"color: #000000;\">El evento en Quito fue convocado por la <a href=\"http:\/\/cedocut.org.ec\/\">Confederaci\u00f3n Ecuatoriana de Organizaciones Clasistas Unitaria de Trabajadores &#8211; CEDOCUT<\/a>,\u00a0 <a href=\"http:\/\/www.csa-csi.org\/3CongresoCSA-Noticias-Confederaci%C3%B3n-Sindical-de-Trabajadores-as-de-las-Am%C3%A9ricas---CSA-realiza-su-3er-Congreso-en-S%C3%A3o-Paulo-11297\">Confederaci\u00f3n Sindical de Trabajadores\/as de las Am\u00e9ricas &#8211; CSA<\/a>, <a href=\"http:\/\/www.world-governance.org\/site130.html?lang=es\">Confederaci\u00f3n Sindical Internacional<\/a><\/span><span style=\"color: #000000;\"><span style=\"color: #222222;\">\u00a0y <\/span>el\u00a0<a href=\"http:\/\/www.csa-csi.org\/%C3%81reas-de-Actuaci%C3%B3n-eje-3---Organizaci%C3%B3n-Sindical-y-Autorreforma-Juventud-y-Trabajo-Decente-5708\">Comit\u00e9 de la Juventud Trabajadora de las Am\u00e9ricas &#8211; CJTA<\/a>.<\/span><\/span><\/p>\n<p><span style=\"color: #000000; font-family: arial,helvetica,sans-serif; font-size: 12pt;\">Adem\u00e1s de las centrales sindicales, participaron <a href=\"http:\/\/ecuadordecidenotlc.blogspot.com\/\">Ecuador Decide<\/a> (Paulina Mu\u00f1oz), el <a href=\"https:\/\/cdes.org.ec\/webantigua\">Centro de Derechos Econ\u00f3micos y Sociales &#8211; CDES <\/a>(Pablo Iturralde)\u00a0y Mario Unda, quienes dialogaron sobre la \u00faltima arremetida neoliberal que experimenta el Ecuador.<\/span><\/p>\n<p><strong><span style=\"color: #000000;\">REDACCI\u00d3N<\/span> <a href=\"http:\/\/WWW.CDES.ORG.EC\">CDES<\/a><\/strong><\/p>\n<p><a href=\"https:\/\/cdes.org.ec\/webantigua\/wp-content\/uploads\/2016\/11\/CwSNfJ9WIAI469n.jpg\"><img decoding=\"async\" class=\"alignnone wp-image-3932\" src=\"https:\/\/cdes.org.ec\/webantigua\/wp-content\/uploads\/2016\/11\/CwSNfJ9WIAI469n-300x212.jpg\" alt=\"cwsnfj9wiai469n\" width=\"601\" height=\"425\" srcset=\"https:\/\/cdes.org.ec\/webantigua\/wp-content\/uploads\/2016\/11\/CwSNfJ9WIAI469n-200x141.jpg 200w, https:\/\/cdes.org.ec\/webantigua\/wp-content\/uploads\/2016\/11\/CwSNfJ9WIAI469n-300x212.jpg 300w, https:\/\/cdes.org.ec\/webantigua\/wp-content\/uploads\/2016\/11\/CwSNfJ9WIAI469n-400x282.jpg 400w, https:\/\/cdes.org.ec\/webantigua\/wp-content\/uploads\/2016\/11\/CwSNfJ9WIAI469n-600x424.jpg 600w, https:\/\/cdes.org.ec\/webantigua\/wp-content\/uploads\/2016\/11\/CwSNfJ9WIAI469n-768x542.jpg 768w, https:\/\/cdes.org.ec\/webantigua\/wp-content\/uploads\/2016\/11\/CwSNfJ9WIAI469n-800x565.jpg 800w, https:\/\/cdes.org.ec\/webantigua\/wp-content\/uploads\/2016\/11\/CwSNfJ9WIAI469n-1024x723.jpg 1024w, https:\/\/cdes.org.ec\/webantigua\/wp-content\/uploads\/2016\/11\/CwSNfJ9WIAI469n.jpg 1200w\" sizes=\"(max-width: 601px) 100vw, 601px\" \/><\/a>    \t<\/p>\n","protected":false},"excerpt":{"rendered":"<p>\u00a0\u00a0\u00a0\u00a0\u00a0\u00a0\u00a0\u00a0\u00a0\u00a0\u00a0\u00a0\u00a0\u00a0\u00a0\u00a0\u00a0\u00a0\u00a0\u00a0 Foto CDES En el contexto de la \u00abJornada continental [&hellip;]<\/p>\n","protected":false},"author":1,"featured_media":3929,"comment_status":"open","ping_status":"open","sticky":false,"template":"","format":"standard","meta":{"_siteseo_robots_primary_cat":"","_joinchat":[],"footnotes":""},"categories":[23],"tags":[32,35],"class_list":["post-3907","post","type-post","status-publish","format-standard","has-post-thumbnail","hentry","category-tlc","tag-grupos-economicos","tag-tbi"],"_links":{"self":[{"href":"https:\/\/cdes.org.ec\/webantigua\/wp-json\/wp\/v2\/posts\/3907","targetHints":{"allow":["GET"]}}],"collection":[{"href":"https:\/\/cdes.org.ec\/webantigua\/wp-json\/wp\/v2\/posts"}],"about":[{"href":"https:\/\/cdes.org.ec\/webantigua\/wp-json\/wp\/v2\/types\/post"}],"author":[{"embeddable":true,"href":"https:\/\/cdes.org.ec\/webantigua\/wp-json\/wp\/v2\/users\/1"}],"replies":[{"embeddable":true,"href":"https:\/\/cdes.org.ec\/webantigua\/wp-json\/wp\/v2\/comments?post=3907"}],"version-history":[{"count":1,"href":"https:\/\/cdes.org.ec\/webantigua\/wp-json\/wp\/v2\/posts\/3907\/revisions"}],"predecessor-version":[{"id":7152,"href":"https:\/\/cdes.org.ec\/webantigua\/wp-json\/wp\/v2\/posts\/3907\/revisions\/7152"}],"wp:featuredmedia":[{"embeddable":true,"href":"https:\/\/cdes.org.ec\/webantigua\/wp-json\/wp\/v2\/media\/3929"}],"wp:attachment":[{"href":"https:\/\/cdes.org.ec\/webantigua\/wp-json\/wp\/v2\/media?parent=3907"}],"wp:term":[{"taxonomy":"category","embeddable":true,"href":"https:\/\/cdes.org.ec\/webantigua\/wp-json\/wp\/v2\/categories?post=3907"},{"taxonomy":"post_tag","embeddable":true,"href":"https:\/\/cdes.org.ec\/webantigua\/wp-json\/wp\/v2\/tags?post=3907"}],"curies":[{"name":"wp","href":"https:\/\/api.w.org\/{rel}","templated":true}]}}