{"id":3945,"date":"2016-11-15T12:03:03","date_gmt":"2016-11-15T12:03:03","guid":{"rendered":"https:\/\/cdes.org.ec\/webantigua\/?p=3945"},"modified":"2021-04-22T15:26:50","modified_gmt":"2021-04-22T15:26:50","slug":"nueva-investigacion-sobre-la-liquidacion-de-enfarma","status":"publish","type":"post","link":"https:\/\/cdes.org.ec\/webantigua\/nueva-investigacion-sobre-la-liquidacion-de-enfarma\/","title":{"rendered":"Nuestra \u00faltima investigaci\u00f3n sobre la liquidaci\u00f3n de Enfarma"},"content":{"rendered":"<p><span style=\"color: #000000; font-size: 12pt;\">Presentamos nuestra \u00faltima investigaci\u00f3n a prop\u00f3sito de la liquidaci\u00f3n de la empresa farmac\u00e9utica p\u00fablica de Ecuador y su relaci\u00f3n con el destino del cambio de la matriz productiva. Este documento contribuye al debate sobre el derecho a la salud y\u00a0reflexiona sobre la dependencia tecnol\u00f3gica y el poder corporativo\u00a0privado que se impone frente a las orientaciones de\u00a0pol\u00edtica p\u00fablica soberanas.<\/span><\/p>\n<h1><span style=\"color: #ff0000;\">Enfarma enferma y muere: problemas del desarrollo farmac\u00e9utico p\u00fablico en el Ecuador<\/span><\/h1>\n<p><strong><span style=\"color: #000000; font-size: 12pt;\">Descargue el documento\u00a0<a href=\"https:\/\/cdes.org.ec\/webantigua\/wp-content\/uploads\/2016\/11\/EnfarmaEnfermaMuere.pdf\">aqu\u00ed<\/a> <\/span><\/strong><\/p>\n<p><strong><span style=\"color: #000000; font-size: 12pt;\"><a href=\"https:\/\/cdes.org.ec\/webantigua\/wp-content\/uploads\/2016\/11\/Untitled-2.png\"><img decoding=\"async\" class=\"alignnone size-medium wp-image-3955\" src=\"https:\/\/cdes.org.ec\/webantigua\/wp-content\/uploads\/2016\/11\/Untitled-2-211x300.png\" alt=\"untitled\" width=\"211\" height=\"300\" srcset=\"https:\/\/cdes.org.ec\/webantigua\/wp-content\/uploads\/2016\/11\/Untitled-2-200x285.png 200w, https:\/\/cdes.org.ec\/webantigua\/wp-content\/uploads\/2016\/11\/Untitled-2-211x300.png 211w, https:\/\/cdes.org.ec\/webantigua\/wp-content\/uploads\/2016\/11\/Untitled-2-400x570.png 400w, https:\/\/cdes.org.ec\/webantigua\/wp-content\/uploads\/2016\/11\/Untitled-2.png 422w\" sizes=\"(max-width: 211px) 100vw, 211px\" \/><\/a><\/span><\/strong><\/p>\n<p><span style=\"color: #000000; font-size: 12pt;\">\u00ab<em>Se pierde una oportunidad para cambiar la matriz productiva y superar el modelo extractivista-importador, objetivo que se pod\u00eda lograr solamente con pol\u00edticas claras en desarrollo e innovaci\u00f3n, lideradas por una adecuada presencia estatal y con una clara estrategia de relacionamiento con el sector privado, que deb\u00eda incluir mecanismos de control del poder de mercado.<\/em>\u00ab<\/span>    \t<\/p>\n","protected":false},"excerpt":{"rendered":"<p>Presentamos nuestra \u00faltima investigaci\u00f3n a prop\u00f3sito de la liquidaci\u00f3n de [&hellip;]<\/p>\n","protected":false},"author":1,"featured_media":3954,"comment_status":"open","ping_status":"open","sticky":false,"template":"","format":"standard","meta":{"_siteseo_robots_primary_cat":"","_joinchat":[],"footnotes":""},"categories":[5],"tags":[22],"class_list":["post-3945","post","type-post","status-publish","format-standard","has-post-thumbnail","hentry","category-informes","tag-salud"],"_links":{"self":[{"href":"https:\/\/cdes.org.ec\/webantigua\/wp-json\/wp\/v2\/posts\/3945","targetHints":{"allow":["GET"]}}],"collection":[{"href":"https:\/\/cdes.org.ec\/webantigua\/wp-json\/wp\/v2\/posts"}],"about":[{"href":"https:\/\/cdes.org.ec\/webantigua\/wp-json\/wp\/v2\/types\/post"}],"author":[{"embeddable":true,"href":"https:\/\/cdes.org.ec\/webantigua\/wp-json\/wp\/v2\/users\/1"}],"replies":[{"embeddable":true,"href":"https:\/\/cdes.org.ec\/webantigua\/wp-json\/wp\/v2\/comments?post=3945"}],"version-history":[{"count":1,"href":"https:\/\/cdes.org.ec\/webantigua\/wp-json\/wp\/v2\/posts\/3945\/revisions"}],"predecessor-version":[{"id":7151,"href":"https:\/\/cdes.org.ec\/webantigua\/wp-json\/wp\/v2\/posts\/3945\/revisions\/7151"}],"wp:featuredmedia":[{"embeddable":true,"href":"https:\/\/cdes.org.ec\/webantigua\/wp-json\/wp\/v2\/media\/3954"}],"wp:attachment":[{"href":"https:\/\/cdes.org.ec\/webantigua\/wp-json\/wp\/v2\/media?parent=3945"}],"wp:term":[{"taxonomy":"category","embeddable":true,"href":"https:\/\/cdes.org.ec\/webantigua\/wp-json\/wp\/v2\/categories?post=3945"},{"taxonomy":"post_tag","embeddable":true,"href":"https:\/\/cdes.org.ec\/webantigua\/wp-json\/wp\/v2\/tags?post=3945"}],"curies":[{"name":"wp","href":"https:\/\/api.w.org\/{rel}","templated":true}]}}