{"id":3972,"date":"2016-12-15T17:40:00","date_gmt":"2016-12-15T17:40:00","guid":{"rendered":"https:\/\/cdes.org.ec\/webantigua\/?p=3972"},"modified":"2021-04-25T09:55:20","modified_gmt":"2021-04-25T09:55:20","slug":"violacion-de-derechos-humanos-por-la-megamineria-2","status":"publish","type":"post","link":"https:\/\/cdes.org.ec\/webantigua\/violacion-de-derechos-humanos-por-la-megamineria-2\/","title":{"rendered":"VIOLACI\u00d3N DE DERECHOS HUMANOS POR LA MEGAMINER\u00cdA"},"content":{"rendered":"<p><strong><span style=\"font-size: 12pt;\">CDES FRENTE AL CONFLICTO CON EL PUEBLO SHUAR<\/span><\/strong><\/p>\n<p><span style=\"font-size: 12pt;\">Ante los lamentables hechos suscitados en los alrededores del campamento minero de la empresa Ecuacorrientes, en la parroquia Panantza del Cant\u00f3n San Juan Bosco, nos solidarizamos con las familias de los polic\u00edas fallecidos quienes cumpliendo \u00f3rdenes directas -que consideramos inapropiadas y temerarias- \u00a0enfrentaron al Pueblo Shuar, que leg\u00edtimamente defiende su derecho al territorio y a un ambiente sano.<\/span><\/p>\n<p><span style=\"font-size: 12pt;\">Lamentamos recordar que CDES, advirtiera en su informe para el <a href=\"https:\/\/cdes.org.ec\/webantigua\/wp-content\/uploads\/2016\/10\/1-ConsultaPrevia.pdf\">Examen Peri\u00f3dico Universal de las Naciones Unidas<\/a>, sobre la alarma y gravedad de las presiones que desde el Gobierno y el Ministerio del Interior, se infringen sobre el territorio y poblaci\u00f3n Shuar.<\/span><\/p>\n<p><span style=\"font-size: 12pt;\">Consideramos que la reacci\u00f3n de la Comunidad Nankints, responde a su derecho de resistencia leg\u00edtima y se origina, entre otras causas, por la ausencia de un proceso adecuado de consulta previa, libre e informada a las nacionalidades y pueblos ind\u00edgenas, y a las presiones de grupos de poder -nacionales y extranjeros- que cuentan con intereses directos en el proyecto de megaminer\u00eda que amenaza la integridad de los pueblos ancestrales del suroriente ecuatoriano.<\/span><\/p>\n<p><span style=\"font-size: 12pt;\">La defensa del territorio Shuar, no puede considerarse un acto de sabotaje o terrorismo, por el contrario, llamamos la atenci\u00f3n al Gobierno para que reconozca oficialmente la existencia de un conflicto generalizado y rechazo al proyecto minero que ha provocado el desalojo forzado del pueblo Shuar Arutam. \u00a0<\/span><\/p>\n<p><span style=\"font-size: 12pt;\">Hacemos un llamado al Gobierno Nacional para que levante el estado de excepci\u00f3n decretado en la Provincia de Morona Santiago, y retire de inmediato los contingentes policiales y militares del territorio Shuar, para as\u00ed evitar el escalamiento de un conflicto que ha generado la vulneraci\u00f3n de los derechos fundamentales de la poblaci\u00f3n.<\/span><\/p>\n<p><strong><span style=\"font-size: 12pt;\">Centro de Derechos Econ\u00f3micos y Sociales &#8211; CDES<\/span><\/strong>    \t<\/p>\n","protected":false},"excerpt":{"rendered":"<p>CDES FRENTE AL CONFLICTO CON EL PUEBLO SHUAR Ante los [&hellip;]<\/p>\n","protected":false},"author":1,"featured_media":3973,"comment_status":"open","ping_status":"open","sticky":false,"template":"","format":"standard","meta":{"_siteseo_robots_primary_cat":"","_joinchat":[],"footnotes":""},"categories":[8],"tags":[33,11],"class_list":["post-3972","post","type-post","status-publish","format-standard","has-post-thumbnail","hentry","category-tnc","tag-consultaprevia","tag-extractivismo"],"_links":{"self":[{"href":"https:\/\/cdes.org.ec\/webantigua\/wp-json\/wp\/v2\/posts\/3972","targetHints":{"allow":["GET"]}}],"collection":[{"href":"https:\/\/cdes.org.ec\/webantigua\/wp-json\/wp\/v2\/posts"}],"about":[{"href":"https:\/\/cdes.org.ec\/webantigua\/wp-json\/wp\/v2\/types\/post"}],"author":[{"embeddable":true,"href":"https:\/\/cdes.org.ec\/webantigua\/wp-json\/wp\/v2\/users\/1"}],"replies":[{"embeddable":true,"href":"https:\/\/cdes.org.ec\/webantigua\/wp-json\/wp\/v2\/comments?post=3972"}],"version-history":[{"count":1,"href":"https:\/\/cdes.org.ec\/webantigua\/wp-json\/wp\/v2\/posts\/3972\/revisions"}],"predecessor-version":[{"id":7310,"href":"https:\/\/cdes.org.ec\/webantigua\/wp-json\/wp\/v2\/posts\/3972\/revisions\/7310"}],"wp:featuredmedia":[{"embeddable":true,"href":"https:\/\/cdes.org.ec\/webantigua\/wp-json\/wp\/v2\/media\/3973"}],"wp:attachment":[{"href":"https:\/\/cdes.org.ec\/webantigua\/wp-json\/wp\/v2\/media?parent=3972"}],"wp:term":[{"taxonomy":"category","embeddable":true,"href":"https:\/\/cdes.org.ec\/webantigua\/wp-json\/wp\/v2\/categories?post=3972"},{"taxonomy":"post_tag","embeddable":true,"href":"https:\/\/cdes.org.ec\/webantigua\/wp-json\/wp\/v2\/tags?post=3972"}],"curies":[{"name":"wp","href":"https:\/\/api.w.org\/{rel}","templated":true}]}}