{"id":3998,"date":"2017-01-05T09:25:28","date_gmt":"2017-01-05T09:25:28","guid":{"rendered":"https:\/\/cdes.org.ec\/webantigua\/?p=3998"},"modified":"2021-04-25T09:55:04","modified_gmt":"2021-04-25T09:55:04","slug":"estado-enfrenta-crisis-socio-ambiental-con-suspension-de-derechos-militarizacion-allanamientos-y-detenciones","status":"publish","type":"post","link":"https:\/\/cdes.org.ec\/webantigua\/estado-enfrenta-crisis-socio-ambiental-con-suspension-de-derechos-militarizacion-allanamientos-y-detenciones\/","title":{"rendered":"Estado enfrenta crisis socio-ambiental con suspensi\u00f3n de derechos, militarizaci\u00f3n, allanamientos y detenciones"},"content":{"rendered":"<p style=\"text-align: center;\"><strong>PRONUNCIAMIENTO INTERNACIONAL<\/strong><\/p>\n<p style=\"text-align: center;\"><span style=\"color: #800000;\"><strong>ESTADO ECUATORIANO ENFRENTA CRISIS SOCIO-AMBIENTAL CON SUSPENSI\u00d3N DE DERECHOS, MILITARIZACI\u00d3N, ALLANAMIENTOS Y DETENCIONES<\/strong><\/span><\/p>\n<p>Las organizaciones de derechos humanos y sociales que suscriben este pronunciamiento cuestionan la respuesta del Estado ecuatoriano a una crisis socio-ambiental de vieja data, generada por las actividades de las empresas transnacionales mineras en la Amazon\u00eda ecuatoriana, en especial en la provincia de Morona Santiago, mediante la declaratoria de un \u201cestado de excepci\u00f3n\u201d que suspende derechos, militariza la zona, intimida a la poblaci\u00f3n local, realiza allanamientos colectivos y efect\u00faa detenciones arbitrarias.<\/p>\n<p>Los procesos de concesiones a los diferentes proyectos en curso, como el de Panantza-San Carlos, no respetan los derechos territoriales de los pueblos ind\u00edgenas y omiten el derecho a la consulta previa, libre e informada, establecido en el Convenio 169 de la OIT, suscrito y ratificado por el Ecuador, convirti\u00e9ndose en una de las principales causas de la crisis socio-ambiental que el Estado ecuatoriano enfrenta inadecuadamente con centenas de polic\u00edas y militares.<\/p>\n<p>En este contexto, adem\u00e1s, condenan el inicio del proceso de extinci\u00f3n y disoluci\u00f3n de Acci\u00f3n Ecol\u00f3gica, organizaci\u00f3n ecologista y defensora de los derechos de la naturaleza, miembro de la Federaci\u00f3n Internacional de Derechos Humanos (FIDH), entidad a la que las autoridades gubernamentales la acusan de respaldar \u201clas acciones y hechos violentos cumplidos por la comunidad shuar\u201d.<\/p>\n<p>Del mismo modo, rechazan el allanamiento de la sede de la Federaci\u00f3n Interprovincial de Centros Shuar (FICSH) y la detenci\u00f3n de su presidente, Agust\u00edn Wachap\u00e1, acciones que no contribuyen a la b\u00fasqueda de una soluci\u00f3n consensuada de los conflictos y las tensiones en la Amazon\u00eda ecuatoriana.<\/p>\n<p>Las organizaciones de derechos humanos y sociales no dejan de demandar de la Fiscal\u00eda General del Estado y de los tribunales competentes, el esclarecimiento y la sanci\u00f3n de los responsables de las muertes de los dirigentes shuar Bosco Wisum, Freddy Taish y Jos\u00e9 Tendentza, acaecidas a\u00f1os atr\u00e1s, en contextos de defensa de sus derechos colectivos; y, de condenar la muerte del polic\u00eda Jos\u00e9 Mej\u00eda, ocurrida durante los enfrentamientos que tuvieron lugar d\u00edas atr\u00e1s, en la comunidad Nankints, parroquia Panantza, cant\u00f3n San Juan Bosco.<\/p>\n<p>Y, por \u00faltimo, exhortan al Gobierno Nacional a suspender el \u201cestado de excepci\u00f3n\u201d, desmilitarizar la zona, detener el proceso de disoluci\u00f3n de Acci\u00f3n Ecol\u00f3gica e instalar una mesa de di\u00e1logo entre el Estado y las organizaciones ind\u00edgenas, con la participaci\u00f3n de los procedimientos especiales de las Naciones Unidas y las organizaciones regionales e internacionales de derechos humanos, con el prop\u00f3sito de acordar mecanismos institucionales permanentes que garanticen los derechos colectivos y los de la naturaleza en la Amazon\u00eda ecuatoriana, responsabilidad ineludible del Estado ecuatoriano.<\/p>\n<p style=\"text-align: left;\">Quito, diciembre 21 del 2016<\/p>\n<p style=\"text-align: center;\"><span style=\"font-size: 10pt;\"><strong>Amigos de la Tierra de Am\u00e9rica Latina y el Caribe (ATALC) \/ Colombia<\/strong><\/span><\/p>\n<p style=\"text-align: center;\"><span style=\"font-size: 10pt;\"><strong>\u00c1rboles Sin Fronteras \/ Ecuador<\/strong><\/span><\/p>\n<p style=\"text-align: center;\"><span style=\"font-size: 10pt;\"><strong>Asociaci\u00f3n Civil Fuerza, Uni\u00f3n, Justicia, Solidaridad y Paz (FUNPAZ A.C.) \/ Venezuela<\/strong><\/span><\/p>\n<p style=\"text-align: center;\"><span style=\"font-size: 10pt;\"><strong>Asociaci\u00f3n de Derechos Humanos del Azuay \/ Ecuador<\/strong><\/span><\/p>\n<p style=\"text-align: center;\"><span style=\"font-size: 10pt;\"><strong>Cap\u00edtulo Boliviano de Derechos Humanos, Democracia y Desarrollo (CBDHDD) \/ Bolivia<\/strong><\/span><\/p>\n<p style=\"text-align: center;\"><span style=\"font-size: 10pt;\"><strong>Centro de Acci\u00f3n y Defensa por los Derechos Humanos (CADEF) \/ Venezuela<\/strong><\/span><\/p>\n<p style=\"text-align: center;\"><span style=\"font-size: 10pt;\"><strong>Centro de Derechos Econ\u00f3micos y Sociales (CDES) \/ Ecuador <\/strong><\/span><\/p>\n<p style=\"text-align: center;\"><span style=\"font-size: 10pt;\"><strong>Centro de Derechos Humanos de la Universidad Cat\u00f3lica Andr\u00e9s Bello \/ Venezuela<\/strong><\/span><\/p>\n<p style=\"text-align: center;\"><span style=\"font-size: 10pt;\"><strong>Centro de Documentaci\u00f3n en Derechos Humanos \u201cSegundo Montes Mozo S.J.\u201d (CSMM) \/ Ecuador<\/strong><\/span><\/p>\n<p style=\"text-align: center;\"><span style=\"font-size: 10pt;\"><strong>Colectivo Minka Urbana \/ Ecuador<\/strong><\/span><\/p>\n<p style=\"text-align: center;\"><span style=\"font-size: 10pt;\"><strong>Comit\u00e9 Nacional para la Defensa de la Flora y la Fauna (CODEFF) \/ Amigos de la Tierra \/ Chile<\/strong><\/span><\/p>\n<p style=\"text-align: center;\"><span style=\"font-size: 10pt;\"><strong>Comit\u00e9 Permanente por la Defensa de los Derechos Humanos (CDH) \/ Ecuador<\/strong><\/span><\/p>\n<p style=\"text-align: center;\"><span style=\"font-size: 10pt;\"><strong>Coordinadora Ecuatoriana de Organizaciones para la Defensa de la Naturaleza y el Medio Ambiente (CEDENMA) \/ Ecuador<\/strong><\/span><\/p>\n<p style=\"text-align: center;\"><span style=\"font-size: 10pt;\"><strong>Coordinadora Nacional de Derechos Humanos (CNDDHH) \/ Per\u00fa<\/strong><\/span><\/p>\n<p style=\"text-align: center;\"><span style=\"font-size: 10pt;\"><strong>FIAN Ecuador Secci\u00f3n Nacional de FIAN Internacional \/ Ecuador<\/strong><\/span><\/p>\n<p style=\"text-align: center;\"><span style=\"font-size: 10pt;\"><strong>Frente Ecuatoriano de Derechos Humanos (FEDHU) \/ Ecuador<\/strong><\/span><\/p>\n<p style=\"text-align: center;\"><span style=\"font-size: 10pt;\"><strong>Fundaci\u00f3n Pueblo Indio del Ecuador \/ Ecuador<\/strong><\/span><\/p>\n<p style=\"text-align: center;\"><span style=\"font-size: 10pt;\"><strong>Instituto de Investigaci\u00f3n y Capacitaci\u00f3n Pedag\u00f3gica Social (IIPS) \/ Bolivia<\/strong><\/span><\/p>\n<p style=\"text-align: center;\"><span style=\"font-size: 10pt;\"><strong>Observatorio Ciudadano de Servicios P\u00fablicos \/ Ecuador<\/strong><\/span><\/p>\n<p style=\"text-align: center;\"><span style=\"font-size: 10pt;\"><strong>Plataforma Interamericana de Derechos Humanos, Democracia y Desarrollo (PIDHDD, Cap\u00edtulo Ecuador)<\/strong><\/span><\/p>\n<p style=\"text-align: center;\"><span style=\"font-size: 10pt;\"><strong>Plataforma Internacional contra la Impunidad \/ Guatemala \/ Suiza<\/strong><\/span><\/p>\n<p style=\"text-align: center;\"><span style=\"font-size: 12pt;\"><strong>\u00a0<\/strong><\/span><span style=\"color: #800000;\"><strong>Adhesiones personales<\/strong><\/span><\/p>\n<p style=\"text-align: center;\"><strong>Michelle B\u00e1ez, investigadora social \/ Ecuador<\/strong><\/p>\n<p style=\"text-align: center;\"><strong>Lina Cahuasqu\u00ed, activista de derechos humanos \/ Ecuador<\/strong><\/p>\n<p style=\"text-align: center;\"><strong>Pablo A. de la Vega M., activista de derechos humanos \/ Ecuador<\/strong><\/p>\n<p style=\"text-align: center;\"><strong>Sof\u00eda Jarr\u00edn Hidalgo, investigadora social \/ Ecuador<\/strong><\/p>\n<p style=\"text-align: center;\"><strong>Pablo Jos\u00e9 Iturralde, activista de derechos humanos \/ Ecuador<\/strong><\/p>\n<p style=\"text-align: center;\"><strong>Lindomar Padilha, polit\u00f3logo y soci\u00f3logo \/ Brasil<\/strong><\/p>\n<p style=\"text-align: center;\"><strong>Amarela Varela, Universidad Aut\u00f3noma de la Ciudad de M\u00e9xico \/ M\u00e9xico<\/strong><\/p>\n<p style=\"text-align: center;\"><strong>Eduardo Pichilingue, activista de derechos humanos \/ Ecuador<\/strong><\/p>\n<p>&nbsp;<\/p>\n<p><strong>Adhesiones:<\/strong><\/p>\n<p>coordinacionregionalpidhdd@gmail.com    \t<\/p>\n","protected":false},"excerpt":{"rendered":"<p>PRONUNCIAMIENTO INTERNACIONAL ESTADO ECUATORIANO ENFRENTA CRISIS SOCIO-AMBIENTAL CON SUSPENSI\u00d3N DE [&hellip;]<\/p>\n","protected":false},"author":1,"featured_media":3999,"comment_status":"open","ping_status":"open","sticky":false,"template":"","format":"standard","meta":{"_siteseo_robots_primary_cat":"","_joinchat":[],"footnotes":""},"categories":[8],"tags":[11],"class_list":["post-3998","post","type-post","status-publish","format-standard","has-post-thumbnail","hentry","category-tnc","tag-extractivismo"],"_links":{"self":[{"href":"https:\/\/cdes.org.ec\/webantigua\/wp-json\/wp\/v2\/posts\/3998","targetHints":{"allow":["GET"]}}],"collection":[{"href":"https:\/\/cdes.org.ec\/webantigua\/wp-json\/wp\/v2\/posts"}],"about":[{"href":"https:\/\/cdes.org.ec\/webantigua\/wp-json\/wp\/v2\/types\/post"}],"author":[{"embeddable":true,"href":"https:\/\/cdes.org.ec\/webantigua\/wp-json\/wp\/v2\/users\/1"}],"replies":[{"embeddable":true,"href":"https:\/\/cdes.org.ec\/webantigua\/wp-json\/wp\/v2\/comments?post=3998"}],"version-history":[{"count":1,"href":"https:\/\/cdes.org.ec\/webantigua\/wp-json\/wp\/v2\/posts\/3998\/revisions"}],"predecessor-version":[{"id":7309,"href":"https:\/\/cdes.org.ec\/webantigua\/wp-json\/wp\/v2\/posts\/3998\/revisions\/7309"}],"wp:featuredmedia":[{"embeddable":true,"href":"https:\/\/cdes.org.ec\/webantigua\/wp-json\/wp\/v2\/media\/3999"}],"wp:attachment":[{"href":"https:\/\/cdes.org.ec\/webantigua\/wp-json\/wp\/v2\/media?parent=3998"}],"wp:term":[{"taxonomy":"category","embeddable":true,"href":"https:\/\/cdes.org.ec\/webantigua\/wp-json\/wp\/v2\/categories?post=3998"},{"taxonomy":"post_tag","embeddable":true,"href":"https:\/\/cdes.org.ec\/webantigua\/wp-json\/wp\/v2\/tags?post=3998"}],"curies":[{"name":"wp","href":"https:\/\/api.w.org\/{rel}","templated":true}]}}