{"id":4021,"date":"2017-01-15T08:58:15","date_gmt":"2017-01-15T08:58:15","guid":{"rendered":"https:\/\/cdes.org.ec\/webantigua\/?p=4021"},"modified":"2021-06-08T16:11:47","modified_gmt":"2021-06-08T16:11:47","slug":"ecuador-asume-el-g-77china-con-el-reto-de-luchar-contra-los-paraisos-fiscales","status":"publish","type":"post","link":"https:\/\/cdes.org.ec\/webantigua\/ecuador-asume-el-g-77china-con-el-reto-de-luchar-contra-los-paraisos-fiscales\/","title":{"rendered":"Ecuador asume el G-77+China con el reto de luchar contra los para\u00edsos fiscales"},"content":{"rendered":"<h4><span style=\"color: #0000ff;\">Noticia<\/span><\/h4>\n<h4>Ecuador asume el G-77+China con el reto de luchar contra los para\u00edsos fiscales<\/h4>\n<p>El mandatario Rafael Correa recibi\u00f3 la presidencia pro tempore del G-77+China, de manos de su predecesor Tailandia, en el acto estuvo presente el secretario general de la ONU, Antonio Guterres.\u00a0El evento se efectu\u00f3 en la sede de la ONU.<\/p>\n<p>El presidente Rafael Correa lo hab\u00eda anunciado en su partida y lo ratific\u00f3 en el seno de la Organizaci\u00f3n de las Naciones Unidas (ONU): la lucha contra los para\u00edsos fiscales ocupar\u00e1 de manera primordial la agenda de trabajo de Ecuador, que desde ayer dirige el Grupo 77+China.<\/p>\n<p>En su intervenci\u00f3n, el Jefe de Estado se\u00f1al\u00f3 que los para\u00edsos fiscales son uno de los peores enemigos de las naciones, de all\u00ed lanz\u00f3 la frase: \u201cEl mundo necesita m\u00e1s para\u00edsos del conocimiento y menos para\u00edsos fiscales\u201d.<\/p>\n<p>El Mandatario recibi\u00f3 el encargo de manos del canciller de Tailandia, Don Pramudwinai, una vez que dej\u00f3 la presidencia del organismo.<\/p>\n<p>Correa tambi\u00e9n destac\u00f3 en su discurso la importancia de impulsar la agenda urbana, tras recordar el foro que se desarroll\u00f3 el a\u00f1o pasado en Quito.\u00a0 \u201cHoy tenemos la hoja de ruta para la agenda dentro de los pr\u00f3ximos 20 a\u00f1os\u201d.<\/p>\n<p>Cuestion\u00f3 aspectos como la funci\u00f3n de los medios de comunicaci\u00f3n y las inequidades en los llamados pa\u00edses democr\u00e1ticos. Sobre el primer punto sostuvo que un debate fundamental es establecer si una sociedad puede ser libre, cuando la informaci\u00f3n viene de un negocio privado con fines de lucro.<\/p>\n<p>Respecto a la democracia, destac\u00f3 que, para que sea real, debe existir la igualdad de oportunidades y la noci\u00f3n de meritocracia como parte esencial. \u201cLas grandes desigualdades que observamos han creado democracias ficticias\u201d.<\/p>\n<p>Adem\u00e1s, inst\u00f3 a los representantes de las naciones miembros a superar la pobreza, por cuanto es el mayor imperativo moral del planeta, pues si no lo logra una justa distribuci\u00f3n de la riqueza, no se resolver\u00e1n los problemas sociales mundiales.<\/p>\n<p>Asimismo, destac\u00f3 el rol de Ecuador en materia de derechos humanos, como el hecho de que el pa\u00eds acoge a 60.000 desplazados, sobre todo de Colombia, a quienes se les brinda salud y educaci\u00f3n.<\/p>\n<p>Tambi\u00e9n se refiri\u00f3 a los problemas del pa\u00eds frente a las transnacionales petroleras, de manera especial cit\u00f3 el caso Chevron, un asunto que lleva m\u00e1s de 20 a\u00f1os, pero reiter\u00f3 su compromiso de defender la naturaleza con la creaci\u00f3n de un organismo internacional.<\/p>\n<p>\u201cNada justifica que tengamos tribunales para proteger inversiones y obligar a pagar deudas financieras, pero que no tengamos tribunales para proteger la naturaleza y obligar a pagar las deudas ambientales\u201d.<\/p>\n<h4>Tailandia dese\u00f3 \u00e9xitos a Ecuador<\/h4>\n<p>Previamente a la intervenci\u00f3n del gobernante ecuatoriano, el representante de Tailandia, que dej\u00f3 la presidencia del organismo, dese\u00f3 \u00e9xitos a su sucesor.<\/p>\n<p>El canciller tailand\u00e9s, Don Pramudwinai, garantiz\u00f3 al Jefe de Estado el apoyo de su gobierno en la gesti\u00f3n y le entreg\u00f3 un martillo, que simboliza la presidencia del G-77+China; al efectuar el balance del trabajo de la naci\u00f3n asi\u00e1tica, el canciller se\u00f1al\u00f3 que tuvo entre sus prioridades el impulso a la implementaci\u00f3n de la Agenda 2030 de Desarrollo Sostenible. Tambi\u00e9n encabez\u00f3 el bloque guiado por los principios del inter\u00e9s com\u00fan, la flexibilidad y la confianza.<\/p>\n<p>Seg\u00fan Pramudwinai, la solidaridad fue determinante para dirigir durante 2016 al grupo, fundado para ejercer como un catalizador del progreso del sur global.<\/p>\n<h4>Los desaf\u00edos<\/h4>\n<p>Ecuador asume la titularidad del organismo, seg\u00fan el Jefe de Estado, dentro de una instancia global de cooperaci\u00f3n, delicada y compleja. El tema sobre el cual el pa\u00eds pondr\u00e1 \u00e9nfasis es la lucha contra la evasi\u00f3n tributaria y contra la evasi\u00f3n fiscal, adem\u00e1s de no dar tregua a los para\u00edsos fiscales que son enclaves que facilitan la corrupci\u00f3n.<\/p>\n<p>Esas l\u00edneas de trabajo -seg\u00fan el mismo Correa- \u201cson uno de los desaf\u00edos \u00e9ticos de la humanidad\u201d. Por eso se debe acabar \u201ccon una de las mayores expresiones del capitalismo salvaje\u201d.<\/p>\n<p>El Mandatario ya lo hab\u00eda se\u00f1alado antes de viajar a Nueva York, es por ello que, para las naciones miembros, el tema reviste un cambio en la agenda de trabajo.<\/p>\n<p>El G-77 fue creado el 15 de junio de 1964. Como su nombre indica, estuvo conformado en principio por 77 pa\u00edses, aunque en la actualidad el n\u00famero de miembros asciende a 134. La ceremonia de traspaso cont\u00f3 con la participaci\u00f3n del secretario general de la ONU, Antonio Guterres, y otros diplom\u00e1ticos en representaci\u00f3n de los pa\u00edses miembros del G-77+China. (I)<\/p>\n<p><img decoding=\"async\" src=\"http:\/\/www.eltelegrafo.com.ec\/images\/cms\/EdicionImpresa\/2017\/Enero\/14-01-17\/13-01-17-pol-info-Cronologia.jpg?1484359633311\" \/><\/p>\n<h3><span style=\"text-decoration: underline;\">Acercamientos con organizaciones <\/span><\/h3>\n<h4>Canciller destac\u00f3 la importancia de China en el foro<\/h4>\n<p>El representante permanente de Ecuador ante la ONU, Horacio Sevilla, adelant\u00f3 la ma\u00f1ana de ayer las prioridades del pa\u00eds en la presidencia del Grupo de los 77+ China, sobre todo la lucha contra los para\u00edsos fiscales.<\/p>\n<p>En declaraciones a la prensa, el diplom\u00e1tico sostuvo que las naciones del sur pierden enormes recursos financieros debido a la evasi\u00f3n fiscal.<\/p>\n<p>Con ese dinero podr\u00edan lograrse avances en la implementaci\u00f3n de la Agenda 2030 de Desarrollo Sostenible, se\u00f1al\u00f3 el diplom\u00e1tico, a prop\u00f3sito del liderazgo que asumi\u00f3 Ecuador del G-77, que re\u00fane a 134 de los 193 Estados miembros de la Organizaci\u00f3n de las Naciones Unidas.<\/p>\n<p>Seg\u00fan Sevilla, otras prioridades en su gesti\u00f3n de 2017 al frente del Grupo ser\u00e1n la defensa del respeto a los derechos humanos ante las transnacionales, la protecci\u00f3n de los oc\u00e9anos y los temas de la deuda externa.<\/p>\n<p>El canciller Guillaume Long sostuvo que el compromiso de Ecuador al frente del G 77 ser\u00e1 promover el di\u00e1logo entre sus miembros. Recalc\u00f3 la importancia de China en ese marco, pues su participaci\u00f3n \u201ces fundamental para avanzar hacia un orden internacional m\u00e1s justo\u201d.<\/p>\n<p>Record\u00f3 que el financiamiento ser\u00e1 primordial para desarrollar los objetivos mundiales planteados por la ONU y dijo que el G 77 deber\u00e1 \u201chacer seguimiento de la Nueva Agenda Urbana\u201d, realizada en Quito durante la Conferencia de Vivienda y Desarrollo Urbano H\u00e1bitat III. (I)<\/p>\n<p>Fuente:\u00a0El Tel\u00e9grafo    \t<\/p>\n","protected":false},"excerpt":{"rendered":"<p>Noticia Ecuador asume el G-77+China con el reto de luchar [&hellip;]<\/p>\n","protected":false},"author":1,"featured_media":4022,"comment_status":"open","ping_status":"open","sticky":false,"template":"","format":"standard","meta":{"_siteseo_robots_primary_cat":"","_joinchat":[],"footnotes":""},"categories":[9],"tags":[25],"class_list":["post-4021","post","type-post","status-publish","format-standard","has-post-thumbnail","hentry","category-justiciafiscal","tag-elusion-fiscal"],"_links":{"self":[{"href":"https:\/\/cdes.org.ec\/webantigua\/wp-json\/wp\/v2\/posts\/4021","targetHints":{"allow":["GET"]}}],"collection":[{"href":"https:\/\/cdes.org.ec\/webantigua\/wp-json\/wp\/v2\/posts"}],"about":[{"href":"https:\/\/cdes.org.ec\/webantigua\/wp-json\/wp\/v2\/types\/post"}],"author":[{"embeddable":true,"href":"https:\/\/cdes.org.ec\/webantigua\/wp-json\/wp\/v2\/users\/1"}],"replies":[{"embeddable":true,"href":"https:\/\/cdes.org.ec\/webantigua\/wp-json\/wp\/v2\/comments?post=4021"}],"version-history":[{"count":1,"href":"https:\/\/cdes.org.ec\/webantigua\/wp-json\/wp\/v2\/posts\/4021\/revisions"}],"predecessor-version":[{"id":7149,"href":"https:\/\/cdes.org.ec\/webantigua\/wp-json\/wp\/v2\/posts\/4021\/revisions\/7149"}],"wp:featuredmedia":[{"embeddable":true,"href":"https:\/\/cdes.org.ec\/webantigua\/wp-json\/wp\/v2\/media\/4022"}],"wp:attachment":[{"href":"https:\/\/cdes.org.ec\/webantigua\/wp-json\/wp\/v2\/media?parent=4021"}],"wp:term":[{"taxonomy":"category","embeddable":true,"href":"https:\/\/cdes.org.ec\/webantigua\/wp-json\/wp\/v2\/categories?post=4021"},{"taxonomy":"post_tag","embeddable":true,"href":"https:\/\/cdes.org.ec\/webantigua\/wp-json\/wp\/v2\/tags?post=4021"}],"curies":[{"name":"wp","href":"https:\/\/api.w.org\/{rel}","templated":true}]}}