{"id":4027,"date":"2017-01-24T12:03:37","date_gmt":"2017-01-24T17:03:37","guid":{"rendered":"https:\/\/cdes.org.ec\/webantigua\/?p=4027"},"modified":"2021-06-07T21:00:12","modified_gmt":"2021-06-07T21:00:12","slug":"carta-de-fidh-a-los-candidatos-sobre-disolucion-de-organizaciones-de-la-sociedad-civil","status":"publish","type":"post","link":"https:\/\/cdes.org.ec\/webantigua\/carta-de-fidh-a-los-candidatos-sobre-disolucion-de-organizaciones-de-la-sociedad-civil\/","title":{"rendered":"Carta de FIDH a los candidatos sobre disoluci\u00f3n de organizaciones de la sociedad civil"},"content":{"rendered":"<p>Par\u00eds, Ginebra, 19 de enero de 2017<\/p>\n<div id=\"page-bg\">\n<div class=\"wrapper\">\n<div class=\"shadow-left\">\n<div class=\"shadow-right\">\n<div class=\"main-page\">\n<div class=\"main-page2\">\n<div class=\"main-page3\">\n<div class=\"main-page4\">\n<div id=\"main-section\">\n<div class=\"padding\">\n<div class=\"main-content block\">\n<div id=\"center-column\">\n<div class=\"padding\">\n<p style=\"text-align: justify;\"><strong>Sres. Abdal\u00e1 Bucaram, Iv\u00e1n Espinel, Guillermo Lasso, Paco Moncayo, Len\u00edn Moreno, Washington Pes\u00e1ntez, Cynthia Viteri y Patricio Zuquilanda &#8211; Candidatos a la presidencia del Ecuador,<\/strong><\/p>\n<p style=\"text-align: justify;\">El Observatorio para la Protecci\u00f3n de los Defensores de Derechos Humanos (FIDH-OMCT), acoge con satisfacci\u00f3n la decisi\u00f3n tomada el 12 de enero por el gobierno del Ecuador de no disolver la ONG Acci\u00f3n Ecol\u00f3gica, organizaci\u00f3n miembro de la FIDH, e insta a todos los candidatos presidenciales a comprometerse p\u00fablicamente a derogar los Decretos no conformes al derecho internacional y que habilitan la disoluci\u00f3n de organizaciones de la sociedad civil.<\/p>\n<p style=\"text-align: justify;\">\u00a0Recientemente, el gobierno ecuatoriano a trav\u00e9s del Ministerio del Interior, decidi\u00f3 iniciar acciones para cerrar la ONG Acci\u00f3n Ecol\u00f3gica argumentando que las cr\u00edticas hechas por esa organizaci\u00f3n al modelo extractivista del Estado afectaban la seguridad nacional as\u00ed como la imagen del Ecuador ante la comunidad internacional.<\/p>\n<p style=\"text-align: justify;\">\u00a0Afortunadamente, el cierre de la organizaci\u00f3n no tuvo lugar. Sin embargo resulta sumamente preocupante que los decretos que habilitan al Gobierno a disolver organizaciones permanezcan vigentes lo cual coloca a la sociedad civil en una situaci\u00f3n extremadamente delicada y constituye una clara violaci\u00f3n de los est\u00e1ndares internacionales de derechos humanos y, por lo tanto, de los compromisos internacionales del Ecuador, como lo son los art\u00edculos 21 y 22 del Pacto Internacional de Derechos Civiles y Pol\u00edticos.<\/p>\n<p style=\"text-align: justify;\">Por ello, el Observatorio les insta a ustedes como candidatos a la presidencia del Ecuador, a incluir en su agenda y programa de gobierno la abrogaci\u00f3n del Decreto N\u00ba16<a title=\"\" href=\"http:\/\/www.accionecologica.org\/component\/content\/article\/2173-carta-de-fidh-a-los-candidatos-sobre-disolucion-de-organizaciones-de-la-sociedad-civil#_ftn1\" name=\"_ftnref1\">[1]<\/a> del a\u00f1o 2013 y del Decreto 739 de 2015 que se utilizaron recientemente para solicitar la disoluci\u00f3n de Acci\u00f3n Ecol\u00f3gica, as\u00ed como para disolver a la Uni\u00f3n Nacional de Educadores (UNE) en agosto de 2016, para cerrar a la organizaci\u00f3n Pachamama en diciembre de 2013 y para amenazar con el cierre de FUNDAMEDIOS en 2015. Este marco normativo permite la disoluci\u00f3n de organizaciones sociales, vulnerando los est\u00e1ndares de la Oficina del Alto Comisionado de Derechos Humanos (OACNUDH), en especial los derechos de libertad de asociaci\u00f3n y libertad de expresi\u00f3n<a title=\"\" href=\"http:\/\/www.accionecologica.org\/component\/content\/article\/2173-carta-de-fidh-a-los-candidatos-sobre-disolucion-de-organizaciones-de-la-sociedad-civil#_ftn2\" name=\"_ftnref2\">[2]<\/a>.<\/p>\n<p style=\"text-align: justify;\">Concretamente, estos decretos ejecutivos son inconstitucionales, al vulnerar los art\u00edculos 132 y 133 de la Constituci\u00f3n ecuatoriana. Vulneran el principio de legalidad, pues las causales para disolver organizaciones son ambiguas y vagas; y vulneran el principio de Reserva de Ley que faculta solamente al Congreso, para emitir normas permanentes que restrinjan derechos fundamentales. Maina Kiai, Relator Especial de Naciones Unidas sobre los derechos a la libertad de reuni\u00f3n pac\u00edfica y de asociaci\u00f3n ha se\u00f1alado que \u201cLa suspensi\u00f3n y la disoluci\u00f3n involuntarias son tal vez las sanciones m\u00e1s graves que las autoridades pueden imponer a una organizaci\u00f3n. Deben utilizarse \u00fanicamente cuando sean insuficientes otras medidas menos restrictivas, y deben regirse por los principios de proporcionalidad y necesidad\u201d.<\/p>\n<p style=\"text-align: justify;\">Resulta preocupante que a trav\u00e9s de procedimientos de esta \u00edndole se pueda seguir criminalizando la defensa de derechos humanos y los derechos vinculados a la naturaleza, tal como ha sucedido en el caso del cierre de la ONG Pachamama en 2013.<\/p>\n<p style=\"text-align: justify;\">El apoyo a las comunidades para la exigibilidad de sus derechos no puede considerarse un argumento para clausurar organizaciones, muy por el contrario, las organizaciones de defensa de derechos humanos son un pilar esencial para el fortalecimiento y consolidaci\u00f3n de las Democracias y del Estado de Derecho.<\/p>\n<p style=\"text-align: justify;\">El Observatorio reitera su compromiso de vigilancia para velar por que ning\u00fan defensor o defensora de derechos humanos en el Ecuador sea perseguido o criminalizado por razones como las descritas y porque las organizaciones de la sociedad civil puedan llevar a cabo sus leg\u00edtimas actividades sin represalias por parte de los poderes p\u00fablicos del pa\u00eds.<\/p>\n<p style=\"text-align: justify;\">Sin otro particular, les saludamos atentamente.<\/p>\n<p style=\"text-align: justify;\"><strong>Sr. Dimitris Christopoulos, Presidente de la FIDH<\/strong><\/p>\n<p style=\"text-align: justify;\"><strong>Sr. Gerald Staberock, Secretario General de la Organizaci\u00f3n Mundial Contra la Tortura (OMCT)<\/strong><\/p>\n<p style=\"text-align: justify;\"><strong>El Observatorio para la Protecci\u00f3n de los Defensores de Derechos Humanos (el Observatorio) es un programa creado en 1997 por la FIDH y la Organizaci\u00f3n Mundial Contra la Tortura (OMCT) y tiene por objetivo intervenir para prevenir o remediar situaciones concretas de represi\u00f3n contra los defensores y defensoras de los derechos humanos. FIDH y OMCT son ambos miembros de ProtectDefenders.eu, el Mecanismo de la Uni\u00f3n Europea para Defensores de Derechos Humanos implementado por sociedad civil internacional.<\/strong><\/p>\n<p>&nbsp;<\/p>\n<\/div>\n<\/div>\n<\/div>\n<\/div>\n<\/div>\n<\/div>\n<\/div>\n<\/div>\n<\/div>\n<\/div>\n<\/div>\n<\/div>\n<\/div>\n","protected":false},"excerpt":{"rendered":"<p>Par\u00eds, Ginebra, 19 de enero de 2017 Sres. Abdal\u00e1 Bucaram, [&hellip;]<\/p>\n","protected":false},"author":1,"featured_media":4030,"comment_status":"open","ping_status":"open","sticky":false,"template":"","format":"standard","meta":{"_siteseo_robots_primary_cat":"","_joinchat":[],"footnotes":""},"categories":[79],"tags":[36,37],"class_list":["post-4027","post","type-post","status-publish","format-standard","has-post-thumbnail","hentry","category-derechos-politicos-y-civiles","tag-epu-ecuador","tag-onu"],"_links":{"self":[{"href":"https:\/\/cdes.org.ec\/webantigua\/wp-json\/wp\/v2\/posts\/4027","targetHints":{"allow":["GET"]}}],"collection":[{"href":"https:\/\/cdes.org.ec\/webantigua\/wp-json\/wp\/v2\/posts"}],"about":[{"href":"https:\/\/cdes.org.ec\/webantigua\/wp-json\/wp\/v2\/types\/post"}],"author":[{"embeddable":true,"href":"https:\/\/cdes.org.ec\/webantigua\/wp-json\/wp\/v2\/users\/1"}],"replies":[{"embeddable":true,"href":"https:\/\/cdes.org.ec\/webantigua\/wp-json\/wp\/v2\/comments?post=4027"}],"version-history":[{"count":1,"href":"https:\/\/cdes.org.ec\/webantigua\/wp-json\/wp\/v2\/posts\/4027\/revisions"}],"predecessor-version":[{"id":7942,"href":"https:\/\/cdes.org.ec\/webantigua\/wp-json\/wp\/v2\/posts\/4027\/revisions\/7942"}],"wp:featuredmedia":[{"embeddable":true,"href":"https:\/\/cdes.org.ec\/webantigua\/wp-json\/wp\/v2\/media\/4030"}],"wp:attachment":[{"href":"https:\/\/cdes.org.ec\/webantigua\/wp-json\/wp\/v2\/media?parent=4027"}],"wp:term":[{"taxonomy":"category","embeddable":true,"href":"https:\/\/cdes.org.ec\/webantigua\/wp-json\/wp\/v2\/categories?post=4027"},{"taxonomy":"post_tag","embeddable":true,"href":"https:\/\/cdes.org.ec\/webantigua\/wp-json\/wp\/v2\/tags?post=4027"}],"curies":[{"name":"wp","href":"https:\/\/api.w.org\/{rel}","templated":true}]}}