{"id":4047,"date":"2017-03-02T14:14:36","date_gmt":"2017-03-02T14:14:36","guid":{"rendered":"https:\/\/cdes.org.ec\/webantigua\/?p=4047"},"modified":"2021-06-07T15:39:19","modified_gmt":"2021-06-07T15:39:19","slug":"organizaciones-indigenas-exigen-al-gobierno-ecuatoriano-reconozca-el-atentado-contra-el-pueblo-shuar","status":"publish","type":"post","link":"https:\/\/cdes.org.ec\/webantigua\/organizaciones-indigenas-exigen-al-gobierno-ecuatoriano-reconozca-el-atentado-contra-el-pueblo-shuar\/","title":{"rendered":"ORGANIZACIONES IND\u00cdGENAS EXIGEN AL GOBIERNO ECUATORIANO RECONOZCA EL ATENTADO CONTRA EL PUEBLO SHUAR"},"content":{"rendered":"<div class=\"td-post-header\">\n<header class=\"td-post-title\">\n<h1 class=\"entry-title\">NOTICIAS<\/h1>\n<\/header>\n<\/div>\n<div class=\"td-post-content\">\n<p>La Confederaci\u00f3n de Nacionalidades Ind\u00edgenas de la Amazon\u00eda Ecuatoriana (Confeniae) present\u00f3 su informe sobre el conflicto en la regi\u00f3n del Condor Mirador, al sur de la Amazon\u00eda Ecuatoriana (<strong>ver cuadro abajo<\/strong>). Junto a la Conaie y la Federaci\u00f3n Interprovincial de Centros Shuar (FICSH) han realizado una revisi\u00f3n en campo, tras el per\u00edodo de Estado de excepci\u00f3n declarado por el gobierno ecuatoriano en la provincia de Morona Santiago y los conflictos causados por procesos de resistencias a los proyectos mega mineros ejecutados en el territorio de la nacionalidad Shuar del Ecuador. En informe publicado en su red social, representantes de la Confeniae informan que: \u201ctras un trabajo sistem\u00e1tico y prolijo de recopilaci\u00f3n de informaci\u00f3n de los afectados directos en las comunidades de base, hemos podido constatar la grav\u00edsima afectaci\u00f3n a los derechos humanos de los comuneros de cuatro centros Shuar\u201d.<\/p>\n<table width=\"100%\">\n<tbody>\n<tr>\n<td>\u2013 1 (todav\u00eda sin atenci\u00f3n m\u00e9dica)\u2013 1 comunero herido con bala de alto calibre por parte del ej\u00e9rcito (recuperado tras dos meses de sanaci\u00f3n con medicina ancestral)<\/p>\n<p>\u2013 Decenas de bombas incendiarias de fabricaci\u00f3n industrial colocadas por el ej\u00e9rcito en casas y fincas de la comunidad Tsuntsuim<\/p>\n<p>\u2013 35 familias y 150 personas desplazadas en la comunidad Tink (a\u00fan no cuantificado el n\u00famero total de desplazados en otras zonas)<\/p>\n<p>\u2013 4 centros Shuar directamente afectados con desplazamiento forzado tras la completa militarizaci\u00f3n de sus territorios: Nankints, Tsuntsuim, San Pedro, Kutukus.<\/p>\n<p>\u2013 M\u00e1s de 80 ni\u00f1os, mujeres embarazadas, beb\u00e9s y ancianos afectados psicol\u00f3gicamente por la p\u00e9rdida de sus casas, cultivos, animales dom\u00e9sticos y la salida forzada de sus tierras producto de la invasi\u00f3n militar a sus comunidades.<\/p>\n<p>\u2013 M\u00e1s de 60 ni\u00f1os, ni\u00f1as y adolescentes en edad escolar no han tenido acceso a la educaci\u00f3n en sus respectivos establecimientos.<\/p>\n<p>\u2013 40 l\u00edderes locales perseguidos y m\u00e1s de 60 criminalizados a nivel de la Amazon\u00eda por el caso Nankints.<\/p>\n<p>\u2013 M\u00e1s de 15 centros Shuar sufren impactos directos de la mega miner\u00eda en las 41.700 hect\u00e1reas que abarca el proyecto minero San Carlos Panantza.<\/p>\n<p><strong>Fuente: Confeniae. Mire el <a href=\"https:\/\/conaie.org\/2017\/03\/01\/realidades-que-gobierno-de-correa-intenta-ocultar-caso-nankints\/\">informe completo aqu\u00ed<\/a><\/strong><\/td>\n<\/tr>\n<\/tbody>\n<\/table>\n<p>Frente a las cifras y denuncias presentados, las organizaciones mencionadas exigen que el gobierno ecuatoriano \u201creconozca los hechos y no oculte el grav\u00edsimo atentado contra los derechos humanos del pueblo Shuar\u201d \u2013 dice el informe. Adem\u00e1s se exige \u201cla desmilitarizaci\u00f3n total del territorio Shuar y la reparaci\u00f3n de los da\u00f1os causados por la acci\u00f3n inconsciente de las fuerzas armadas bajo las \u00f3rdenes del estado ecuatoriano, \u00fanico y directo responsable de la violencia que supuestamente rechaza pero que al contrario ha generado al militarizar el territorio Shuar\u201d.<\/p>\n<p><strong>Dato: <\/strong><a href=\"https:\/\/www.youtube.com\/watch?v=v2D99YHGuRU&amp;t=317s\">\u00bfSabes c\u00f3mo surgi\u00f3 el conflicto megaminero en Nankints?<\/a>\u00a0vea el siguiente video<\/p>\n<p><iframe src=\"https:\/\/www.youtube.com\/embed\/v2D99YHGuRU?start=317&amp;feature=oembed\" width=\"100%\" height=\"360\" frameborder=\"0\" allowfullscreen=\"allowfullscreen\" data-mce-fragment=\"1\"><\/iframe><\/p>\n<p>Los consejos de las organizaciones ind\u00edgenas exhortan a los organismos nacionales e internacionales de derechos humanos \u201ca velar por el resarcimiento de los derechos vulnerados del pueblo Shuar y a las organizaciones sociales, opini\u00f3n p\u00fablica y comunidad en general a sumarse en acciones de solidaridad ante los atropellos cometidos\u201d \u2013 afirman.<\/p>\n<p>El pasado 15 de febrero, se cumplieron los 60 d\u00edas de Estado de excepci\u00f3n que cambiaron la rutina de los moradores de Morona Santiago. El 19 de febrero, en la misma provincia, fue elegido el banquero Guillermo Lasso, para enfrentar a Len\u00edn Moreno, candidato gobiernista en la segunda vuelta de las elecciones presidenciales. La regi\u00f3n, es conocida por su apoyo masivo al Movimiento Pachakutik \u2013 partido vinculado al sector ind\u00edgena \u2013, lo cual puede llegar a ser, el peso clave en la balanza electoral que va decidir el futuro de Ecuador el pr\u00f3ximo 2 de abril.<\/p>\n<p><strong>Contexto del conflicto en Nankints<\/strong><\/p>\n<p>Desde el pasado 14 de diciembre de 2016, tras la muerte del cabo Luis Mejia ,se ha declarado Estado de excepci\u00f3n en la provincia de Morona Santiago. Al d\u00eda de hoy, el presidente ecuatoriano Rafael Correa, ha identificado en su programa semanal la existencia de \u201cun grupo min\u00fasculo de extremistas de la etnia de la nacionalidad Shuar; con dirigentes irresponsables, que siempre han demostrado comportamientos muy violentos\u201d. De acuerdo con el presidente, se tratar\u00eda \u201cde grupos paramilitares y semidelincuenciales que no est\u00e1n luchando por ideales, est\u00e1n luchando por imponerse a la fuerza\u201d.<\/p>\n<p>Lea tambi\u00e9n:\u00a0<a href=\"http:\/\/www.accionecologica.org\/editoriales\/1961-2016-09-06-16-05-19\">El fest\u00edn minero y el proyecto Panantza San Carlos Nankints una nueva v\u00edctima de la miner\u00eda y las empresas chinas en Ecuador<\/a><\/p>\n<p>Sin embargo, desde agosto del mismo a\u00f1o, tanto habitantes campesinos como ind\u00edgena, siguen denunciando actos de violencia vividos durante el proceso de desalojo ejercido por fuerzas policiales en Nankints, territorio concesionado por 25 a\u00f1os a la empresa minera Explorcobres S.A. (EXSA), propiedad de dos empresas de origen chino: Tongling Nonferrous Metals y CRCC China Railway Construction Corporated. Tras el mencionado desalojo, fue construido el campamento que es parte del proyecto mega minero Panantza San Carlos, desarrollado en un \u00e1rea total de 41.760 hect\u00e1reas, en fase de exploraci\u00f3n avanzada. (Para una comparaci\u00f3n, el \u00e1rea del proyecto minero Conga, ubicado al norte de Per\u00fa, es de 34 mil hect\u00e1reas).<\/p>\n<p><strong>Testimonio de Luis Tiwiram sobre desalojo en Nankints:<\/strong><\/p>\n<p><iframe src=\"https:\/\/www.youtube.com\/embed\/N9aZGbOaHWs?feature=oembed\" width=\"100%\" height=\"360\" frameborder=\"0\" allowfullscreen=\"allowfullscreen\" data-mce-fragment=\"1\"><\/iframe><\/p>\n<p>Lea tambi\u00e9n:\u00a0<a href=\"https:\/\/www.fidh.org\/es\/region\/americas\/ecuador\/ecuador-decision-arbitraria-de-disolucion-de-la-ong-accion-ecologica\">Ecuador Decisi\u00f3n arbitraria de disoluci\u00f3n de la ONG Acci\u00f3n Ecol\u00f3gica<\/a><\/p>\n<p>Otro punto importante, que tambi\u00e9n es objeto de cuestionamiento, es la licencia ambiental concedida en el a\u00f1o de 2011 por el Ministerio del Medio Ambiente con base en un estudio de impacto ambiental presentado diez a\u00f1os atr\u00e1s, cuando estaba vigente otra normativa constitucional, otra legislaci\u00f3n minera y ambiental \u2013 seg\u00fan inform\u00f3 la organizaci\u00f3n Acci\u00f3n Ecol\u00f3gica. En su p\u00e1gina <em>online<\/em>, tras el desalojo de los Nankints, los representantes de \u00e9sta organizaci\u00f3n han alertado preventivamente sobre \u201cla gravedad de las acciones u omisiones del gobierno ecuatoriano\u201d. Dicen que \u00e9ste ser\u00eda responsabilizado por \u201clos crecientes conflictos socio ambientales que podr\u00eda provocar la explotaci\u00f3n del mencionado Proyecto Minero\u201d.<\/p>\n<p>Lea tambi\u00e9n:\u00a0<a href=\"http:\/\/www.planv.com.ec\/historias\/sociedad\/el-fin-del-mundo-shuar-nankints\">El fin del mundo de los shuar de Nankints<\/a><\/p>\n<p>De hecho, el d\u00eda 21 noviembre de 2016, un grupo de ind\u00edgenas shuar regres\u00f3 para recuperar su territorio y se intensificaron los enfrentamientos con la represi\u00f3n por parte de fuerzas policiales y militares. Seg\u00fan la versi\u00f3n presentada por Correa, las tierras reivindicadas \u201cnunca fueron ancestrales\u201d y Nankints ser\u00eda apenas \u201cuna comunidad artificial, [que] no est\u00e1 reconocida\u201d \u2013 dijo en su Enlace Ciudadano n\u00famero 505, en diciembre de 2016.<\/p>\n<p>Por su parte, Jorge Herrera, presidente de la Conaie, en ese momento afirm\u00f3 que \u201clas comunidades en el territorio Nankints no son invasores, son comunidades milenarias, son comunidades que, durante cientos de a\u00f1os est\u00e1n viviendo en su territorio\u201d.<\/p>\n<p><strong>Rueda de Prensa CONAIE &amp; CONFENIAE situaci\u00f3n Panantza \u2013 Morona Santiago<\/strong><\/p>\n<p><iframe src=\"https:\/\/www.youtube.com\/embed\/cm992D-b2Mk?feature=oembed\" width=\"100%\" height=\"360\" frameborder=\"0\" allowfullscreen=\"allowfullscreen\" data-mce-fragment=\"1\"><\/iframe><\/p>\n<p><strong>Testimonio Mar\u00eda Alluy \u2013 Mujer Shuar #SOSPuebloShuar<\/strong><\/p>\n<p><iframe src=\"https:\/\/www.youtube.com\/embed\/EuKDcpC3O1o?feature=oembed\" width=\"100%\" height=\"360\" frameborder=\"0\" allowfullscreen=\"allowfullscreen\" data-mce-fragment=\"1\"><\/iframe><\/p>\n<p><strong>Testimonio de M\u00f3nica Ambama \u2013 Mujer Shuar #SOSPuebloShuar<\/strong><\/p>\n<p><iframe src=\"https:\/\/www.youtube.com\/embed\/IFGm5MOc-fE?feature=oembed\" width=\"100%\" height=\"360\" frameborder=\"0\" allowfullscreen=\"allowfullscreen\" data-mce-fragment=\"1\"><\/iframe><\/p>\n<p><strong>COBERTURA] #SOSPuebloShuar acciones de solidaridad \u2013 Cobertura Wambra Radio<\/strong><\/p>\n<p><iframe src=\"https:\/\/www.youtube.com\/embed\/0ju65Z-hjJM?feature=oembed\" width=\"100%\" height=\"360\" frameborder=\"0\" allowfullscreen=\"allowfullscreen\" data-mce-fragment=\"1\"><\/iframe><\/p>\n<p><a href=\"http:\/\/www.diarioperu.com.pe\/\">Edici\u00f3n Central Diario Per\u00fa<\/a>\u00a0By <a href=\"http:\/\/www.diarioperu.com.pe\/author\/cesarestrada\/\">Macro Norte Diario Per\u00fa<\/a><\/p>\n<\/div>\n","protected":false},"excerpt":{"rendered":"<p>NOTICIAS La Confederaci\u00f3n de Nacionalidades Ind\u00edgenas de la Amazon\u00eda Ecuatoriana [&hellip;]<\/p>\n","protected":false},"author":1,"featured_media":3996,"comment_status":"open","ping_status":"open","sticky":false,"template":"","format":"standard","meta":{"_siteseo_robots_primary_cat":"","_joinchat":[],"footnotes":""},"categories":[38],"tags":[36],"class_list":["post-4047","post","type-post","status-publish","format-standard","has-post-thumbnail","hentry","category-pueblos-indigenas","tag-epu-ecuador"],"_links":{"self":[{"href":"https:\/\/cdes.org.ec\/webantigua\/wp-json\/wp\/v2\/posts\/4047","targetHints":{"allow":["GET"]}}],"collection":[{"href":"https:\/\/cdes.org.ec\/webantigua\/wp-json\/wp\/v2\/posts"}],"about":[{"href":"https:\/\/cdes.org.ec\/webantigua\/wp-json\/wp\/v2\/types\/post"}],"author":[{"embeddable":true,"href":"https:\/\/cdes.org.ec\/webantigua\/wp-json\/wp\/v2\/users\/1"}],"replies":[{"embeddable":true,"href":"https:\/\/cdes.org.ec\/webantigua\/wp-json\/wp\/v2\/comments?post=4047"}],"version-history":[{"count":1,"href":"https:\/\/cdes.org.ec\/webantigua\/wp-json\/wp\/v2\/posts\/4047\/revisions"}],"predecessor-version":[{"id":7306,"href":"https:\/\/cdes.org.ec\/webantigua\/wp-json\/wp\/v2\/posts\/4047\/revisions\/7306"}],"wp:featuredmedia":[{"embeddable":true,"href":"https:\/\/cdes.org.ec\/webantigua\/wp-json\/wp\/v2\/media\/3996"}],"wp:attachment":[{"href":"https:\/\/cdes.org.ec\/webantigua\/wp-json\/wp\/v2\/media?parent=4047"}],"wp:term":[{"taxonomy":"category","embeddable":true,"href":"https:\/\/cdes.org.ec\/webantigua\/wp-json\/wp\/v2\/categories?post=4047"},{"taxonomy":"post_tag","embeddable":true,"href":"https:\/\/cdes.org.ec\/webantigua\/wp-json\/wp\/v2\/tags?post=4047"}],"curies":[{"name":"wp","href":"https:\/\/api.w.org\/{rel}","templated":true}]}}