{"id":4053,"date":"2017-03-20T10:09:32","date_gmt":"2017-03-20T10:09:32","guid":{"rendered":"https:\/\/cdes.org.ec\/webantigua\/?p=4053"},"modified":"2021-06-04T18:37:00","modified_gmt":"2021-06-04T18:37:00","slug":"la-cidh-pide-a-ecuador-explicaciones-por-la-muerte-de-tres-lideres-indigenas","status":"publish","type":"post","link":"https:\/\/cdes.org.ec\/webantigua\/la-cidh-pide-a-ecuador-explicaciones-por-la-muerte-de-tres-lideres-indigenas\/","title":{"rendered":"La CIDH pide a Ecuador explicaciones por la muerte de tres l\u00edderes ind\u00edgenas"},"content":{"rendered":"<p>La Comisi\u00f3n Interamericana de Derechos Humanos (CIDH) pidi\u00f3 este 17 de marzo del 2015 a Ecuador explicaciones por la muerte de tres l\u00edderes ind\u00edgenas del pueblo Shuar, que vive en la regi\u00f3n amaz\u00f3nica del pa\u00eds donde se llevan a cabo proyectos de explotaci\u00f3n petrolera, minera e hidroel\u00e9ctrica.<\/p>\n<p>En un audiencia ante la CIDH, a la que no acudi\u00f3 Ecuador, dos l\u00edderes ind\u00edgenas y dos asociaciones denunciaron un &#8216;patr\u00f3n estructural de violencia&#8217;, el &#8216;hostigamiento&#8217; a los l\u00edderes ind\u00edgenas y la criminalizaci\u00f3n de la protesta, que \u00abincluso llega a matar\u00bb.<\/p>\n<p>Al tratarse de un caso de derechos humanos, la comisionada Tracy Robinson pidi\u00f3 informaci\u00f3n a Ecuador, ausente por cuarta vez consecutiva de las audiencias sobre su pa\u00eds programadas en la CIDH, organismo al que el pa\u00eds acusa de ser parcial en contra suya y de otros pa\u00edses<\/p>\n<p>. \u00abQuiero invitar a Ecuador a dar su perspectiva. Invito al Estado a responder a las acusaciones y dar informaci\u00f3n de los hechos. Cuando oigo las denuncias de asesinatos, creo que no existe un mejor escenario que este para enfrentar las violaciones de derechos humanos\u00bb, destac\u00f3 la comisionada.<\/p>\n<p>El resto de integrantes de la CIDH lamentaron la ausencia del Estado ecuatoriano, porque les impide o\u00edr otros puntos de vista para evaluar la situaci\u00f3n y tacharon de &#8216;preocupante&#8217; el presunto acaso que sufren las personas dedicadas a defender los derechos del pueblo shuar.<\/p>\n<p>Durante la audiencia, ofreci\u00f3 su testimonio uno de los l\u00edderes de los shuar, Domingo Ankuash, que denunci\u00f3 la incursi\u00f3n de diferentes empresas en las provincias amaz\u00f3nicas con proyectos independientes, que buscan convertir el territorio de los ind\u00edgenas &#8216;en un distrito minero&#8217;.<\/p>\n<p>Entre todos los proyectos, los denunciantes pusieron de ejemplo el proyecto &#8216;Mirador&#8217;, el primer megaproyecto de extracci\u00f3n de cobre a cielo abierto en Ecuador, en manos de una empresa de capital chino Ecuacorriente S.A. (ECSA), que seg\u00fan los denunciantes compr\u00f3 esa firma a la canadiense Corriente Resources.<\/p>\n<p>Al respecto, Lu\u00eds Corral, de la Asamblea de los Pueblos del Sur, advirti\u00f3 de que este proyecto es \u00abapenas la punta del ovillo\u00bb y denunci\u00f3 \u00abla construcci\u00f3n de un mega distrito minero en toda la Cordillera del C\u00f3ndor, con proyectos mineros a cielo abierto a gran escala\u00bb.<\/p>\n<p>\u00abLos tres asesinados que denunciamos est\u00e1n relacionados con la imposici\u00f3n ilegal e ileg\u00edtima de este proyecto minero hidroel\u00e9ctrico y petrolero\u00bb, afirm\u00f3 Corral.<\/p>\n<p>En su exposici\u00f3n, los denunciantes se refirieron a la muerte de Jos\u00e9 Tendetza, encontrado muerto en 2014 en un r\u00edo pocos d\u00edas antes de la cumbre de los Pueblos ante el Cambio Clim\u00e1tico de Lima (Per\u00fa), a la que pensaba asistir para denunciar los proyectos mineros.<\/p>\n<p>Seg\u00fan los denunciantes, otro de los l\u00edderes ind\u00edgenas, Fredy Taish, fue presuntamente asesinado por un operativo militar en 2013, mientras que Bosco Wisum muri\u00f3 en 2009 durante una protesta contra las leyes mineras del pa\u00eds en un enfrentamiento policial.<\/p>\n<p>\u00abLos shuar no somos opositores al desarrollo, como dice el Gobierno o las empresas. Pero, tenemos 40 a\u00f1os de experiencia en la explotaci\u00f3n petrolera de la Amazon\u00eda y \u00e9se no es el desarrollo que nosotros queremos\u00bb, destac\u00f3 Ankuash.<\/p>\n<p>\u00abLas empresas hablan de acumular y nosotros del desarrollo del hombre de acuerdo con sus necesidades, no acumulando, no destruyendo, sino con educaci\u00f3n, vivienda y dignidad. A qui\u00e9n va a beneficiar la explotaci\u00f3n minera? A los ecuatorianos o solo a las empresas y las pocas personas que dominan el pa\u00eds?\u00bb, a\u00f1adi\u00f3.<\/p>\n<p>Casos similares, como el del plan de exploraci\u00f3n petrolera en el parque Yasun\u00ed, en la Amazon\u00eda, han sido ya tratados en anteriores ocasiones por la CIDH, que en los \u00faltimos a\u00f1os ha convocado varias audiencias sobre los derechos de los pueblos ind\u00edgenas en Ecuador.<br \/>\n<small><br \/>\n<\/small><\/p>\n<p>Fuente: <a href=\"http:\/\/www.elcomercio.com\/actualidad\/cidh-ecuador-explicaciones-muerte.html\">aqu\u00ed<\/a>    \t<\/p>\n","protected":false},"excerpt":{"rendered":"<p>La Comisi\u00f3n Interamericana de Derechos Humanos (CIDH) pidi\u00f3 este 17 [&hellip;]<\/p>\n","protected":false},"author":1,"featured_media":4054,"comment_status":"open","ping_status":"open","sticky":false,"template":"","format":"standard","meta":{"_siteseo_robots_primary_cat":"","_joinchat":[],"footnotes":""},"categories":[79,38],"tags":[36],"class_list":["post-4053","post","type-post","status-publish","format-standard","has-post-thumbnail","hentry","category-derechos-politicos-y-civiles","category-pueblos-indigenas","tag-epu-ecuador"],"_links":{"self":[{"href":"https:\/\/cdes.org.ec\/webantigua\/wp-json\/wp\/v2\/posts\/4053","targetHints":{"allow":["GET"]}}],"collection":[{"href":"https:\/\/cdes.org.ec\/webantigua\/wp-json\/wp\/v2\/posts"}],"about":[{"href":"https:\/\/cdes.org.ec\/webantigua\/wp-json\/wp\/v2\/types\/post"}],"author":[{"embeddable":true,"href":"https:\/\/cdes.org.ec\/webantigua\/wp-json\/wp\/v2\/users\/1"}],"replies":[{"embeddable":true,"href":"https:\/\/cdes.org.ec\/webantigua\/wp-json\/wp\/v2\/comments?post=4053"}],"version-history":[{"count":1,"href":"https:\/\/cdes.org.ec\/webantigua\/wp-json\/wp\/v2\/posts\/4053\/revisions"}],"predecessor-version":[{"id":7305,"href":"https:\/\/cdes.org.ec\/webantigua\/wp-json\/wp\/v2\/posts\/4053\/revisions\/7305"}],"wp:featuredmedia":[{"embeddable":true,"href":"https:\/\/cdes.org.ec\/webantigua\/wp-json\/wp\/v2\/media\/4054"}],"wp:attachment":[{"href":"https:\/\/cdes.org.ec\/webantigua\/wp-json\/wp\/v2\/media?parent=4053"}],"wp:term":[{"taxonomy":"category","embeddable":true,"href":"https:\/\/cdes.org.ec\/webantigua\/wp-json\/wp\/v2\/categories?post=4053"},{"taxonomy":"post_tag","embeddable":true,"href":"https:\/\/cdes.org.ec\/webantigua\/wp-json\/wp\/v2\/tags?post=4053"}],"curies":[{"name":"wp","href":"https:\/\/api.w.org\/{rel}","templated":true}]}}