{"id":4070,"date":"2017-04-12T12:22:29","date_gmt":"2017-04-12T12:22:29","guid":{"rendered":"https:\/\/cdes.org.ec\/webantigua\/?p=4070"},"modified":"2021-06-04T18:36:22","modified_gmt":"2021-06-04T18:36:22","slug":"piden-amnistia-e-indulto-para-quienes-fueron-injustamente-sentenciados-perseguidos-y-criminalizados","status":"publish","type":"post","link":"https:\/\/cdes.org.ec\/webantigua\/piden-amnistia-e-indulto-para-quienes-fueron-injustamente-sentenciados-perseguidos-y-criminalizados\/","title":{"rendered":"Piden amnist\u00eda e indulto para quienes fueron \u00abinjustamente sentenciados, perseguidos y criminalizados\u00bb"},"content":{"rendered":"<p><a href=\"https:\/\/cdes.org.ec\/webantigua\/wp-content\/uploads\/2017\/04\/EPU-2017.jpg\"><img decoding=\"async\" class=\"alignnone size-medium wp-image-4071\" src=\"https:\/\/cdes.org.ec\/webantigua\/wp-content\/uploads\/2017\/04\/EPU-2017-300x189.jpg\" alt=\"\" width=\"300\" height=\"189\" srcset=\"https:\/\/cdes.org.ec\/webantigua\/wp-content\/uploads\/2017\/04\/EPU-2017-200x126.jpg 200w, https:\/\/cdes.org.ec\/webantigua\/wp-content\/uploads\/2017\/04\/EPU-2017-300x189.jpg 300w, https:\/\/cdes.org.ec\/webantigua\/wp-content\/uploads\/2017\/04\/EPU-2017-320x202.jpg 320w, https:\/\/cdes.org.ec\/webantigua\/wp-content\/uploads\/2017\/04\/EPU-2017-400x252.jpg 400w, https:\/\/cdes.org.ec\/webantigua\/wp-content\/uploads\/2017\/04\/EPU-2017-600x378.jpg 600w, https:\/\/cdes.org.ec\/webantigua\/wp-content\/uploads\/2017\/04\/EPU-2017-700x441.jpg 700w, https:\/\/cdes.org.ec\/webantigua\/wp-content\/uploads\/2017\/04\/EPU-2017-768x484.jpg 768w, https:\/\/cdes.org.ec\/webantigua\/wp-content\/uploads\/2017\/04\/EPU-2017-800x504.jpg 800w, https:\/\/cdes.org.ec\/webantigua\/wp-content\/uploads\/2017\/04\/EPU-2017-1024x645.jpg 1024w, https:\/\/cdes.org.ec\/webantigua\/wp-content\/uploads\/2017\/04\/EPU-2017-1200x756.jpg 1200w, https:\/\/cdes.org.ec\/webantigua\/wp-content\/uploads\/2017\/04\/EPU-2017.jpg 1219w\" sizes=\"(max-width: 300px) 100vw, 300px\" \/><\/a><\/p>\n<p>El pasado viernes 07 de abril, la delegaci\u00f3n del Movimiento Ind\u00edgena del Ecuador y organizaciones sociales estuvieron presentes en el Examen Peri\u00f3dico Universal (EPU) de Ginebra. Ah\u00ed mantuvieron reuniones con las relator\u00edas especiales de libertad de expresi\u00f3n, defensores de derechos humanos y libertad de asociaci\u00f3n.<\/p>\n<p>La exigencia de voceros del Movimiento Ind\u00edgena es pedir amnist\u00eda e indulto para quienes fueron \u201cinjustamente sentenciados, perseguidos y criminalizados\u201d. Juan Auz, abogado de Terramater se\u00f1al\u00f3 en estos encuentros, una supuesta situaci\u00f3n de atropellos, que han sufrido las poblaciones ind\u00edgenas ante el avance y desarrollo de proyectos mineros y petroleros.<\/p>\n<p>En este marco, mencion\u00f3: El caso de la poblaci\u00f3n Shuar de Nankints, Tundayme, la detenci\u00f3n del dirigente Shuar Agust\u00edn Wachap\u00e1, el caso de los pueblos en aislamiento voluntario y la que denomina como \u201cviolaci\u00f3n de los derechos de libre asociaci\u00f3n en el pa\u00eds\u201d al referirse al cierre de la Fundaci\u00f3n Pachamama.<\/p>\n<p>Por su parte la delegaci\u00f3n de la Uni\u00f3n Europea acogi\u00f3 el pronunciamiento de los representantes y expres\u00f3 su inter\u00e9s en el tema de industrias extractivas, empresas transnacionales y la distintas problem\u00e1ticas presentadas. De esta forma, los dirigentes de la comunidad se\u00f1alaron que han sido reiterativos en su llamado al gobierno del Ecuador.<\/p>\n<p>Durante este encuentro, los representantes de la Uni\u00f3n Europea, indicaron que se realizar\u00e1n recomendaciones al gobierno del Ecuador durante el EPU. As\u00ed se concret\u00f3 una reuni\u00f3n con representantes de la relator\u00eda de pueblos ind\u00edgenas, quienes indicaron que existe una honda preocupaci\u00f3n en torno a la situaci\u00f3n de los pueblos ind\u00edgenas en el pa\u00eds.<\/p>\n<p>Fuente: Agencia Ecologista    \t<\/p>\n","protected":false},"excerpt":{"rendered":"<p>El pasado viernes 07 de abril, la delegaci\u00f3n del Movimiento [&hellip;]<\/p>\n","protected":false},"author":1,"featured_media":4071,"comment_status":"open","ping_status":"open","sticky":false,"template":"","format":"standard","meta":{"_siteseo_robots_primary_cat":"","_joinchat":[],"footnotes":""},"categories":[79],"tags":[36],"class_list":["post-4070","post","type-post","status-publish","format-standard","has-post-thumbnail","hentry","category-derechos-politicos-y-civiles","tag-epu-ecuador"],"_links":{"self":[{"href":"https:\/\/cdes.org.ec\/webantigua\/wp-json\/wp\/v2\/posts\/4070","targetHints":{"allow":["GET"]}}],"collection":[{"href":"https:\/\/cdes.org.ec\/webantigua\/wp-json\/wp\/v2\/posts"}],"about":[{"href":"https:\/\/cdes.org.ec\/webantigua\/wp-json\/wp\/v2\/types\/post"}],"author":[{"embeddable":true,"href":"https:\/\/cdes.org.ec\/webantigua\/wp-json\/wp\/v2\/users\/1"}],"replies":[{"embeddable":true,"href":"https:\/\/cdes.org.ec\/webantigua\/wp-json\/wp\/v2\/comments?post=4070"}],"version-history":[{"count":1,"href":"https:\/\/cdes.org.ec\/webantigua\/wp-json\/wp\/v2\/posts\/4070\/revisions"}],"predecessor-version":[{"id":7304,"href":"https:\/\/cdes.org.ec\/webantigua\/wp-json\/wp\/v2\/posts\/4070\/revisions\/7304"}],"wp:featuredmedia":[{"embeddable":true,"href":"https:\/\/cdes.org.ec\/webantigua\/wp-json\/wp\/v2\/media\/4071"}],"wp:attachment":[{"href":"https:\/\/cdes.org.ec\/webantigua\/wp-json\/wp\/v2\/media?parent=4070"}],"wp:term":[{"taxonomy":"category","embeddable":true,"href":"https:\/\/cdes.org.ec\/webantigua\/wp-json\/wp\/v2\/categories?post=4070"},{"taxonomy":"post_tag","embeddable":true,"href":"https:\/\/cdes.org.ec\/webantigua\/wp-json\/wp\/v2\/tags?post=4070"}],"curies":[{"name":"wp","href":"https:\/\/api.w.org\/{rel}","templated":true}]}}