{"id":4075,"date":"2017-04-29T05:04:37","date_gmt":"2017-04-29T05:04:37","guid":{"rendered":"https:\/\/cdes.org.ec\/webantigua\/?p=4075"},"modified":"2021-04-25T09:53:27","modified_gmt":"2021-04-25T09:53:27","slug":"organizaciones-de-derechos-humanos-se-mantienen-vigilantes-ante-evaluacion-al-estado-ecuatoriano-en-ginebra","status":"publish","type":"post","link":"https:\/\/cdes.org.ec\/webantigua\/organizaciones-de-derechos-humanos-se-mantienen-vigilantes-ante-evaluacion-al-estado-ecuatoriano-en-ginebra\/","title":{"rendered":"Organizaciones de derechos humanos se mantienen vigilantes ante evaluaci\u00f3n al Estado ecuatoriano en Ginebra"},"content":{"rendered":"<p style=\"text-align: right;\"><img decoding=\"async\" class=\"wp-image-4076 aligncenter\" src=\"https:\/\/cdes.org.ec\/webantigua\/wp-content\/uploads\/2017\/04\/varios-epu-300x75.jpg\" alt=\"\" width=\"695\" height=\"174\" srcset=\"https:\/\/cdes.org.ec\/webantigua\/wp-content\/uploads\/2017\/04\/varios-epu-200x50.jpg 200w, https:\/\/cdes.org.ec\/webantigua\/wp-content\/uploads\/2017\/04\/varios-epu-300x75.jpg 300w, https:\/\/cdes.org.ec\/webantigua\/wp-content\/uploads\/2017\/04\/varios-epu-400x100.jpg 400w, https:\/\/cdes.org.ec\/webantigua\/wp-content\/uploads\/2017\/04\/varios-epu-600x150.jpg 600w, https:\/\/cdes.org.ec\/webantigua\/wp-content\/uploads\/2017\/04\/varios-epu-768x192.jpg 768w, https:\/\/cdes.org.ec\/webantigua\/wp-content\/uploads\/2017\/04\/varios-epu-800x200.jpg 800w, https:\/\/cdes.org.ec\/webantigua\/wp-content\/uploads\/2017\/04\/varios-epu-1024x256.jpg 1024w, https:\/\/cdes.org.ec\/webantigua\/wp-content\/uploads\/2017\/04\/varios-epu.jpg 1200w\" sizes=\"(max-width: 695px) 100vw, 695px\" \/><\/p>\n<p style=\"text-align: right;\">\n<p style=\"text-align: right;\"><em>Quito, 28 de abril de 2017.<\/em><\/p>\n<p style=\"text-align: justify;\">La Comisi\u00f3n Ecum\u00e9nica de Derechos Humanos (Cedhu), Fian \u2013 Ecuador, Acci\u00f3n Ecol\u00f3gica, Terramater, Comit\u00e9 Permanente por la Defensa de los Derechos Humanos (CDH), Centro de Derechos Econ\u00f3micos y Sociales (CDES), Centro de Derechos Humanos de la Pontificia Universidad Cat\u00f3lica y la Fundaci\u00f3n Regional de Asesor\u00eda en Derechos Humanos (INREDH) invitamos a la sociedad civil y a las autoridades a seguir la transmisi\u00f3n en vivo del tercer Examen Peri\u00f3dico Universal (EPU) al Estado de Ecuador que se desarrollar\u00e1 este lunes 1 de mayo de 2017, en el Palacio de Naciones &#8211; Ginebra de 14h30 a 18h00 (<a href=\"http:\/\/www.ohchr.org\/SP\/HRBodies\/UPR\/Pages\/UPRMain.aspx\">hora Ginebra<\/a>, de 07h00 a 11h00, hora de Ecuador). El pa\u00eds ser\u00e1 evaluado por 47 Estados. \u00a0Transmisi\u00f3n en vivo: <a href=\"webtv.un.org\">webtv.un.org<\/a><\/p>\n<p style=\"text-align: justify;\">El EPU es un mecanismo implementado por la Organizaci\u00f3n de las Naciones Unidas (ONU) para evaluar a cada pa\u00eds miembro en su cumplimiento de las obligaciones adquiridas por los diferentes tratados ratificados en materia de derechos humanos. El proceso del EPU\u00a0 inicia con la revisi\u00f3n del Estado examinado. Despu\u00e9s, el Consejo de Derechos Humanos a\u00f1ade recomendaciones y compromisos sobre los cuales el Estado examinado adquiere la obligaci\u00f3n de informar acerca de su implementaci\u00f3n\u00a0 en la pr\u00f3xima revisi\u00f3n.<\/p>\n<p style=\"text-align: justify;\">El pasado 10 de octubre de 2016, Organizaciones de la Sociedad Civil enviaron contribuciones escritas para el EPU en temas como: derechos ind\u00edgenas incluyendo a pueblos en aislamiento voluntario, desalojos forzosos, graves violaciones a los derechos humanos como la situaci\u00f3n de personas desaparecidas y casos de tortura; feminicidio y violencia contra la mujer; y situaci\u00f3n a defensores de derechos humanos y derecho a la asociaci\u00f3n.<\/p>\n<p style=\"text-align: justify;\">El d\u00eda 6 de abril de este a\u00f1o, las organizaciones firmantes acudieron a la ciudad Ginebra a la pre-sesi\u00f3n en el marco de este proceso, donde se expuso y evidenci\u00f3\u00a0 a las misiones diplom\u00e1ticas de los Estados evaluadores la situaci\u00f3n de los derechos humanos en Ecuador. Adem\u00e1s, se sugirieron recomendaciones que las misiones, a su vez podr\u00edan\u00a0 plantear al Estado ecuatoriano.<\/p>\n<p style=\"text-align: justify;\">Entre los representantes de la sociedad civil que participaron durante la pre-sesi\u00f3n estuvieron: la hermana Elsie Monge, vicepresidenta de la Federaci\u00f3n Internacional de Derechos Humanos (Fidh) y directora ejecutiva de Cedhu; M\u00f3nica Vera Puebla, de Fian Ecuador; Juan Auz de la Fundaci\u00f3n Terramater; Lotty Andrade de la Plataforma por la Defensa de la Democracia y los derechos humanos en el Ecuador y Marcelo Espinel Vallejo de la Fundaci\u00f3n ciudadan\u00eda y desarrollo. En esta ocasi\u00f3n tambi\u00e9n se mantuvieron reuniones con los representantes de las relator\u00edas especiales de las Naciones Unidas en materia de derechos humanos.<\/p>\n<p style=\"text-align: justify;\">Este EPU es de suma importancia considerando que ser\u00e1 un nuevo gobierno el que reciba las recomendaciones del Estado, las mismas que deber\u00e1 incluir en su agenda de trabajo para garantizar y mejorar la situaci\u00f3n de los derechos humanos en el pa\u00eds.<\/p>\n<p style=\"text-align: justify;\">En este sentido, las organizaciones firmantes nos mantendremos vigilantes del cumplimiento de las recomendaciones por parte del Estado ecuatoriano, a cuyos representantes llamamos a\u00a0 aceptar y cumplir las recomendaciones que emitan los Estados durante este proceso. Adem\u00e1s, de que formule y establezca pol\u00edticas de respeto pleno a todos los derechos. El Estado ecuatoriano ser\u00e1 examinado nuevamente en cuatro a\u00f1os.<\/p>\n<p>&nbsp;<\/p>\n<p>&nbsp;    \t<\/p>\n","protected":false},"excerpt":{"rendered":"<p>Quito, 28 de abril de 2017. La Comisi\u00f3n Ecum\u00e9nica de [&hellip;]<\/p>\n","protected":false},"author":1,"featured_media":4077,"comment_status":"open","ping_status":"open","sticky":false,"template":"","format":"standard","meta":{"_siteseo_robots_primary_cat":"","_joinchat":[],"footnotes":""},"categories":[8],"tags":[],"class_list":["post-4075","post","type-post","status-publish","format-standard","has-post-thumbnail","hentry","category-tnc"],"_links":{"self":[{"href":"https:\/\/cdes.org.ec\/webantigua\/wp-json\/wp\/v2\/posts\/4075","targetHints":{"allow":["GET"]}}],"collection":[{"href":"https:\/\/cdes.org.ec\/webantigua\/wp-json\/wp\/v2\/posts"}],"about":[{"href":"https:\/\/cdes.org.ec\/webantigua\/wp-json\/wp\/v2\/types\/post"}],"author":[{"embeddable":true,"href":"https:\/\/cdes.org.ec\/webantigua\/wp-json\/wp\/v2\/users\/1"}],"replies":[{"embeddable":true,"href":"https:\/\/cdes.org.ec\/webantigua\/wp-json\/wp\/v2\/comments?post=4075"}],"version-history":[{"count":1,"href":"https:\/\/cdes.org.ec\/webantigua\/wp-json\/wp\/v2\/posts\/4075\/revisions"}],"predecessor-version":[{"id":7303,"href":"https:\/\/cdes.org.ec\/webantigua\/wp-json\/wp\/v2\/posts\/4075\/revisions\/7303"}],"wp:featuredmedia":[{"embeddable":true,"href":"https:\/\/cdes.org.ec\/webantigua\/wp-json\/wp\/v2\/media\/4077"}],"wp:attachment":[{"href":"https:\/\/cdes.org.ec\/webantigua\/wp-json\/wp\/v2\/media?parent=4075"}],"wp:term":[{"taxonomy":"category","embeddable":true,"href":"https:\/\/cdes.org.ec\/webantigua\/wp-json\/wp\/v2\/categories?post=4075"},{"taxonomy":"post_tag","embeddable":true,"href":"https:\/\/cdes.org.ec\/webantigua\/wp-json\/wp\/v2\/tags?post=4075"}],"curies":[{"name":"wp","href":"https:\/\/api.w.org\/{rel}","templated":true}]}}