{"id":4080,"date":"2017-05-05T18:13:57","date_gmt":"2017-05-05T18:13:57","guid":{"rendered":"https:\/\/cdes.org.ec\/webantigua\/?p=4080"},"modified":"2021-03-30T14:34:54","modified_gmt":"2021-03-30T14:34:54","slug":"rueda-de-prensa-recomendaciones-al-estado-ecuatoriano-en-el-marco-del-epu-y-sus-implicaciones","status":"publish","type":"post","link":"https:\/\/cdes.org.ec\/webantigua\/rueda-de-prensa-recomendaciones-al-estado-ecuatoriano-en-el-marco-del-epu-y-sus-implicaciones\/","title":{"rendered":"Rueda de prensa: recomendaciones al Estado ecuatoriano en el marco del EPU y sus implicaciones"},"content":{"rendered":"<p style=\"text-align: justify;\">La Comisi\u00f3n Ecum\u00e9nica de Derechos Humanos (Cedhu), Fian \u2013 Ecuador, Acci\u00f3n Ecol\u00f3gica, Terramater, Comit\u00e9 Permanente por la Defensa de los Derechos Humanos (CDH), Centro de Derechos Econ\u00f3micos y Sociales (CDES), Centro de Derechos Humanos de la Pontificia Universidad Cat\u00f3lica y la Fundaci\u00f3n Regional de Asesor\u00eda en Derechos Humanos (INREDH) invitamos a los medios de comunicaci\u00f3n a la rueda de prensa sobre \u201cLas recomendaciones al Estado ecuatoriano en el marco del EPU y sus implicaciones\u201d que se realizar\u00e1 este lunes, 8 de mayo de 2017, a las 10:00, en las instalaciones de la Cedhu (Calle Carlos Ibarra 176 y 10 de Agosto, Ed. Yuraj Pirca, Piso N\u00ba 9, Quito).<\/p>\n<p style=\"text-align: justify;\">Esto, luego de que el Consejo de Derechos Humanos de las Naciones Unidas (ONU) aprobara hoy, 5 de mayo de 2017, el informe preliminar que registra las 182 recomendaciones direccionados al Estado ecuatoriano durante el Examen Peri\u00f3dico Universal (EPU). Este documento fue elaborado y presentado por la troika o el grupo de trabajo conformado por Bolivia, Costa de Marfil y Rep\u00fablica de Corea.<\/p>\n<p style=\"text-align: justify;\">En la sesi\u00f3n n\u00famero 36 del Consejo de Derechos Humanos que se realizar\u00e1 en septiembre de este a\u00f1o, se espera que el Estado ecuatoriano rechace o acepte las recomendaciones emitidas en este informe.<\/p>\n<p style=\"text-align: justify;\">Contacto de prensa:<\/p>\n<p style=\"text-align: justify;\">&#8211; Luisana Aguilar \u2013 Cedhu 0999240129<br \/>\n&#8211; M\u00f3nica Vera \u2013 Fian 0996812022<br \/>\n&#8211; Ivon Y\u00e1nez \u2013 Acci\u00f3n ecol\u00f3gica 0995919470<\/p>\n<p style=\"text-align: justify;\">Informe preliminar del grupo de trabajo de EPU-Ecuador:<\/p>\n<p style=\"text-align: justify;\"><a href=\"https:\/\/cdes.org.ec\/webantigua\/wp-content\/uploads\/2017\/05\/Informe-preliminar-EPU-Ecuador.pdf\">Informe preliminar EPU Ecuador<\/a><\/p>\n","protected":false},"excerpt":{"rendered":"<p>La Comisi\u00f3n Ecum\u00e9nica de Derechos Humanos (Cedhu), Fian \u2013 Ecuador, [&hellip;]<\/p>\n","protected":false},"author":1,"featured_media":4086,"comment_status":"open","ping_status":"open","sticky":false,"template":"","format":"standard","meta":{"_siteseo_robots_primary_cat":"","_joinchat":[],"footnotes":""},"categories":[38],"tags":[],"class_list":["post-4080","post","type-post","status-publish","format-standard","has-post-thumbnail","hentry","category-pueblos-indigenas"],"_links":{"self":[{"href":"https:\/\/cdes.org.ec\/webantigua\/wp-json\/wp\/v2\/posts\/4080","targetHints":{"allow":["GET"]}}],"collection":[{"href":"https:\/\/cdes.org.ec\/webantigua\/wp-json\/wp\/v2\/posts"}],"about":[{"href":"https:\/\/cdes.org.ec\/webantigua\/wp-json\/wp\/v2\/types\/post"}],"author":[{"embeddable":true,"href":"https:\/\/cdes.org.ec\/webantigua\/wp-json\/wp\/v2\/users\/1"}],"replies":[{"embeddable":true,"href":"https:\/\/cdes.org.ec\/webantigua\/wp-json\/wp\/v2\/comments?post=4080"}],"version-history":[{"count":1,"href":"https:\/\/cdes.org.ec\/webantigua\/wp-json\/wp\/v2\/posts\/4080\/revisions"}],"predecessor-version":[{"id":7020,"href":"https:\/\/cdes.org.ec\/webantigua\/wp-json\/wp\/v2\/posts\/4080\/revisions\/7020"}],"wp:featuredmedia":[{"embeddable":true,"href":"https:\/\/cdes.org.ec\/webantigua\/wp-json\/wp\/v2\/media\/4086"}],"wp:attachment":[{"href":"https:\/\/cdes.org.ec\/webantigua\/wp-json\/wp\/v2\/media?parent=4080"}],"wp:term":[{"taxonomy":"category","embeddable":true,"href":"https:\/\/cdes.org.ec\/webantigua\/wp-json\/wp\/v2\/categories?post=4080"},{"taxonomy":"post_tag","embeddable":true,"href":"https:\/\/cdes.org.ec\/webantigua\/wp-json\/wp\/v2\/tags?post=4080"}],"curies":[{"name":"wp","href":"https:\/\/api.w.org\/{rel}","templated":true}]}}