{"id":4108,"date":"2017-05-19T12:54:23","date_gmt":"2017-05-19T12:54:23","guid":{"rendered":"https:\/\/cdes.org.ec\/webantigua\/?p=4108"},"modified":"2021-03-30T14:34:39","modified_gmt":"2021-03-30T14:34:39","slug":"unete-a-la-campana-amnistiaprimero","status":"publish","type":"post","link":"https:\/\/cdes.org.ec\/webantigua\/unete-a-la-campana-amnistiaprimero\/","title":{"rendered":"\u00a1\u00danete a la Campa\u00f1a! #Amnist\u00edaPrimero"},"content":{"rendered":"<p class=\"site-title\" style=\"text-align: center;\">\u00a0 \u00a0 \u00a0\u00a0<a href=\"https:\/\/cdes.org.ec\/webantigua\/wp-content\/uploads\/2017\/05\/sticker-oficiales5.png\"><img decoding=\"async\" class=\"size-medium wp-image-4109 aligncenter\" src=\"https:\/\/cdes.org.ec\/webantigua\/wp-content\/uploads\/2017\/05\/sticker-oficiales5-300x300.png\" alt=\"\" width=\"300\" height=\"300\" srcset=\"https:\/\/cdes.org.ec\/webantigua\/wp-content\/uploads\/2017\/05\/sticker-oficiales5-66x66.png 66w, https:\/\/cdes.org.ec\/webantigua\/wp-content\/uploads\/2017\/05\/sticker-oficiales5-150x150.png 150w, https:\/\/cdes.org.ec\/webantigua\/wp-content\/uploads\/2017\/05\/sticker-oficiales5-200x200.png 200w, https:\/\/cdes.org.ec\/webantigua\/wp-content\/uploads\/2017\/05\/sticker-oficiales5-300x300.png 300w, https:\/\/cdes.org.ec\/webantigua\/wp-content\/uploads\/2017\/05\/sticker-oficiales5-400x400.png 400w, https:\/\/cdes.org.ec\/webantigua\/wp-content\/uploads\/2017\/05\/sticker-oficiales5-600x600.png 600w, https:\/\/cdes.org.ec\/webantigua\/wp-content\/uploads\/2017\/05\/sticker-oficiales5-768x768.png 768w, https:\/\/cdes.org.ec\/webantigua\/wp-content\/uploads\/2017\/05\/sticker-oficiales5-800x800.png 800w, https:\/\/cdes.org.ec\/webantigua\/wp-content\/uploads\/2017\/05\/sticker-oficiales5-1024x1024.png 1024w, https:\/\/cdes.org.ec\/webantigua\/wp-content\/uploads\/2017\/05\/sticker-oficiales5.png 1200w\" sizes=\"(max-width: 300px) 100vw, 300px\" \/><\/a><\/p>\n<h4 class=\"site-title\" style=\"text-align: center;\"><span style=\"font-size: 18pt;\"><a href=\"https:\/\/amnistiaprimeroec.org\/\" rel=\"home\">AMNIST\u00cdA PRIMERO<\/a><\/span><\/h4>\n<h4 class=\"site-description\" style=\"text-align: center;\"><span style=\"font-size: 18pt;\">Amnist\u00eda, indulto y justicia para nuestros compa\u00f1eros y compa\u00f1eras criminalizados, presos y perseguidos<\/span><\/h4>\n<header class=\"entry-header\">\n<h1 class=\"entry-title\">SOBRE NUESTRA LUCHA<\/h1>\n<\/header>\n<div class=\"entry-content\">\n<p align=\"justify\">La Amnist\u00eda es una exigencia, no una condici\u00f3n. Si el nuevo gobierno quiere di\u00e1logo, primero debe escuchar este reclamo y dar muestras de que quiere un pa\u00eds diferente, e inclusivo para todos y todas los ecuatorianos\/as.<\/p>\n<p>No se puede dialogar si el movimiento ind\u00edgena y social est\u00e1 criminalizado, perseguido y encarcelado. En consecuencia, el di\u00e1logo implica condiciones m\u00ednimas de RESPETO.<br \/>\nLa amnist\u00eda es nuestra prioridad ya que somos luchadores sociales, ind\u00edgenas, campesinos, defensores de los derechos humanos y de la naturaleza que sistem\u00e1ticamente hemos sido criminalizados, perseguidos y privados de la libertad. No estamos TODOS nos hacen falta nuestros\/as compa\u00f1eros\/os para poder entablar un di\u00e1logo.<\/p>\n<h2><strong>EN CONTEXTO:<\/strong><\/h2>\n<p>En Ecuador m\u00e1s de 150 personas se encuentran criminalizadas, perseguidas y presas por protestar. Son luchadores sociales, ind\u00edgenas, campesinos y defensores de los Derechos Humanos y de la Naturaleza.<\/p>\n<p>Queremos la libertad de los compa\u00f1eros presos, nuestro derecho a organizarnos, a participar, a expresarnos, a resistir; por eso exigimos:<\/p>\n<ul>\n<li>Amnist\u00eda para todos los criminalizados;<\/li>\n<li>Indulto para los sentenciados y perseguidos;<\/li>\n<li>La inconstitucionalidad del delito de Ataque o Resistencia, 283 del C\u00f3digo Org\u00e1nico Integral Penal (COIP) porque va en contra de nuestro Derecho a la Resistencia consagrado en la Constituci\u00f3n de 2008. Adem\u00e1s, porque este delito limita la participaci\u00f3n, la organizaci\u00f3n y la protesta social.<\/li>\n<\/ul>\n<p>&nbsp;<\/p>\n<p><strong>Te pedimos que te sumes y nos apoyes para lograr la AMNIST\u00cdA<\/strong><\/p>\n<p>&nbsp;<\/p>\n<p><a href=\"https:\/\/www.change.org\/p\/asamblea-nacional-y-poder-ejecutivo-de-ecuador-amnist%C3%ADa-por-los-criminalizados-judicializados-y-sentenciados-en-ecuador?recruiter=721070405&amp;utm_source=share_petition&amp;utm_medium=copylink&amp;utm_campaign=share_petition\"><img decoding=\"async\" class=\" wp-image-316 aligncenter\" src=\"https:\/\/amnistiaprimeroecorg.files.wordpress.com\/2017\/05\/firma.png?w=480&amp;h=480\" sizes=\"(max-width: 480px) 100vw, 480px\" srcset=\"https:\/\/amnistiaprimeroecorg.files.wordpress.com\/2017\/05\/firma.png?w=480&amp;h=480 480w, https:\/\/amnistiaprimeroecorg.files.wordpress.com\/2017\/05\/firma.png?w=150&amp;h=150 150w, https:\/\/amnistiaprimeroecorg.files.wordpress.com\/2017\/05\/firma.png?w=300&amp;h=300 300w, https:\/\/amnistiaprimeroecorg.files.wordpress.com\/2017\/05\/firma.png 700w\" alt=\"\" width=\"480\" height=\"480\" data-attachment-id=\"316\" data-permalink=\"https:\/\/amnistiaprimeroec.org\/firma\/firma-2\/\" data-orig-file=\"https:\/\/amnistiaprimeroecorg.files.wordpress.com\/2017\/05\/firma.png\" data-orig-size=\"700,700\" data-comments-opened=\"1\" data-image-meta=\"{&quot;aperture&quot;:&quot;0&quot;,&quot;credit&quot;:&quot;&quot;,&quot;camera&quot;:&quot;&quot;,&quot;caption&quot;:&quot;&quot;,&quot;created_timestamp&quot;:&quot;0&quot;,&quot;copyright&quot;:&quot;&quot;,&quot;focal_length&quot;:&quot;0&quot;,&quot;iso&quot;:&quot;0&quot;,&quot;shutter_speed&quot;:&quot;0&quot;,&quot;title&quot;:&quot;&quot;,&quot;orientation&quot;:&quot;0&quot;}\" data-image-title=\"FIRMA\" data-image-description=\"\" data-medium-file=\"https:\/\/amnistiaprimeroecorg.files.wordpress.com\/2017\/05\/firma.png?w=480&amp;h=480\" data-large-file=\"https:\/\/amnistiaprimeroecorg.files.wordpress.com\/2017\/05\/firma.png?w=700\" \/><\/a><\/p>\n<\/div>\n<p>&nbsp;<\/p>\n<p>Si deseas m\u00e1s informaci\u00f3n puedes consultar la siguiente p\u00e1gina:\u00a0https:\/\/amnistiaprimeroec.org\/<\/p>\n<p>&nbsp;    \t<\/p>\n","protected":false},"excerpt":{"rendered":"<p>\u00a0 \u00a0 \u00a0\u00a0 AMNIST\u00cdA PRIMERO Amnist\u00eda, indulto y justicia para [&hellip;]<\/p>\n","protected":false},"author":1,"featured_media":4110,"comment_status":"open","ping_status":"open","sticky":false,"template":"","format":"standard","meta":{"_siteseo_robots_primary_cat":"","_joinchat":[],"footnotes":""},"categories":[38],"tags":[],"class_list":["post-4108","post","type-post","status-publish","format-standard","has-post-thumbnail","hentry","category-pueblos-indigenas"],"_links":{"self":[{"href":"https:\/\/cdes.org.ec\/webantigua\/wp-json\/wp\/v2\/posts\/4108","targetHints":{"allow":["GET"]}}],"collection":[{"href":"https:\/\/cdes.org.ec\/webantigua\/wp-json\/wp\/v2\/posts"}],"about":[{"href":"https:\/\/cdes.org.ec\/webantigua\/wp-json\/wp\/v2\/types\/post"}],"author":[{"embeddable":true,"href":"https:\/\/cdes.org.ec\/webantigua\/wp-json\/wp\/v2\/users\/1"}],"replies":[{"embeddable":true,"href":"https:\/\/cdes.org.ec\/webantigua\/wp-json\/wp\/v2\/comments?post=4108"}],"version-history":[{"count":1,"href":"https:\/\/cdes.org.ec\/webantigua\/wp-json\/wp\/v2\/posts\/4108\/revisions"}],"predecessor-version":[{"id":7019,"href":"https:\/\/cdes.org.ec\/webantigua\/wp-json\/wp\/v2\/posts\/4108\/revisions\/7019"}],"wp:featuredmedia":[{"embeddable":true,"href":"https:\/\/cdes.org.ec\/webantigua\/wp-json\/wp\/v2\/media\/4110"}],"wp:attachment":[{"href":"https:\/\/cdes.org.ec\/webantigua\/wp-json\/wp\/v2\/media?parent=4108"}],"wp:term":[{"taxonomy":"category","embeddable":true,"href":"https:\/\/cdes.org.ec\/webantigua\/wp-json\/wp\/v2\/categories?post=4108"},{"taxonomy":"post_tag","embeddable":true,"href":"https:\/\/cdes.org.ec\/webantigua\/wp-json\/wp\/v2\/tags?post=4108"}],"curies":[{"name":"wp","href":"https:\/\/api.w.org\/{rel}","templated":true}]}}