{"id":4202,"date":"2017-07-24T09:39:13","date_gmt":"2017-07-24T14:39:13","guid":{"rendered":"https:\/\/cdes.org.ec\/webantigua\/?p=4202"},"modified":"2017-07-24T09:39:13","modified_gmt":"2017-07-24T14:39:13","slug":"la-tierra-en-la-decada-ganada","status":"publish","type":"post","link":"https:\/\/cdes.org.ec\/webantigua\/la-tierra-en-la-decada-ganada\/","title":{"rendered":"La tierra en la d\u00e9cada ganada"},"content":{"rendered":"<h3 class=\"entry-title\">La tierra en la d\u00e9cada ganada: Conflictos en el control y uso del suelo para la transformaci\u00f3n productiva vs la producci\u00f3n alimentaria en\u00a0Ecuador<\/h3>\n<div class=\"entry-content\">\n<p style=\"padding-left: 90px;\"><span style=\"font-size: 10pt;\"><em>Compartimos el presente art\u00edculo elaborado por Nataly Torres, Paola Maldonado y Jonathan B\u00e1ez; el cual corresponde a un extracto de la investigaci\u00f3n \u201cTendencias en la estructura agraria, inequidad rural y Derecho a la Alimentaci\u00f3n y Nutrici\u00f3n en el Ecuador post-neoliberal\u201d que se realiz\u00f3 bajo la coordinaci\u00f3n de FIAN Ecuador<strong>[1]<\/strong><\/em><\/span><\/p>\n<p><span style=\"font-size: 12pt;\">En Ecuador, los viejos problemas estructurales en el agro han determinado no solo que la pobreza absoluta y el hambre sea masiva en el campo[2], si no que ha sido uno de los factores que m\u00e1s ha propiciado el creciente \u00e9xodo rural; la proliferaci\u00f3n de formas precarias de inserci\u00f3n laboral[3]; la creciente feminizaci\u00f3n del campo; y, la tendencia dominante del modelo agroindustrial y agroexportador[4].<\/span><\/p>\n<p><span style=\"font-size: 12pt;\">En el a\u00f1o 2007, el proceso constituyente, impulsado por el gobierno de Rafael Correa, abri\u00f3 una oportunidad para garantizar la demanda hist\u00f3rica del acceso a la tierra, el agua y otros recursos de las y los peque\u00f1os productores campesinos e ind\u00edgenas, mediante la promoci\u00f3n de pol\u00edticas redistributivas sustentadas en la soberan\u00eda alimentaria y la realizaci\u00f3n del derecho a la alimentaci\u00f3n. Sin embargo, una d\u00e9cada despu\u00e9s, las tendencias hist\u00f3ricas de inequidad y desigualdad en la distribuci\u00f3n de la tierra se imponen al inicio del siglo XXI, mediante renovadas corrientes del modelo primario exportador ligado, principalmente, a la agroindustria. Esta realidad se conjuga con la adopci\u00f3n de nuevos marcos jur\u00eddicos: elaboraci\u00f3n y modificaci\u00f3n de las normas agrarias, reforma del Estado, promoci\u00f3n de pol\u00edticas vinculadas a la transformaci\u00f3n productiva y la apertura de la econom\u00eda nacional a trav\u00e9s de un tratado de libre comercio con la Uni\u00f3n Europea.<\/span><\/p>\n<p><span style=\"font-size: 12pt;\">Desde la segunda mitad del siglo XX, los registros censales del Estado ecuatoriano evidencian la concentraci\u00f3n de la tierra en cifras comparables a trav\u00e9s del tiempo[5]. Por ejemplo, el coeficiente de Gini pas\u00f3 de 0,86 en 1954 a 0,80 en el a\u00f1o 2000, seg\u00fan el \u00faltimo Censo Nacional Agropecuario (CNA) realizado en el pa\u00eds. Estas cifras parecen indicar que la disminuci\u00f3n de la desigualdad transcurre a un ritmo muy lento, pero sobre todo, que las reformas agrarias aplicadas en los a\u00f1os 1964 y 1972 \u201cno tuvieron un impacto importante en la distribuci\u00f3n de la tierra\u201d[6]. En el Ecuador contempor\u00e1neo, el coeficiente de Gini no se ha modificado respecto al del a\u00f1o 2000 y, m\u00e1s bien, este asciende a 0,81 en el a\u00f1o 2012, seg\u00fan datos de la\u00a0<em>Encuesta de Superficie y Producci\u00f3n Agropecuaria Continua<\/em>\u00a0(ESPAC) de ese a\u00f1o. La curva de Lorenz<sup>[7]<\/sup>\u00a0de la distribuci\u00f3n de tierra muestra que la desigualdad en el acceso a este recurso no se ha modificado significativamente en los \u00faltimos 12 a\u00f1os.<\/span><\/p>\n<p><span style=\"font-size: 12pt;\"><strong>\u00a0<\/strong><strong>Curva de Lorenz de la distribuci\u00f3n de tierra en el Ecuador, a\u00f1os 2000-2012<\/strong><\/span><\/p>\n<p><span style=\"font-size: 12pt;\"><img decoding=\"async\" class=\" wp-image-140 aligncenter\" src=\"https:\/\/economiaypolitica7.files.wordpress.com\/2017\/07\/curva-lorenz.jpg?w=507&amp;h=332\" alt=\"curva lorenz\" width=\"507\" height=\"332\" data-attachment-id=\"140\" data-permalink=\"https:\/\/economiaypolitica7.wordpress.com\/2017\/07\/19\/la-tierra-en-la-decada-ganada-conflictos-en-el-control-y-uso-del-suelo-para-la-transformacion-productiva-vs-la-produccion-alimentaria-en-ecuador\/curva-lorenz\/\" data-orig-file=\"https:\/\/economiaypolitica7.files.wordpress.com\/2017\/07\/curva-lorenz.jpg?w=507&amp;h=332\" data-orig-size=\"1754,1240\" data-comments-opened=\"1\" data-image-meta=\"{&quot;aperture&quot;:&quot;0&quot;,&quot;credit&quot;:&quot;&quot;,&quot;camera&quot;:&quot;&quot;,&quot;caption&quot;:&quot;&quot;,&quot;created_timestamp&quot;:&quot;0&quot;,&quot;copyright&quot;:&quot;&quot;,&quot;focal_length&quot;:&quot;0&quot;,&quot;iso&quot;:&quot;0&quot;,&quot;shutter_speed&quot;:&quot;0&quot;,&quot;title&quot;:&quot;&quot;,&quot;orientation&quot;:&quot;0&quot;}\" data-image-title=\"curva lorenz\" data-image-description=\"\" data-medium-file=\"https:\/\/economiaypolitica7.files.wordpress.com\/2017\/07\/curva-lorenz.jpg?w=507&amp;h=332?w=300\" data-large-file=\"https:\/\/economiaypolitica7.files.wordpress.com\/2017\/07\/curva-lorenz.jpg?w=507&amp;h=332?w=500\" \/><\/span><\/p>\n<p><span style=\"font-size: 12pt;\">Fuente: CNA (2000); Informaci\u00f3n referencial: ESPAC (2012). Elaboraci\u00f3n: Propia.<\/span><\/p>\n<p>&nbsp;<\/p>\n<p><span style=\"font-size: 12pt;\"><strong>La concentraci\u00f3n de la tierra en Ecuador es, incluso, m\u00e1s alta que la concentraci\u00f3n del ingreso en el pa\u00eds<\/strong>. En el a\u00f1o 2012, el coeficiente de Gini del ingreso per c\u00e1pita entre los habitantes de la poblaci\u00f3n, que mide el grado de desigualdad en la distribuci\u00f3n del ingreso, se ubic\u00f3 en 0,477 mientras que el coeficiente del Gini del acceso a la tierra se ubic\u00f3 en 0,81[8]. Esto demuestra la grave situaci\u00f3n de desigualdad en cuanto al acceso a la tierra en el pa\u00eds.<\/span><\/p>\n<p><span style=\"font-size: 12pt;\">Esto se complica a\u00fan m\u00e1s debido al \u201cacaparamiento del tierras\u201d ligado a los cambios en el uso y significados que se dan a la tierra y a los recursos asociados. Este fen\u00f3meno toma impulso durante el gobierno de Rafael Correa y se evidencia en las zonas priorizadas dentro de la pol\u00edtica de transformaci\u00f3n de la matriz productiva, que promueve la producci\u00f3n de determinados cultivos para la agroindustria, agro-negocios y agro-exportaci\u00f3n, y que va en contra de la soberan\u00eda alimentaria.<\/span><\/p>\n<p><span style=\"font-size: 12pt;\">A partir del an\u00e1lisis del cambio de la cobertura y uso del suelo, entre 2000 y 2014, es evidente que la superficie para producci\u00f3n de monocultivos, cultivos permanentes y semipermanentes se est\u00e1 expandiendo a lo largo de la Costa y la Amazon\u00eda Norte y, paralelamente, est\u00e1 reduciendo dram\u00e1tica las zonas destinadas para la producci\u00f3n familiar campesina e ind\u00edgena en el pa\u00eds, que cartogr\u00e1ficamente est\u00e1n contenidas dentro de lo que el Ministerio de Agricultura denomina \u201cmosaico agrario\u201d. En esta categor\u00eda se agrupan \u00e1reas donde el uso del suelo no puede ser diferenciado dentro de usos homog\u00e9neos, agrupan as\u00ed, \u00e1reas que combinan cultivos, pasto, plantaciones forestales, etc., reflejando as\u00ed \u00e1reas de usos diversos que para fines de esta investigaci\u00f3n es la mejor aproximaci\u00f3n a las \u00e1reas de producci\u00f3n familiar campesina e ind\u00edgena.<\/span><\/p>\n<p><span style=\"font-size: 12pt;\">Al hacer una comparaci\u00f3n de los cambios en el \u201cmosaico agrario\u201d, resulta revelador, las tendencias decrecientes de los cultivos \u201ct\u00edpicamente campesinos\u201d (\u00e1rea mapa color tomate) como la arveja (seca y tierna) cebada, fr\u00e9jol, haba, choclo, ma\u00edz suave, entre otros, frente a la creciente expansi\u00f3n de cultivos priorizados dentro del cambio de la matriz productiva como: arroz, banano, cacao, caf\u00e9, ca\u00f1a de az\u00facar, palma africana, entre otros.<\/span><\/p>\n<p><span style=\"font-size: 12pt;\">A continuaci\u00f3n realizamos una s\u00edntesis sobre la expansi\u00f3n de los cultivos considerados dentro del cambio de la matriz productiva:<\/span><\/p>\n<ul>\n<li><span style=\"font-size: 12pt;\"><strong>Banano<\/strong><\/span><\/li>\n<\/ul>\n<p><span style=\"font-size: 12pt;\">En el caso del banano, en el a\u00f1o 2000, el cultivo se concentra principalmente en la provincia de El Oro y, en menor medida, en las provincias de Guayas y Los R\u00edos. Sin embargo, en el a\u00f1o 2014, el cultivo de banano se expande en estas dos \u00faltimas provincias. En este a\u00f1o, la provincia de Los R\u00edos concentra el 52,28% de la producci\u00f3n nacional, seguido por Guayas que concentra el 24,96% de la producci\u00f3n. En el a\u00f1o 2000, seg\u00fan el CNA, el cultivo de banano ocupaba 180.331 hect\u00e1reas de suelo agr\u00edcola, mientras que en el a\u00f1o 2014, seg\u00fan la ESPAC, el n\u00famero de hect\u00e1reas aument\u00f3 a 192.676, es decir, el n\u00famero de hect\u00e1reas cultivadas aument\u00f3 en 6,8%.<\/span><\/p>\n<p><span style=\"font-size: 12pt;\"><strong>Mapa: Transformaci\u00f3n de la matriz productiva: cultivos de banano y mosaico agropecuario, 2000-2014<\/strong><\/span><\/p>\n<p><span style=\"font-size: 12pt;\"><img decoding=\"async\" class=\"alignnone size-full wp-image-128\" src=\"https:\/\/economiaypolitica7.files.wordpress.com\/2017\/07\/evoluc_banano2002-20141.jpg?w=500\" sizes=\"(max-width: 500px) 100vw, 500px\" srcset=\"https:\/\/economiaypolitica7.files.wordpress.com\/2017\/07\/evoluc_banano2002-20141.jpg?w=500 500w, https:\/\/economiaypolitica7.files.wordpress.com\/2017\/07\/evoluc_banano2002-20141.jpg?w=1000 1000w, https:\/\/economiaypolitica7.files.wordpress.com\/2017\/07\/evoluc_banano2002-20141.jpg?w=150 150w, https:\/\/economiaypolitica7.files.wordpress.com\/2017\/07\/evoluc_banano2002-20141.jpg?w=300 300w, https:\/\/economiaypolitica7.files.wordpress.com\/2017\/07\/evoluc_banano2002-20141.jpg?w=768 768w\" alt=\"evoluc_banano2002-2014\" data-attachment-id=\"128\" data-permalink=\"https:\/\/economiaypolitica7.wordpress.com\/2017\/07\/19\/la-tierra-en-la-decada-ganada-conflictos-en-el-control-y-uso-del-suelo-para-la-transformacion-productiva-vs-la-produccion-alimentaria-en-ecuador\/evoluc_banano2002-2014-2\/\" data-orig-file=\"https:\/\/economiaypolitica7.files.wordpress.com\/2017\/07\/evoluc_banano2002-20141.jpg?w=500\" data-orig-size=\"3509,2481\" data-comments-opened=\"1\" data-image-meta=\"{&quot;aperture&quot;:&quot;0&quot;,&quot;credit&quot;:&quot;&quot;,&quot;camera&quot;:&quot;&quot;,&quot;caption&quot;:&quot;&quot;,&quot;created_timestamp&quot;:&quot;0&quot;,&quot;copyright&quot;:&quot;&quot;,&quot;focal_length&quot;:&quot;0&quot;,&quot;iso&quot;:&quot;0&quot;,&quot;shutter_speed&quot;:&quot;0&quot;,&quot;title&quot;:&quot;&quot;,&quot;orientation&quot;:&quot;0&quot;}\" data-image-title=\"evoluc_banano2002-2014\" data-image-description=\"\" data-medium-file=\"https:\/\/economiaypolitica7.files.wordpress.com\/2017\/07\/evoluc_banano2002-20141.jpg?w=500?w=300\" data-large-file=\"https:\/\/economiaypolitica7.files.wordpress.com\/2017\/07\/evoluc_banano2002-20141.jpg?w=500?w=500\" \/><\/span><\/p>\n<p><span style=\"font-size: 12pt;\">El cultivo de banano tiene amplia relaci\u00f3n con la contaminaci\u00f3n ambiental. La r\u00e1pida expansi\u00f3n de este cultivo despu\u00e9s de la crisis del cacao provoc\u00f3 la deforestaci\u00f3n de grandes \u00e1reas de bosques tropicales debido al uso de frecuentes y en fuertes dosis de agroqu\u00edmicos en todas las etapas de producci\u00f3n[9].<\/span><\/p>\n<ul>\n<li><span style=\"font-size: 12pt;\"><strong>Palma africana<\/strong><strong>\u00a0<\/strong><\/span><\/li>\n<\/ul>\n<p><span style=\"font-size: 12pt;\">La palma africana se va constituyendo como un monocultivo en el Ecuador. En el a\u00f1o 2000, los cultivos de palma africana se localizaba en la provincia de Santo Domingo, pero en el a\u00f1o 2014, este se expande hacia la provincia de Los R\u00edos, Esmeraldas y Sucumb\u00edos. Seg\u00fan el CNA, en el a\u00f1o 2000, el cultivo de banano ocupaba 146.314 hect\u00e1reas de suelo agr\u00edcola, mientras que en el a\u00f1o 2014, seg\u00fan la ESPAC, el n\u00famero de hect\u00e1reas aument\u00f3 a 374.878, es decir, el n\u00famero de hect\u00e1reas cultivadas aument\u00f3 en un porcentaje dram\u00e1tico de 156%. Entre el periodo 2014 y 2016 existe un descenso del 15% de hect\u00e1reas destinadas a este cultivo. El motivo de este descenso puede obedecer a la enfermedad de la pudrici\u00f3n del cogollo de las plantaciones de palma que est\u00e1 devastando miles de hect\u00e1reas de palmas en el pa\u00eds[10].<\/span><\/p>\n<p><span style=\"font-size: 12pt;\"><strong>Transformaci\u00f3n de la matriz productiva: cultivos de palma africana y mosaico agropecuario, 2000-2014<\/strong><\/span><\/p>\n<p><span style=\"font-size: 12pt;\"><img decoding=\"async\" class=\"alignnone size-full wp-image-132\" src=\"https:\/\/economiaypolitica7.files.wordpress.com\/2017\/07\/evoluc_palma2002-2014.jpg?w=500\" sizes=\"(max-width: 500px) 100vw, 500px\" srcset=\"https:\/\/economiaypolitica7.files.wordpress.com\/2017\/07\/evoluc_palma2002-2014.jpg?w=500 500w, https:\/\/economiaypolitica7.files.wordpress.com\/2017\/07\/evoluc_palma2002-2014.jpg?w=1000 1000w, https:\/\/economiaypolitica7.files.wordpress.com\/2017\/07\/evoluc_palma2002-2014.jpg?w=150 150w, https:\/\/economiaypolitica7.files.wordpress.com\/2017\/07\/evoluc_palma2002-2014.jpg?w=300 300w, https:\/\/economiaypolitica7.files.wordpress.com\/2017\/07\/evoluc_palma2002-2014.jpg?w=768 768w\" alt=\"evoluc_palma2002-2014\" data-attachment-id=\"132\" data-permalink=\"https:\/\/economiaypolitica7.wordpress.com\/2017\/07\/19\/la-tierra-en-la-decada-ganada-conflictos-en-el-control-y-uso-del-suelo-para-la-transformacion-productiva-vs-la-produccion-alimentaria-en-ecuador\/evoluc_palma2002-2014\/\" data-orig-file=\"https:\/\/economiaypolitica7.files.wordpress.com\/2017\/07\/evoluc_palma2002-2014.jpg?w=500\" data-orig-size=\"3509,2481\" data-comments-opened=\"1\" data-image-meta=\"{&quot;aperture&quot;:&quot;0&quot;,&quot;credit&quot;:&quot;&quot;,&quot;camera&quot;:&quot;&quot;,&quot;caption&quot;:&quot;&quot;,&quot;created_timestamp&quot;:&quot;0&quot;,&quot;copyright&quot;:&quot;&quot;,&quot;focal_length&quot;:&quot;0&quot;,&quot;iso&quot;:&quot;0&quot;,&quot;shutter_speed&quot;:&quot;0&quot;,&quot;title&quot;:&quot;&quot;,&quot;orientation&quot;:&quot;0&quot;}\" data-image-title=\"evoluc_palma2002-2014\" data-image-description=\"\" data-medium-file=\"https:\/\/economiaypolitica7.files.wordpress.com\/2017\/07\/evoluc_palma2002-2014.jpg?w=500?w=300\" data-large-file=\"https:\/\/economiaypolitica7.files.wordpress.com\/2017\/07\/evoluc_palma2002-2014.jpg?w=500?w=500\" \/><\/span><\/p>\n<p><span style=\"font-size: 12pt;\">El cultivo de palma africana se encuentre dentro de las principales actividades que generan una destrucci\u00f3n irreversible de grandes extensiones de bosque h\u00famedo tropical y la p\u00e9rdida de biodiversidad en la regi\u00f3n Amaz\u00f3nica y en los bosques noroccidentales del Ecuador. Para el control de plagas se utilizan elevados vol\u00famenes de insecticidas, fungicidas y herbicidas que causan da\u00f1os a la flora y fauna, a la salud de los trabajadores agr\u00edcolas y a las personas que viven junto a las plantaciones[11].\u00a0<strong>Al igual que en el caso del banano, las plantaciones de palma africana van en contra del principio de la funci\u00f3n ambiental de la tierra.<\/strong><\/span><\/p>\n<ul>\n<li><span style=\"font-size: 12pt;\"><strong>Arroz (en c\u00e1scara)\u00a0<\/strong>(Priorizado en investigaci\u00f3n transg\u00e9nica)<\/span><\/li>\n<\/ul>\n<p><span style=\"font-size: 12pt;\">El arroz es uno de los principales alimentos de consumo masivo en el pa\u00eds, que est\u00e1 relacionado directamente con el cambio de la dieta en las familias ecuatoriana. En la provincia de Guayas se concentra la mayor superficie de suelo destinada al cultivo de arroz. A diferencia de los cultivos anteriores, el caso del arroz se observa una tendencia creciente del n\u00famero de hect\u00e1reas destinadas a este cultivo.\u00a0 En el a\u00f1o 2000, el CNA establece que en Ecuador exist\u00edan 343.936 hect\u00e1reas de cultivo de arroz, mientras que en el a\u00f1o 2014 aumenta a 375.820 y en el a\u00f1o 2016 a 385.039 hect\u00e1reas.<\/span><\/p>\n<p>&nbsp;<\/p>\n<p><span style=\"font-size: 12pt;\"><strong>Transformaci\u00f3n de la matriz productiva: cultivos de arroz y mosaico agropecuario, 2000-2014<\/strong><\/span><\/p>\n<p><span style=\"font-size: 12pt;\"><strong><img decoding=\"async\" class=\"alignnone size-full wp-image-118\" src=\"https:\/\/economiaypolitica7.files.wordpress.com\/2017\/07\/evoluc_arroz2002-2014.jpg?w=500\" sizes=\"(max-width: 500px) 100vw, 500px\" srcset=\"https:\/\/economiaypolitica7.files.wordpress.com\/2017\/07\/evoluc_arroz2002-2014.jpg?w=500 500w, https:\/\/economiaypolitica7.files.wordpress.com\/2017\/07\/evoluc_arroz2002-2014.jpg?w=1000 1000w, https:\/\/economiaypolitica7.files.wordpress.com\/2017\/07\/evoluc_arroz2002-2014.jpg?w=150 150w, https:\/\/economiaypolitica7.files.wordpress.com\/2017\/07\/evoluc_arroz2002-2014.jpg?w=300 300w, https:\/\/economiaypolitica7.files.wordpress.com\/2017\/07\/evoluc_arroz2002-2014.jpg?w=768 768w\" alt=\"evoluc_arroz2002-2014\" data-attachment-id=\"118\" data-permalink=\"https:\/\/economiaypolitica7.wordpress.com\/2017\/07\/19\/la-tierra-en-la-decada-ganada-conflictos-en-el-control-y-uso-del-suelo-para-la-transformacion-productiva-vs-la-produccion-alimentaria-en-ecuador\/evoluc_arroz2002-2014\/\" data-orig-file=\"https:\/\/economiaypolitica7.files.wordpress.com\/2017\/07\/evoluc_arroz2002-2014.jpg?w=500\" data-orig-size=\"3509,2481\" data-comments-opened=\"1\" data-image-meta=\"{&quot;aperture&quot;:&quot;0&quot;,&quot;credit&quot;:&quot;&quot;,&quot;camera&quot;:&quot;&quot;,&quot;caption&quot;:&quot;&quot;,&quot;created_timestamp&quot;:&quot;0&quot;,&quot;copyright&quot;:&quot;&quot;,&quot;focal_length&quot;:&quot;0&quot;,&quot;iso&quot;:&quot;0&quot;,&quot;shutter_speed&quot;:&quot;0&quot;,&quot;title&quot;:&quot;&quot;,&quot;orientation&quot;:&quot;0&quot;}\" data-image-title=\"evoluc_arroz2002-2014\" data-image-description=\"\" data-medium-file=\"https:\/\/economiaypolitica7.files.wordpress.com\/2017\/07\/evoluc_arroz2002-2014.jpg?w=500?w=300\" data-large-file=\"https:\/\/economiaypolitica7.files.wordpress.com\/2017\/07\/evoluc_arroz2002-2014.jpg?w=500?w=500\" \/><\/strong><\/span><\/p>\n<ul>\n<li><span style=\"font-size: 12pt;\"><strong>Ma\u00edz duro seco<\/strong>\u00a0(Priorizado en investigaci\u00f3n transg\u00e9nica)<\/span><\/li>\n<\/ul>\n<p><span style=\"font-size: 12pt;\">Resulta alarmante, la expansi\u00f3n del cultivo de ma\u00edz duro seco en el pa\u00eds. En el a\u00f1o 2000, el cultivo de banano ocupaba 240.201 hect\u00e1reas de suelo agr\u00edcola (CNA, 2000), mientras que, en el a\u00f1o 2014, el n\u00famero de hect\u00e1reas aument\u00f3 a 397.522, es decir, hubo un incremento del 65,5% de superficie destina para este cultivo. Entre el periodo 2014 y 2016 existe un descenso del 1,42% de hect\u00e1reas destinadas a este cultivo debido a la presencia de plagas virosis y fungosis que afecto a los cultivos en ese a\u00f1o. En el a\u00f1o 2000, los cultivos de ma\u00edz duro se encontraban dispersos y asociados al ma\u00edz suave, sin embargo, en el a\u00f1o 2014, estos cultivos se expanden a las provincias de Los R\u00edos y Manab\u00ed. Los usos de este cultivo son principalmente destinados a la industria de alimentos balanceados.<\/span><\/p>\n<p><span style=\"font-size: 12pt;\"><strong>Transformaci\u00f3n de la matriz productiva: cultivos de ma\u00edz duro y mosaico agropecuario, 2000-2014<\/strong><\/span><\/p>\n<p><span style=\"font-size: 12pt;\"><img decoding=\"async\" class=\"alignnone size-full wp-image-131\" src=\"https:\/\/economiaypolitica7.files.wordpress.com\/2017\/07\/evoluc_maiz2002-20141.jpg?w=500\" sizes=\"(max-width: 500px) 100vw, 500px\" srcset=\"https:\/\/economiaypolitica7.files.wordpress.com\/2017\/07\/evoluc_maiz2002-20141.jpg?w=500 500w, https:\/\/economiaypolitica7.files.wordpress.com\/2017\/07\/evoluc_maiz2002-20141.jpg?w=1000 1000w, https:\/\/economiaypolitica7.files.wordpress.com\/2017\/07\/evoluc_maiz2002-20141.jpg?w=150 150w, https:\/\/economiaypolitica7.files.wordpress.com\/2017\/07\/evoluc_maiz2002-20141.jpg?w=300 300w, https:\/\/economiaypolitica7.files.wordpress.com\/2017\/07\/evoluc_maiz2002-20141.jpg?w=768 768w\" alt=\"evoluc_maiz2002-2014\" data-attachment-id=\"131\" data-permalink=\"https:\/\/economiaypolitica7.wordpress.com\/2017\/07\/19\/la-tierra-en-la-decada-ganada-conflictos-en-el-control-y-uso-del-suelo-para-la-transformacion-productiva-vs-la-produccion-alimentaria-en-ecuador\/evoluc_maiz2002-2014-2\/\" data-orig-file=\"https:\/\/economiaypolitica7.files.wordpress.com\/2017\/07\/evoluc_maiz2002-20141.jpg?w=500\" data-orig-size=\"3509,2481\" data-comments-opened=\"1\" data-image-meta=\"{&quot;aperture&quot;:&quot;0&quot;,&quot;credit&quot;:&quot;&quot;,&quot;camera&quot;:&quot;&quot;,&quot;caption&quot;:&quot;&quot;,&quot;created_timestamp&quot;:&quot;0&quot;,&quot;copyright&quot;:&quot;&quot;,&quot;focal_length&quot;:&quot;0&quot;,&quot;iso&quot;:&quot;0&quot;,&quot;shutter_speed&quot;:&quot;0&quot;,&quot;title&quot;:&quot;&quot;,&quot;orientation&quot;:&quot;0&quot;}\" data-image-title=\"evoluc_maiz2002-2014\" data-image-description=\"\" data-medium-file=\"https:\/\/economiaypolitica7.files.wordpress.com\/2017\/07\/evoluc_maiz2002-20141.jpg?w=500?w=300\" data-large-file=\"https:\/\/economiaypolitica7.files.wordpress.com\/2017\/07\/evoluc_maiz2002-20141.jpg?w=500?w=500\" \/><\/span><\/p>\n<p><span style=\"font-size: 12pt;\">La mayor\u00eda de productos priorizados dentro de la matriz productiva se encuentran en la provincia con mayor superficie de labor productiva como son: Manab\u00ed, seguida por Guayas, Esmeraldas y Los R\u00edos, todas ellas ubicadas en la regi\u00f3n Costa. Estos cultivos est\u00e1n directamente relacionados con la tenencia de la tierra. El Instituto Geogr\u00e1fico Militar, a partir de informaci\u00f3n del SIG Tierras, en su Atlas Rural del Ecuador, clasifico a las propiedades en Ecuador entre: grande, mediana y peque\u00f1a. Las grandes propiedades predominan en zonas destinadas a los cultivos priorizados en el cambio de la matriz productiva y a donde se han destinado la mayor\u00eda de presupuesto de las pol\u00edticas p\u00fablicas. En la sierra, la superficie productiva es mediana pues est\u00e1 condicionada por el tipo de relieve. Aqu\u00ed predominan las peque\u00f1as parcelas. La superficie productiva en la Amazon\u00eda es menor ya que se trata de una regi\u00f3n nueva en t\u00e9rminos de producci\u00f3n agropecuaria, cuyos sistemas productivos son fruto del esfuerzo colonizador de las \u00faltimas d\u00e9cadas[12]<\/span><\/p>\n<p>&nbsp;<\/p>\n<p><span style=\"font-size: 12pt;\"><strong>Tama\u00f1o de unidades productivas<\/strong><\/span><\/p>\n<p><span style=\"font-size: 12pt;\"><img decoding=\"async\" class=\"alignnone size-full wp-image-149\" src=\"https:\/\/economiaypolitica7.files.wordpress.com\/2017\/07\/publicacic3b3n1.jpg?w=500\" sizes=\"(max-width: 500px) 100vw, 500px\" srcset=\"https:\/\/economiaypolitica7.files.wordpress.com\/2017\/07\/publicacic3b3n1.jpg?w=500 500w, https:\/\/economiaypolitica7.files.wordpress.com\/2017\/07\/publicacic3b3n1.jpg?w=1000 1000w, https:\/\/economiaypolitica7.files.wordpress.com\/2017\/07\/publicacic3b3n1.jpg?w=150 150w, https:\/\/economiaypolitica7.files.wordpress.com\/2017\/07\/publicacic3b3n1.jpg?w=300 300w, https:\/\/economiaypolitica7.files.wordpress.com\/2017\/07\/publicacic3b3n1.jpg?w=768 768w\" alt=\"Publicaci\u00f3n1\" data-attachment-id=\"149\" data-permalink=\"https:\/\/economiaypolitica7.wordpress.com\/2017\/07\/19\/la-tierra-en-la-decada-ganada-conflictos-en-el-control-y-uso-del-suelo-para-la-transformacion-productiva-vs-la-produccion-alimentaria-en-ecuador\/publicacion1\/\" data-orig-file=\"https:\/\/economiaypolitica7.files.wordpress.com\/2017\/07\/publicacic3b3n1.jpg?w=500\" data-orig-size=\"1754,1240\" data-comments-opened=\"1\" data-image-meta=\"{&quot;aperture&quot;:&quot;0&quot;,&quot;credit&quot;:&quot;&quot;,&quot;camera&quot;:&quot;&quot;,&quot;caption&quot;:&quot;&quot;,&quot;created_timestamp&quot;:&quot;0&quot;,&quot;copyright&quot;:&quot;&quot;,&quot;focal_length&quot;:&quot;0&quot;,&quot;iso&quot;:&quot;0&quot;,&quot;shutter_speed&quot;:&quot;0&quot;,&quot;title&quot;:&quot;&quot;,&quot;orientation&quot;:&quot;0&quot;}\" data-image-title=\"Publicaci\u00f3n1\" data-image-description=\"\" data-medium-file=\"https:\/\/economiaypolitica7.files.wordpress.com\/2017\/07\/publicacic3b3n1.jpg?w=500?w=300\" data-large-file=\"https:\/\/economiaypolitica7.files.wordpress.com\/2017\/07\/publicacic3b3n1.jpg?w=500?w=500\" \/><\/span><\/p>\n<p><span style=\"font-size: 12pt;\">Mientras tanto, el nuevo gobierno, presidido por Lenin Moreno, convoca a la Gran Minga Agropecuaria con el fin de \u201csaldar la deuda hist\u00f3rica con este sector\u201d y eliminar la pobreza extrema en el campo. Sin embargo, nada de esto ser\u00e1 posible si no se modifica la inequitativa estructura en cuanto al acceso a la tierra que se ha mantenido relativamente constante a lo largo de estos \u00faltimos a\u00f1os y que podr\u00eda agravarse si se contin\u00faa con la pol\u00edtica anterior de promoci\u00f3n de la agricultura industrial.<\/span><\/p>\n<p><span style=\"font-size: 12pt;\">Fuente: \u00a0http:\/\/www.fianecuador.org.ec\/la-tierra-en-la-decada-ganada-conflictos-en-el-control-y-uso-del-suelo-para-la-transformacion-productiva-vs-la-produccion-alimentaria-en-ecuador\/<\/span><\/p>\n<p>&nbsp;<\/p>\n<p><span style=\"font-size: 12pt;\">[1]\u00a0El presente art\u00edculo corresponde a un extracto de la investigaci\u00f3n \u201cTendencias en la estructura agraria, inequidad rural y Derecho a la Alimentaci\u00f3n y Nutrici\u00f3n en el Ecuador post-neoliberal\u201d que se realiza bajo la coordinaci\u00f3n de FIAN Ecuador.<\/span><\/p>\n<p><span style=\"font-size: 12pt;\">[2]\u00a0Seg\u00fan datos de la Encuesta de Condiciones de Vida 2013-2014, en el \u00e1rea rural cerca del 59,9% de personas es considerada pobre, mientras que, en el \u00e1rea urbana la pobreza representa apenas el 24,3% del total (pobreza medida por necesidades b\u00e1sicas insatisfechas).<\/span><\/p>\n<p><span style=\"font-size: 12pt;\">[3]\u00a0Seg\u00fan el INEC, a diciembre de 2013, la tasa de subocupaci\u00f3n en el \u00e1rea rural del pa\u00eds se ubicaba en 72%.<\/span><\/p>\n<p><span style=\"font-size: 12pt;\">[4]\u00a0MAGAP Ministerio de Agricultura, Ganader\u00eda, Acuacultura y Pesca (2016). La pol\u00edtica agropecuaria ecuatoriana: hacia el desarrollo territorial rural sostenible: 2015-2025. I Parte. Quito, Ecuador.<\/span><\/p>\n<p><span style=\"font-size: 12pt;\">[5]\u00a0Torres, N., M. Vera, F. Gachet y L. Boada (2016). Balance de la situaci\u00f3n alimentaria y nutricional en Ecuador. Quito: FIAN Ecuador.<\/span><\/p>\n<p><span style=\"font-size: 12pt;\">[6]\u00a0Mart\u00ednez, Luciano (2014). \u201cLa concentraci\u00f3n de la tierra en el caso ecuatoriano: Impactos en el territorio\u201d En La concentraci\u00f3n de la tierra. Un problema prioritario en el Ecuador contempor\u00e1neo. Quito: FLACSO Ecuador.<\/span><\/p>\n<p><span style=\"font-size: 12pt;\">[7]\u00a0La curva de Lorenz es una representaci\u00f3n gr\u00e1fica utilizada frecuentemente para plasmar la distribuci\u00f3n relativa de una variable en un dominio determinado. El dominio puede ser el conjunto de hogares o personas de una regi\u00f3n o pa\u00eds, por ejemplo. En este caso, para mostrar la desigualdad en el acceso a la tierra se utiliz\u00f3 la informaci\u00f3n del Censo Nacional Agropecuario (CNA) para el a\u00f1o 2000 y la Encuesta de Superficie y Producci\u00f3n Agropecuaria Continua (ESPAC) para el a\u00f1o 2012.<\/span><\/p>\n<p><span style=\"font-size: 12pt;\">[8]\u00a0SENPLADES (2014). Estrategia Nacional para la Igualdad y la Erradicaci\u00f3n de la Pobreza. Quito: Comit\u00e9 Interinstitucional para la Erradicaci\u00f3n de la Pobreza \u2013 SENPLADES<\/span><\/p>\n<p><span style=\"font-size: 12pt;\">[9]\u00a0Instituto Geogr\u00e1fico Militar (2017). Atlas Rural del Ecuador. Quito: IGM.<\/span><\/p>\n<p><span style=\"font-size: 12pt;\">[10]\u00a0Diario La Hora (enero de 2016). \u201cCrisis en el sector palmicultor\u201d. Recuperado de\u00a0\u00a0https:\/\/lahora.com.ec\/noticia\/1101902884\/crisis-en-el-sector-palmicultor<\/span><\/p>\n<p><span style=\"font-size: 12pt;\">[11]\u00a0Instituto Geogr\u00e1fico Militar (2017). Atlas Rural del Ecuador. Quito: IGM.<\/span><\/p>\n<p><span style=\"font-size: 12pt;\">[12]\u00a0Instituto Geogr\u00e1fico Militar (2017). Atlas Rural del Ecuador. Quito: IGM.<\/span><\/p>\n<\/div>\n","protected":false},"excerpt":{"rendered":"<p>La tierra en la d\u00e9cada ganada: Conflictos en el control [&hellip;]<\/p>\n","protected":false},"author":1,"featured_media":4203,"comment_status":"open","ping_status":"open","sticky":false,"template":"","format":"standard","meta":{"_siteseo_robots_primary_cat":"","_joinchat":[],"footnotes":""},"categories":[6],"tags":[21],"class_list":["post-4202","post","type-post","status-publish","format-standard","has-post-thumbnail","hentry","category-campesino","tag-modelo-de-acumulacion"],"_links":{"self":[{"href":"https:\/\/cdes.org.ec\/webantigua\/wp-json\/wp\/v2\/posts\/4202","targetHints":{"allow":["GET"]}}],"collection":[{"href":"https:\/\/cdes.org.ec\/webantigua\/wp-json\/wp\/v2\/posts"}],"about":[{"href":"https:\/\/cdes.org.ec\/webantigua\/wp-json\/wp\/v2\/types\/post"}],"author":[{"embeddable":true,"href":"https:\/\/cdes.org.ec\/webantigua\/wp-json\/wp\/v2\/users\/1"}],"replies":[{"embeddable":true,"href":"https:\/\/cdes.org.ec\/webantigua\/wp-json\/wp\/v2\/comments?post=4202"}],"version-history":[{"count":0,"href":"https:\/\/cdes.org.ec\/webantigua\/wp-json\/wp\/v2\/posts\/4202\/revisions"}],"wp:featuredmedia":[{"embeddable":true,"href":"https:\/\/cdes.org.ec\/webantigua\/wp-json\/wp\/v2\/media\/4203"}],"wp:attachment":[{"href":"https:\/\/cdes.org.ec\/webantigua\/wp-json\/wp\/v2\/media?parent=4202"}],"wp:term":[{"taxonomy":"category","embeddable":true,"href":"https:\/\/cdes.org.ec\/webantigua\/wp-json\/wp\/v2\/categories?post=4202"},{"taxonomy":"post_tag","embeddable":true,"href":"https:\/\/cdes.org.ec\/webantigua\/wp-json\/wp\/v2\/tags?post=4202"}],"curies":[{"name":"wp","href":"https:\/\/api.w.org\/{rel}","templated":true}]}}