{"id":4247,"date":"2017-08-09T12:18:17","date_gmt":"2017-08-09T12:18:17","guid":{"rendered":"https:\/\/cdes.org.ec\/webantigua\/?p=4247"},"modified":"2021-06-07T16:56:38","modified_gmt":"2021-06-07T16:56:38","slug":"autonomia-territorial-y-criminalizacion-a-un-siglo-de-demandas-indigenas-en-la-onu","status":"publish","type":"post","link":"https:\/\/cdes.org.ec\/webantigua\/autonomia-territorial-y-criminalizacion-a-un-siglo-de-demandas-indigenas-en-la-onu\/","title":{"rendered":"Autonom\u00eda territorial y criminalizaci\u00f3n a un siglo de demandas ind\u00edgenas en la ONU"},"content":{"rendered":"<p style=\"text-align: justify;\"><b>LA CRECIENTE VISIBILIDAD DE LA DEMANDA TERRITORIAL IND\u00cdGENA TRAE CONSIGO LAS TASAS M\u00c1S ALTAS DE CRIMINALIZACI\u00d3N DE ACTIVISTAS<\/b><\/p>\n<p style=\"text-align: justify;\"><strong><span class=\"_4yxo\">Hoy celebramos que hace 10 a\u00f1os se adopt\u00f3 el instrumento m\u00e1s avanzado y completo sobre los derechos de los pueblos ind\u00edgenas:\u00a0<\/span><a href=\"http:\/\/www.un.org\/esa\/socdev\/unpfii\/documents\/DRIPS_es.pdf\" target=\"_blank\" rel=\"nofollow noopener\"><span class=\"_4yxo\">la Declaraci\u00f3n de las Naciones Unidas sobre los Derechos de los Pueblos Ind\u00edgenas.<\/span><\/a><\/strong><span class=\"_4yxo\"><strong>\u00a0A casi 100 a\u00f1os de la primera demanda ind\u00edgena en el Sistema de Naciones Unidas, la lucha ind\u00edgena sigue poni\u00e9ndole el cuerpo a desaf\u00edos globales.<\/strong><\/span><\/p>\n<p style=\"text-align: justify;\">En 1923, Deskaheh, l\u00edder ind\u00edgena Iroquois de Canad\u00e1 se convirti\u00f3 en el primer hombre del mundo en llevar\u00a0<a href=\"https:\/\/l.facebook.com\/l.php?u=http%3A%2F%2Fcendoc.docip.org%2Fcollect%2Fdeskaheh%2Findex%2Fassoc%2FHASH0102%2F5e23c4be.dir%2FR612-11-28075-30626-8.pdf&amp;h=ATMacV-SiVwX90COzvdhl17Ut5kKlIRsG1_Z_zpUIsvNzBSbbeGHRy53xUqnwWp5l93b7Ss4sFwnbur40dlsSri-ur5JSFchkdv8VVUsHQNH-qpBOW--9uAx04N-ZmYme2Fzb8m84A&amp;s=1\" target=\"_blank\" rel=\"nofollow noopener\">su demanda por el reconocimiento de los derechos ind\u00edgenas<\/a>\u00a0a las Naciones Unidas (en ese entonces la Liga de las Naciones). Su pedido era simple y claro: poder vivir bajo leyes ind\u00edgenas sobre su propio territorio y profesar su propia fe. Aunque pas\u00f3 m\u00e1s de 1 a\u00f1o en Europa, no fue atendido oficialmente y sus reclamos no fueron escuchados. Deskaheh muri\u00f3 en 1925 en Estados Unidos, luego que Canad\u00e1 negar\u00e1 su reingreso al pa\u00eds.<\/p>\n<p style=\"text-align: justify;\">Si bien ha pasado cerca de un siglo de estos acontecimientos, las respuestas nacionales que a\u00fan reciben los pueblos ind\u00edgenas no difieren en gran medida del trato que recibi\u00f3 Deskaheh.<\/p>\n<p style=\"text-align: justify;\">Algunas miradas apuntan a que estamos siendo testigos de un\u00a0<a href=\"https:\/\/l.facebook.com\/l.php?u=https%3A%2F%2Fwww.theguardian.com%2Fcommentisfree%2F2017%2Fmay%2F30%2Findigenous-sovereignty-growth-history-australia&amp;h=ATOWw4nUJOBZkG3jzGrBZMWc3CQapJ0cb8Innmr3-GTO5O0NkPAqLpxBnVdqA7eXyLEnbjmTa7yoW0ooAvedo3sKTQ9a4r146lDmdEBCw3hidMkWfiYUcmY6x81p8VDXALEyy937KQ&amp;s=1\" target=\"_blank\" rel=\"nofollow noopener\">siglo ind\u00edgena<\/a>. Este\u00a0<span class=\"_4yxp\">momentum<\/span>\u00a0parece no ser solo una aspiraci\u00f3n de aquellos que trabajamos con derechos ind\u00edgenas o una mera casualidad, sino que\u00a0<span class=\"_4yxo\">las estad\u00edsticas muestran a los pueblos ind\u00edgenas del mundo al frente de luchas globales clave para nuestro planeta. Un hecho que no es aislado.<\/span><\/p>\n<p style=\"text-align: justify;\">De acuerdo a un\u00a0<a href=\"https:\/\/l.facebook.com\/l.php?u=https%3A%2F%2Fwww.theguardian.com%2Fenvironment%2Fng-interactive%2F2017%2Fjul%2F13%2Fthe-defenders-tracker&amp;h=ATPJhBWaXb_6OhXVX5utb54QFxSZvIHQUQ09zHZEXIevGeQuFwnLUQ9-lQBMLIaMyG3OLMNgmmvxEDB0UXeD2jpu7hOjbFn3mqHKaPJrLXNjNtcyS0UaH2gN3Gwoc1hkzlwsFX6I_w&amp;s=1\" target=\"_blank\" rel=\"nofollow noopener\">reporte interactivo de Global Witness<\/a>, casi 100 defensores del medio ambiente han sido asesinados en lo que va del 2017 y las comunidades ind\u00edgenas encabezan la lista bajo la expansi\u00f3n de las industrias extractivas. Solo en 2015,\u00a0<a href=\"https:\/\/l.facebook.com\/l.php?u=https%3A%2F%2Fwww.economist.com%2Fnews%2Famericas%2F21716687-commodities-technology-and-bad-policing-why-latin-america-deadliest-place%3Ffsrc%3Dscn%252Fln_ec%252Fwhy_latin_america_is_the_deadliest_place_for_environmentalists&amp;h=ATPL8Or6f-ZqKT6hHSKEJPLr6TRyg87doVj9C_PmmwnHGvTEbe24a7fKuKF6UhDGhIoP59OFnneZTlSvJrWhLbXUch4FdBqwZTqzJSApl73ymTJnP5Kzcj8VK-D1Q2UkkzKNlto-ig&amp;s=1\" target=\"_blank\" rel=\"nofollow noopener\">un tercio de los asesinatos<\/a>\u00a0relacionados con la defensa del territorio fueron l\u00edderes ind\u00edgenas de Am\u00e9rica Latina. Esta escalada de violencia no es casual, ya que los territorios ind\u00edgenas son los m\u00e1s ricos en biodiversidad.<\/p>\n<p style=\"text-align: justify;\">Justamente, uno de los art\u00edculos m\u00e1s importantes de la Declaraci\u00f3n que hoy homenajeamos es el\u00a0<span class=\"_4yxo\">derecho colectivo e inalienable de todos los pueblos ind\u00edgenas a la propiedad, uso y control de tierras, territorios y otros recursos naturales<\/span>. Aqu\u00ed se encuentra la batalla m\u00e1s grande. Sin importar las diferencias regionales, los pueblos ind\u00edgenas son hoy amenazados por el avance incesante de megaproyectos de infraestructura, industrias extractivas y agricultura a gran escala. Todas estas actividades prometen un pr\u00f3spero futuro, pero generalmente acaban en desalojos forzados, criminalizaci\u00f3n de l\u00edderes y graves violaciones de derechos humanos.\u00a0<a href=\"https:\/\/l.facebook.com\/l.php?u=http%3A%2F%2Funsr.vtaulicorpuz.org%2Fsite%2Findex.php%2Fes%2Fpress-releases%2F152-conservation-ipr&amp;h=ATOKv3LY_BPdSNKGUl_jwRJ8YaXBCj1kuCNXMyswwSQUTk-2xVakBLMEePPaMpgjQhkg2QJq2hRkO-izrTWjAW-CzUEgvu6twBQfcxAfXfQ0b4V6kWkaYJXAiiMv0oGnmGeCKr1lug&amp;s=1\" target=\"_blank\" rel=\"nofollow noopener\">En nombre de la conservaci\u00f3n y el desarrollo<\/a>, los menos responsables son los m\u00e1s golpeados.<\/p>\n<blockquote>\n<p style=\"text-align: justify;\"><strong>Un esfuerzo que forj\u00f3 una declaraci\u00f3n para m\u00e1s de 370 millones de personas<\/strong><\/p>\n<\/blockquote>\n<p>&nbsp;<\/p>\n<div class=\"_2cuy _3dgx _2vxa\" style=\"text-align: justify;\">Resulta parad\u00f3jico que una demanda con casi 100 a\u00f1os de antig\u00fcedad se haya convertido en el \u00faltimo corpus legislativo del derecho internacional. La Declaraci\u00f3n gravit\u00f3 20 a\u00f1os de discusi\u00f3n en la antigua Comisi\u00f3n de Derechos Humanos hasta convertirse en una realidad.<\/div>\n<div class=\"_2cuy _3dgx _2vxa\" style=\"text-align: justify;\">Sin lugar a dudas, este instrumento marc\u00f3 un antes y un despu\u00e9s en la vida de los pueblos ind\u00edgenas.\u00a0<span class=\"_4yxo\">No les bast\u00f3 con consagrarse como sujetos de derecho internacional, sino que por primera vez en la historia de las Naciones Unidas, los propios beneficiarios fueron los que negociaron y construyeron uno de los instrumentos de derechos humanos con m\u00e1s consenso internacional.<\/span><\/div>\n<div class=\"_2cuy _3dgx _2vxa\" style=\"text-align: justify;\">Hoy la Declaraci\u00f3n es la fuente de referencia leg\u00edtima para demandar la obligaci\u00f3n de los estados. En este largo proceso, la tenacidad de los pueblos ind\u00edgenas ha sido la clave para demandar lo que siempre se les ha negado. A diez a\u00f1os, el resultado es inmenso: instrumentos legales para proteger su derecho a participar en todas las decisiones que les conciernen.<\/div>\n<div class=\"_2cuy _50a1 _2vxa\" style=\"text-align: justify;\">Suele decirse que el cambio es impulsado desde los m\u00e1rgenes. La historia de c\u00f3mo los pueblos ind\u00edgenas han conquistado espacios dentro del sistema de las Naciones Unidas da cuenta de ello.<\/div>\n<div class=\"_2cuy _50a1 _2vxa\" style=\"text-align: justify;\">Fue con la efervescencia de los a\u00f1os 70\u2019 que el movimiento ind\u00edgena tom\u00f3 un nuevo impulso y dejo en claro que la lucha por los derechos ind\u00edgenas no pod\u00eda estar solo en manos de los estados nacionales. Gracias al apoyo de varias organizaciones internacionales como IWGIA, e<span class=\"_4yxo\">l sistema internacional de derechos humanos dio un salto trascendental: dej\u00f3 atr\u00e1s un enfoque integracionista y reconoci\u00f3 finalmente el paradigma de libre determinaci\u00f3n colectiva.<\/span><\/div>\n<div class=\"_2cuy _50a1 _2vxa\" style=\"text-align: justify;\">En lo m\u00e1s b\u00e1sico esto signific\u00f3 que los pueblos ind\u00edgenas pudieran hablar, preparar documentos y hacer propuestas en la ONU. De aqu\u00ed en m\u00e1s organizaciones y l\u00edderes ind\u00edgenas comienzan a participar en reuniones y estudios sobre sus derechos. El sentido de las discusiones cambi\u00f3 totalmente y dejo una huella a seguir para los defensores de derechos humanos. Como si fuera poco esto signific\u00f3 lograr preservar su propia identidad y cultura como sociedades.<\/div>\n<div class=\"_2cuy _50a1 _2vxa\" style=\"text-align: justify;\">Pero la Declaraci\u00f3n no ha sido la \u00fanica victoria. El movimiento ind\u00edgena consigui\u00f3 su propio\u00a0<a href=\"https:\/\/l.facebook.com\/l.php?u=https%3A%2F%2Fwww.un.org%2Fdevelopment%2Fdesa%2Findigenous-peoples-es%2Fsesiones-del-foro-permanente.html&amp;h=ATPInYnzN22voNA7HHdpHWsQiLXCl8xkAdrI05yxzpQ-V-hjD_K-2xqoLrsFPwsn9-SgxQXl9XXrJ48iX8jICNhLgAm1ri--Qn2kez9RMsQ9-8HOsHE0k4XFMipJ6P1Ur5RmUKin8g&amp;s=1\" target=\"_blank\" rel=\"nofollow noopener\">Foro Permanente sobre Cuestiones Ind\u00edgenas<\/a>\u00a0(2000), su\u00a0<a href=\"https:\/\/l.facebook.com\/l.php?u=http%3A%2F%2Fwww.ohchr.org%2FEN%2FIssues%2FIPeoples%2FSRIndigenousPeoples%2FPages%2FSRIPeoplesIndex.aspx&amp;h=ATO4KP5_-EChNsl95oSAoHQeON50_gQ3pacoMWtcMm5-kmhASQkvo5Vv7vxCOqQ_97Ju_nq-cab0LYZkjQxHP-MI9W48pQ1zS4ds6a2KZ77NagOW-_oCmzXMl8hQgo5xwCTDfjLPYA&amp;s=1\" target=\"_blank\" rel=\"nofollow noopener\">Relator Especial<\/a>\u00a0(2001), el\u00a0<a href=\"https:\/\/l.facebook.com\/l.php?u=http%3A%2F%2Fwww.ohchr.org%2FSP%2FIssues%2FIPeoples%2FEMRIP%2FPages%2FEMRIPIndex.aspx&amp;h=ATNgblpHsXjSOAqjudiqC1ITjx25L-hslnJ3wSvABwuYzZUlsh3iL7uRy21Crb_BYM9tO-zHDiKW7kKLZ70KXr7Bbun4ph9zSZOsCpE48g7_9i97zbbLjco5tL6slLFUFK1jrXapBA&amp;s=1\" target=\"_blank\" rel=\"nofollow noopener\">Mecanismo de Expertos sobre los Derechos de los Pueblos Ind\u00edgenas<\/a>\u00a0(2007) y su\u00a0<a href=\"https:\/\/l.facebook.com\/l.php?u=http%3A%2F%2Fwww.un.org%2Fes%2Fga%2F69%2Fmeetings%2Findigenous%2F%23%26panel1-1&amp;h=ATPjXIk3znwLR9E6HHu-pReO10KMRMwFFwPYtBiHt9GPo9SABwlliTJaQ4y4EznLpt5Zb8_0ObGcAvMyNVsvjRrcmbzjQcnUeBNe7eZeWj613XAndJJDfts11ufdCYSZXVpCKxrPqA&amp;s=1\" target=\"_blank\" rel=\"nofollow noopener\">Conferencia Mundial<\/a>\u00a0(2014).<\/div>\n<div class=\"_2cuy _50a1 _2vxa\" style=\"text-align: justify;\">Este firme andar hizo posible que en la \u00faltima d\u00e9cada la condici\u00f3n jur\u00eddica de los pueblos ind\u00edgenas sea mejor entendida y aceptada por los estados miembros y otros actores clave. Es tambi\u00e9n esperanzador ver que los pa\u00edses que han votado en contra de la Declaraci\u00f3n hoy han revisado sus posiciones y han declarado p\u00fablicamente su apoyo (Canad\u00e1, Australia, NZ y Estados Unidos) .<\/div>\n<div class=\"_2cuy _50a1 _2vxa\" style=\"text-align: justify;\"><a href=\"https:\/\/l.facebook.com\/l.php?u=http%3A%2F%2Fwww.iwgia.org%2Fiwgia_files_publications_files%2F0761_EL_MUNDO_INDIGENA_2017-eb.pdf&amp;h=ATNed9QxHz4feQYpUn1GwXbx8zgYCbhF0m8soTsu6cUzJoYFoSltuyRJ3vUO5Wl3nDZFTYu1Yf7rO_KeuGilsrPd8U7NcdaOBzJpfU_IUYnoa4W8k-Mbt7D9NOscsSHaTKXIpTNcJA&amp;s=1\" target=\"_blank\" rel=\"nofollow noopener\">Varias otras tendencias positivas<\/a>\u00a0nos hacen pensar que estamos por el buen camino. El ascenso de gobiernos ind\u00edgenas aut\u00f3nomos en Am\u00e9rica Latina, disculpas oficiales y planes de reconciliaci\u00f3n en Canad\u00e1, una general mayor participaci\u00f3n pol\u00edtica y mayor cobertura per\u00edodistica dan aliento.<\/div>\n<blockquote>\n<div class=\"_2cuy _50a1 _2vxa\" style=\"text-align: justify;\"><strong style=\"font-size: 14px; background-color: #f2f2f2;\">La ONU como trampol\u00edn para ponerle el cuerpo a la batalla territorial<\/strong><\/div>\n<div><\/div>\n<\/blockquote>\n<div class=\"_2cuy _50a1 _2vxa\" style=\"text-align: justify;\">Forjar una declaraci\u00f3n internacional ha sido m\u00e1s que una prueba de que los pueblos ind\u00edgenas son capaces de unir esfuerzos globales para impulsar cambios democr\u00e1ticos. Esfuerzos que gu\u00edan los pasos para una verdadera descolonizaci\u00f3n.<\/div>\n<div class=\"_2cuy _50a1 _2vxa\" style=\"text-align: justify;\">Pero las batallas ganadas en papel no garantizan cambios autom\u00e1ticos. La realidad cotidiana de las comunidades ind\u00edgenas muestra que todav\u00eda se encuentran bajo grandes presiones. La reducci\u00f3n del espacio del activismo ind\u00edgena y la criminalizaci\u00f3n de sus protestas amenazan directamente sus modos de vida.\u00a0<a href=\"https:\/\/l.facebook.com\/l.php?u=https%3A%2F%2Felpais.com%2Felpais%2F2017%2F03%2F28%2Fplaneta_futuro%2F1490714409_709999.html&amp;h=ATOlhef6h-Z4TxvvoCucjjCktAIodSoQyYpHqe0er1GW-SQMRkNG3_pZc47As77UgxjGk92Ebo-Xz5x1Ii3IZOTEW0laaiaV1u5Xi-spXI-lBL1rtxa7jxhC-ot5QMddi3FpjlVaKg&amp;s=1\" target=\"_blank\" rel=\"nofollow noopener\">El asesinato de la activista ind\u00edgena Berta C\u00e1ceres<\/a>\u00a0ha sido sin dudas un urgente llamado de atenci\u00f3n sobre esta cruda realidad.<\/div>\n<div class=\"_2cuy _50a1 _2vxa\" style=\"text-align: justify;\"><span class=\"_4yxo\">El prerrequisito fundamental para que los pueblos ind\u00edgenas puedan conservar su identidad y desarrollar su autonom\u00eda es el derecho a poder definir el alcance y direcci\u00f3n de las actividades de desarrollo dentro de sus territorios.<\/span><\/div>\n<div class=\"_2cuy _50a1 _2vxa\" style=\"text-align: justify;\">\u00bfQu\u00e9 hace falta entonces? Una Declaraci\u00f3n es una responsabilidad universal que nos incluye a todos: estados, organizaciones ind\u00edgenas, instituciones financieras, el sector privado, organizaciones de conservaci\u00f3n, academia, los medios y las ONG.<\/div>\n<div class=\"_2cuy _50a1 _2vxa\" style=\"text-align: justify;\"><em><strong>Mientras que la exploraci\u00f3n y explotaci\u00f3n de los recursos naturales contin\u00fae su expansi\u00f3n, los pueblos ind\u00edgenas seguir\u00e1n siendo los m\u00e1s afectados. La \u00fanica acci\u00f3n para salvaguardar sus derechos es que los estados entren en un verdadero di\u00e1logo multicultural para alcanzar negociaciones justas basadas en derechos adquiridos.<\/strong><\/em><\/div>\n<div class=\"_2cuy _3dgx _2vxa\" style=\"text-align: justify;\">Esto requiere concretamente de reformas legales con voluntad pol\u00edtica, capacidad t\u00e9cnica y compromiso financiero. Al mismo tiempo\u00a0<span class=\"_4yxo\">recordar el objetivo con el que la declaraci\u00f3n fue dise\u00f1ada<\/span>:\u00a0<span class=\"_4yxo\">la necesidad urgente de superar y reparar la negaci\u00f3n hist\u00f3rica de derechos fundamentales.<\/span><\/div>\n<div class=\"_2cuy _3dgx _2vxa\" style=\"text-align: justify;\">Esta lucha no llama a hacer reales derechos especiales, sino derechos humanos inalienables como lo es ser due\u00f1os de nuestro propio destino.<\/div>\n<div class=\"_2cuy _3dgx _2vxa\" style=\"text-align: justify;\">Hoy celebramos tener a la Declaraci\u00f3n como un remedio y br\u00fajula que gu\u00eda todos nuestros esfuerzos.<\/div>\n<div class=\"_2cuy _3dgx _2vxa\" style=\"text-align: justify;\"><span class=\"_4yxp\">Fuente de la nota:\u00a0El Grupo Internacional de Trabajo sobre Asuntos Ind\u00edgenas (IWGIA). Disponible en:\u00a0http:\/\/www.iwgia.org<\/span><\/div>\n","protected":false},"excerpt":{"rendered":"<p>LA CRECIENTE VISIBILIDAD DE LA DEMANDA TERRITORIAL IND\u00cdGENA TRAE CONSIGO [&hellip;]<\/p>\n","protected":false},"author":1,"featured_media":2952,"comment_status":"open","ping_status":"open","sticky":false,"template":"","format":"standard","meta":{"_siteseo_robots_primary_cat":"","_joinchat":[],"footnotes":""},"categories":[46,38],"tags":[37],"class_list":["post-4247","post","type-post","status-publish","format-standard","has-post-thumbnail","hentry","category-deuda","category-pueblos-indigenas","tag-onu"],"_links":{"self":[{"href":"https:\/\/cdes.org.ec\/webantigua\/wp-json\/wp\/v2\/posts\/4247","targetHints":{"allow":["GET"]}}],"collection":[{"href":"https:\/\/cdes.org.ec\/webantigua\/wp-json\/wp\/v2\/posts"}],"about":[{"href":"https:\/\/cdes.org.ec\/webantigua\/wp-json\/wp\/v2\/types\/post"}],"author":[{"embeddable":true,"href":"https:\/\/cdes.org.ec\/webantigua\/wp-json\/wp\/v2\/users\/1"}],"replies":[{"embeddable":true,"href":"https:\/\/cdes.org.ec\/webantigua\/wp-json\/wp\/v2\/comments?post=4247"}],"version-history":[{"count":1,"href":"https:\/\/cdes.org.ec\/webantigua\/wp-json\/wp\/v2\/posts\/4247\/revisions"}],"predecessor-version":[{"id":7017,"href":"https:\/\/cdes.org.ec\/webantigua\/wp-json\/wp\/v2\/posts\/4247\/revisions\/7017"}],"wp:featuredmedia":[{"embeddable":true,"href":"https:\/\/cdes.org.ec\/webantigua\/wp-json\/wp\/v2\/media\/2952"}],"wp:attachment":[{"href":"https:\/\/cdes.org.ec\/webantigua\/wp-json\/wp\/v2\/media?parent=4247"}],"wp:term":[{"taxonomy":"category","embeddable":true,"href":"https:\/\/cdes.org.ec\/webantigua\/wp-json\/wp\/v2\/categories?post=4247"},{"taxonomy":"post_tag","embeddable":true,"href":"https:\/\/cdes.org.ec\/webantigua\/wp-json\/wp\/v2\/tags?post=4247"}],"curies":[{"name":"wp","href":"https:\/\/api.w.org\/{rel}","templated":true}]}}