{"id":4265,"date":"2017-09-05T08:37:38","date_gmt":"2017-09-05T08:37:38","guid":{"rendered":"https:\/\/cdes.org.ec\/webantigua\/?p=4265"},"modified":"2021-06-04T18:29:20","modified_gmt":"2021-06-04T18:29:20","slug":"firma-tratado-vinculante-de-ddhh-y-empresas","status":"publish","type":"post","link":"https:\/\/cdes.org.ec\/webantigua\/firma-tratado-vinculante-de-ddhh-y-empresas\/","title":{"rendered":"Firma por un Tratado Vinculante de DDHH y TNCs"},"content":{"rendered":"<h1 style=\"text-align: justify;\"><span style=\"color: #3366ff;\"><strong>Llamamos a los Estados a participar activamente en las negociaciones del tratado internacional para asegurar la protecci\u00f3n de los derechos humanos frente a las actividades de las corporaciones transnacionales y otras empresas<\/strong>.<\/span><\/h1>\n<p style=\"text-align: justify;\"><span style=\"font-family: arial, helvetica, sans-serif; color: #808080; font-size: 14pt;\">Saludamos las dos exitosas sesiones (2015 y 2016) del Grupo Intergubernamental de Trabajo sobre corporaciones transnacionales y otras empresas con relaci\u00f3n a los derechos humanos que explor\u00f3 la naturaleza, alcance y elementos que podr\u00edan ser incluidos en un \u201cinstrumento jur\u00eddicamente \u00a0vinculante sobre corporaciones transnacionales y otras empresas con relaci\u00f3n a los derechos humanos\u201d. El Grupo de Trabajo realizar\u00e1 su pr\u00f3xima sesi\u00f3n entre el 23 y el 27 de Octubre de 2017 para iniciar la negociaci\u00f3n de los contenidos y alcance de nuevo instrumento.<\/span><\/p>\n<div id=\"canvas-wrapper\">\n<div id=\"canvas\">\n<div id=\"page-body-wrapper\" class=\"full-width\">\n<div id=\"page-body\">\n<div id=\"content-wrapper\">\n<div id=\"content\">\n<div id=\"yui_3_17_2_1_1504616869471_72\" class=\"main-content\" data-content-field=\"main-content\" data-edit-main-image=\"Page Banner\" data-collection-id=\"55662f4ee4b09e02d6541a30\">\n<div id=\"page-55662f4ee4b09e02d6541a30\" class=\"sqs-layout sqs-grid-12 columns-12\" data-type=\"page\" data-updated-on=\"1502984588306\">\n<div id=\"yui_3_17_2_1_1504616869471_71\" class=\"row sqs-row\">\n<div id=\"yui_3_17_2_1_1504616869471_70\" class=\"col sqs-col-12 span-12\">\n<div id=\"block-yui_3_17_2_13_1432847070178_22498\" class=\"sqs-block html-block sqs-block-html\" data-block-type=\"2\">\n<div class=\"sqs-block-content\">\n<p style=\"text-align: justify;\"><span style=\"font-family: arial, helvetica, sans-serif; font-size: 14pt; color: #808080;\">A nivel global, las corporaciones intervienen en operaciones que resultan en contaminaci\u00f3n y degradaci\u00f3n ambiental, acaparamiento de tierras, uso de trabajo esclavo, amenazan el acceso a medicamentos y los servicios p\u00fablicos de salud, no respetan las normas laborales, y en casos de violencia contra personas y defensores de derechos humanos, entre otras. Las corporaciones deben responder por estos abusos. Existen actualmente una serie de vac\u00edos regulatorios, algunos de ellos asociados a que las corporaciones operan a nivel internacional, mientras que las leyes que las regulan tienen un car\u00e1cter nacional. En este contexto de impunidad, las corporaciones cooptan f\u00e1cilmente a las instituciones nacionales e internacionales. Los tratados de inversiones y comercio firmados por los Estados garantizan a las empresas transnacionales amplios derechos, privilegios y la posibilidad de obtener ganancias; pero no existe una regulaci\u00f3n internacional correspondiente para que los Estados garanticen que las operaciones de las corporaciones sean realizadas sin incurrir en abusos a los derechos humanos y ambientales. La introducci\u00f3n y reglamentaci\u00f3n de obligaciones nacionales e internacionales es necesaria para que los Estados puedan por fin cumplir con su obligaci\u00f3n de proteger los derechos humanos y ambientales frente a las actividades da\u00f1inas de compa\u00f1\u00edas transnacionales y otras empresas.<\/span><\/p>\n<p style=\"text-align: justify;\"><span style=\"font-family: arial, helvetica, sans-serif; font-size: 14pt; color: #808080;\">Consideramos que el rico debate que tuvo lugar a nivel del Grupo Intergubernamental de Trabajo ha mostrado la necesidad de un instrumento internacional, jur\u00eddicamente vinculante para 1) fortalecer la protecci\u00f3n a comunidades e individuos afectados por violaciones relacionadas con la operaci\u00f3n de corporaciones transnacionales y otras empresas, y 2) proveer acceso efectivo a reparaci\u00f3n a los afectados, en particular a trav\u00e9s de mecanismos judiciales. Las sesiones incluyeron intercambios y debates entre representantes de las comunidades afectadas, expertos, juristas, activistas y parlamentarios de diferentes sectores y regiones, con los representantes de los Estados. Las sesiones contribuyeron a \u00a0la identificaci\u00f3n de un piso com\u00fan desde el cual avanzar en la elaboraci\u00f3n del tratado basado en la obligaci\u00f3n primaria de los Estados de proteger los derechos humanos, inclusive extraterritorialmente.<\/span><\/p>\n<p style=\"text-align: justify;\"><span style=\"font-family: arial, helvetica, sans-serif; font-size: 14pt; color: #808080;\">La movilizaci\u00f3n de organizaciones y movimientos sociales nacionales e internacionales ha crecido significativamente. Su labor de incidencia constante y constructiva a nivel nacional y la presencia en las deliberaciones en las Naciones Unidas fueron claves para respaldar el proceso y mostrar la importancia de un potencial tratado para la lucha por justicia social y los derechos humanos en el mundo.<\/span><\/p>\n<p style=\"text-align: justify;\"><span style=\"font-family: arial, helvetica, sans-serif; font-size: 14pt; color: #808080;\">El nuevo instrumento jur\u00eddicamente vinculante deber\u00eda ser un paso adelante en la promoci\u00f3n y protecci\u00f3n de los derechos humanos, construido sobre esfuerzos previos, y establecer un marco complementario con los instrumentos internacionales existentes de derechos humanos. Un conjunto de obligaciones y mecanismos de aplicaci\u00f3n son el pr\u00f3ximo paso l\u00f3gico y necesario en este proceso que comenz\u00f3 hace ya algunas d\u00e9cadas. El tratado debe estipular la primac\u00eda de los derechos humanos sobre los derechos y privilegios de las corporaciones creados en el marco de los tendenciosos e injustos acuerdos de comercio e inversi\u00f3n. Debe establecer tambi\u00e9n un marco jur\u00eddico internacional s\u00f3lido de rendici\u00f3n de cuentas de las corporaciones que garantice el acceso a la justicia a las comunidades e individuos afectados y que ponga as\u00ed fin a la impunidad empresarial. La cooperaci\u00f3n internacional entre Estados debe ser fortalecida a fin de responder a estos desaf\u00edos regulatorios a nivel global.<\/span><\/p>\n<p style=\"text-align: justify;\"><span style=\"font-family: arial, helvetica, sans-serif; font-size: 14pt; color: #808080;\">Para que sea exitosa, la tercera sesi\u00f3n del Grupo Intergubernamental de Trabajo debe alentar: 1) una negociaci\u00f3n sustantiva, cooperativa y constructiva entre los Estados sobre elementos concretos y detallados del tratado con relaci\u00f3n a sus contenidos y alcance, 2) un abordaje participativo que garantice la presencia de perspectivas diversas de la sociedad civil, y 3) el establecimiento de una hoja de ruta para la conclusi\u00f3n de las negociaciones en un plazo corto.<\/span><\/p>\n<p style=\"text-align: justify;\"><span style=\"font-family: arial, helvetica, sans-serif; font-size: 14pt; color: #808080;\">Recalcamos nuestro fuerte compromiso con el proceso e instamos a todos los Estados a enfocarse, en esta ocasi\u00f3n, en las negociaciones de los contenidos del tratado. Llamamos a la poblaci\u00f3n a estar atenta a este proceso de importancia cr\u00edtica y a movilizarse activamente en su apoyo a nivel nacional, regional e internacional.<\/span><\/p>\n<\/div>\n<h1 style=\"text-align: center;\"><a href=\"http:\/\/www.treatymovement.com\/declaracion\"><span style=\"color: #99cc00;\">\u00a1FIRMA AQU\u00ed!<\/span><\/a><\/h1>\n<\/div>\n<\/div>\n<\/div>\n<\/div>\n<\/div>\n<\/div>\n<\/div>\n<\/div>\n<\/div>\n<\/div>\n<\/div>\n","protected":false},"excerpt":{"rendered":"<p>Llamamos a los Estados a participar activamente en las negociaciones [&hellip;]<\/p>\n","protected":false},"author":1,"featured_media":4271,"comment_status":"open","ping_status":"open","sticky":false,"template":"","format":"standard","meta":{"_siteseo_robots_primary_cat":"","_joinchat":[],"footnotes":""},"categories":[8],"tags":[37,35],"class_list":["post-4265","post","type-post","status-publish","format-standard","has-post-thumbnail","hentry","category-tnc","tag-onu","tag-tbi"],"_links":{"self":[{"href":"https:\/\/cdes.org.ec\/webantigua\/wp-json\/wp\/v2\/posts\/4265","targetHints":{"allow":["GET"]}}],"collection":[{"href":"https:\/\/cdes.org.ec\/webantigua\/wp-json\/wp\/v2\/posts"}],"about":[{"href":"https:\/\/cdes.org.ec\/webantigua\/wp-json\/wp\/v2\/types\/post"}],"author":[{"embeddable":true,"href":"https:\/\/cdes.org.ec\/webantigua\/wp-json\/wp\/v2\/users\/1"}],"replies":[{"embeddable":true,"href":"https:\/\/cdes.org.ec\/webantigua\/wp-json\/wp\/v2\/comments?post=4265"}],"version-history":[{"count":1,"href":"https:\/\/cdes.org.ec\/webantigua\/wp-json\/wp\/v2\/posts\/4265\/revisions"}],"predecessor-version":[{"id":7330,"href":"https:\/\/cdes.org.ec\/webantigua\/wp-json\/wp\/v2\/posts\/4265\/revisions\/7330"}],"wp:featuredmedia":[{"embeddable":true,"href":"https:\/\/cdes.org.ec\/webantigua\/wp-json\/wp\/v2\/media\/4271"}],"wp:attachment":[{"href":"https:\/\/cdes.org.ec\/webantigua\/wp-json\/wp\/v2\/media?parent=4265"}],"wp:term":[{"taxonomy":"category","embeddable":true,"href":"https:\/\/cdes.org.ec\/webantigua\/wp-json\/wp\/v2\/categories?post=4265"},{"taxonomy":"post_tag","embeddable":true,"href":"https:\/\/cdes.org.ec\/webantigua\/wp-json\/wp\/v2\/tags?post=4265"}],"curies":[{"name":"wp","href":"https:\/\/api.w.org\/{rel}","templated":true}]}}