{"id":4285,"date":"2017-09-06T09:49:35","date_gmt":"2017-09-06T09:49:35","guid":{"rendered":"https:\/\/cdes.org.ec\/webantigua\/?p=4285"},"modified":"2021-05-11T10:36:17","modified_gmt":"2021-05-11T10:36:17","slug":"dayuma-otra-vez","status":"publish","type":"post","link":"https:\/\/cdes.org.ec\/webantigua\/dayuma-otra-vez\/","title":{"rendered":"DAYUMA \u00a1OTRA VEZ!"},"content":{"rendered":"<div id=\"page\" class=\"hfeed site\">\n<div id=\"content\" class=\"site-content\">\n<div class=\"container\">\n<div id=\"primary\" class=\"content-area\">\n<article id=\"post-17143\" class=\"post-17143 post type-post status-publish format-standard has-post-thumbnail hentry category-amazonia category-derechos-laborales category-movimientos-sociales category-petroleo category-pueblos-indigenas \">\n<header class=\"entry-header\"><\/header>\n<div class=\"entry-content\" data-first_letter=\"5\">\n<p style=\"text-align: right;\"><em>\u00a0Por David Su\u00e1res CH<\/em><span style=\"color: #19232d;\"><span style=\"font-size: 18px; text-transform: uppercase;\"><b>*<\/b><\/span><\/span><\/p>\n<p style=\"text-align: justify;\"><span class=\"dropcap\">H<\/span>ace una d\u00e9cada, el nombre de un peque\u00f1o poblado enclavado en la noramazon\u00eda saltaba a las planas mayores de la prensa y a los titulares de los telediarios. Las im\u00e1genes mostraban un deslustrado villorio de casas de madera apenas perfilado por \u00a0entre el humo de los gases y la inusitada presencia de veh\u00edculos militares y pelotones militares al asalto.<\/p>\n<p style=\"text-align: justify;\">Entre todas las fotograf\u00edas \u00a0destacaba la imagen de un hombre con el rostro amoratado, visiblemente atemorizado quien permanec\u00eda en cuclillas bajo la custodia de tres militares ataviados de escudos y toletes; uno de ellos blande en el aire un tolete de descomunal tama\u00f1o y grosor. Est\u00e1 listo para hacer blanco en el rostro del hombre que se encuentra ya rendido e indefenso. La fotograf\u00eda no pudo ser m\u00e1s elocuente, el operativo militar bien pudo haberse bautizado \u201cHumillaci\u00f3n\u201d.<\/p>\n<p style=\"text-align: justify;\">Despu\u00e9s sabr\u00edamos, nos lo contar\u00eda la pluma de Milagros Aguirre en un libro titulado Dayuma, nunca m\u00e1s (Cicame-2007), que Dayuma era una parroquia sin agua potable, servicios sanitarios, y con una posta m\u00e9dica en la que apenas se pod\u00edan encontrar insumos para atender emergencias. Un poblado cuyo \u00fanico espacio p\u00fablico era un canch\u00f3n irregular transformado en coliseo y serpenteado por una serie de oleoductos por donde manaba el principal recurso de la naci\u00f3n. Lo contrario de un oasis, un peque\u00f1o punto acumulado de miseria en medio de un mar de riqueza petrol\u00edfera.<\/p>\n<p style=\"text-align: justify;\"><span class=\"aligncenter\"><a href=\"https:\/\/lalineadefuego.files.wordpress.com\/2017\/09\/dayuma5.jpg\"><img decoding=\"async\" class=\"aligncenter size-full wp-image-17147\" src=\"https:\/\/lalineadefuego.files.wordpress.com\/2017\/09\/dayuma5.jpg\" sizes=\"(max-width: 774px) 100vw, 774px\" alt=\"\" width=\"705\" height=\"966\" data-large-file=\"https:\/\/lalineadefuego.files.wordpress.com\/2017\/09\/dayuma5.jpg?w=940?w=747\" data-medium-file=\"https:\/\/lalineadefuego.files.wordpress.com\/2017\/09\/dayuma5.jpg?w=940?w=219\" data-image-description=\"\" data-image-title=\"dayuma5\" data-image-meta=\"{&quot;aperture&quot;:&quot;0&quot;,&quot;credit&quot;:&quot;&quot;,&quot;camera&quot;:&quot;&quot;,&quot;caption&quot;:&quot;&quot;,&quot;created_timestamp&quot;:&quot;0&quot;,&quot;copyright&quot;:&quot;&quot;,&quot;focal_length&quot;:&quot;0&quot;,&quot;iso&quot;:&quot;0&quot;,&quot;shutter_speed&quot;:&quot;0&quot;,&quot;title&quot;:&quot;&quot;,&quot;orientation&quot;:&quot;1&quot;}\" data-comments-opened=\"1\" data-orig-size=\"774,1061\" data-orig-file=\"https:\/\/lalineadefuego.files.wordpress.com\/2017\/09\/dayuma5.jpg?w=940\" data-permalink=\"https:\/\/lalineadefuego.info\/2017\/09\/05\/dayuma-otra-vez-por-david-suarez-ch\/dayuma5\/\" data-attachment-id=\"17147\" \/><\/a><\/span><\/p>\n<p style=\"text-align: justify;\">El texto de Aguirre reconstruy\u00f3 de manera met\u00f3dica la humillaci\u00f3n sufrida por la poblaci\u00f3n a manos de los militares. Contrapuso los testimonios de decenas de pobladores encarcelados y vejados,\u00a0 al relato oficial que presentaba lo acontecido como el sofocamiento de una grave conjura, un complot orquestado por un pu\u00f1ado de gutierristas en connivencia con elementos sediciosos \u2013 algunos incluso, posiblemente subversivos \u2013 para destrozar la econom\u00eda del pa\u00eds y su naciente r\u00e9gimen pol\u00edtico al que algunos denominaban revolucionario.<\/p>\n<p style=\"text-align: justify;\">No se escatimaron llamados a la unidad nacional, a la espera paciente por el \u201cmomento oportuno\u201d, a la solidaridad y a la consideraci\u00f3n del brillante momento de la patria.<\/p>\n<p style=\"text-align: justify;\">La poblaci\u00f3n soport\u00f3 las calumnias y los agravios en silencio. El car\u00e1cter levantisco de este peque\u00f1o punto del pa\u00eds se vio morigerado despu\u00e9s del descomunal ejercicio de fuerza contra sus habitantes. De manera tard\u00eda llegar\u00edan las respuestas que los pobladores deseaban escuchar: asfaltado de la v\u00eda, alcantarillado, programas de agua potable y sanidad.<\/p>\n<p style=\"text-align: justify;\">Una d\u00e9cada m\u00e1s tarde Dayuma vuelve a inquietarnos desde los m\u00e1rgenes. Una paralizaci\u00f3n que lleva ya cerca de 10 d\u00edas en demanda de atenci\u00f3n a las deterioradas condiciones de trabajo de los pobladores en el sector petrolero vuelve a poner la mano sobre la herida.<\/p>\n<p style=\"text-align: justify;\">De acuerdo a la informaci\u00f3n disponible la paralizaci\u00f3n apunta en lo nodal a los impactos negativos que ha tenido en el sector petrolero la irregular relaci\u00f3n establecida entre las operadoras petroleras y las compa\u00f1\u00edas subcontratistas, especialmente en lo que\u00a0 se atiene a las condiciones laborales y el cumplimiento de los derechos de trabajadores.<\/p>\n<p style=\"text-align: justify;\">A finales de 2016, la empresa Petroamazonas suscribi\u00f3 un pol\u00e9mico acuerdo con la multinacional franco-estadounidense Schlumberger para la explotaci\u00f3n del Campo Auca en el Bloque 61 ubicado en la amaz\u00f3nica Provincia de Orellana.<\/p>\n<p style=\"text-align: justify;\">Como parte de su operaci\u00f3n Schlumberger ha subcontratado a varias empresas contratistas, entre ellas CGA (Construcciones Globales Andinas), para realizar labores relativas al mantenimiento y operaci\u00f3n de los campos.<\/p>\n<figure id=\"attachment_17148\" class=\"wp-caption aligncenter\" style=\"text-align: justify;\" data-shortcode=\"caption\"><a href=\"https:\/\/lalineadefuego.files.wordpress.com\/2017\/09\/auca.jpg\"><img decoding=\"async\" class=\"wp-image-17148 size-full\" src=\"https:\/\/lalineadefuego.files.wordpress.com\/2017\/09\/auca.jpg\" sizes=\"(max-width: 829px) 100vw, 829px\" alt=\"\" width=\"625\" height=\"350\" data-large-file=\"https:\/\/lalineadefuego.files.wordpress.com\/2017\/09\/auca.jpg?w=940?w=829\" data-medium-file=\"https:\/\/lalineadefuego.files.wordpress.com\/2017\/09\/auca.jpg?w=940?w=300\" data-image-description=\"\" data-image-title=\"auca\" data-image-meta=\"{&quot;aperture&quot;:&quot;0&quot;,&quot;credit&quot;:&quot;&quot;,&quot;camera&quot;:&quot;&quot;,&quot;caption&quot;:&quot;&quot;,&quot;created_timestamp&quot;:&quot;0&quot;,&quot;copyright&quot;:&quot;&quot;,&quot;focal_length&quot;:&quot;0&quot;,&quot;iso&quot;:&quot;0&quot;,&quot;shutter_speed&quot;:&quot;0&quot;,&quot;title&quot;:&quot;&quot;,&quot;orientation&quot;:&quot;0&quot;}\" data-comments-opened=\"1\" data-orig-size=\"829,465\" data-orig-file=\"https:\/\/lalineadefuego.files.wordpress.com\/2017\/09\/auca.jpg?w=940\" data-permalink=\"https:\/\/lalineadefuego.info\/2017\/09\/05\/dayuma-otra-vez-por-david-suarez-ch\/auca\/\" data-attachment-id=\"17148\" \/><\/a><figcaption class=\"wp-caption-text\">Campo Auca. Operado por Schlumberger. \u201cLa Joya de la Corona\u201d.<\/figcaption><\/figure>\n<p style=\"text-align: justify;\">Los pobladores y trabajadores de Dayuma denuncian que la empresa ha deteriorado de manera significativa las condiciones laborales recortando beneficios en los rubros de alimentaci\u00f3n, campamentos y transporte.<\/p>\n<p style=\"text-align: justify;\">El fondo de la conflictividad laboral se explica en gran medida por una pol\u00edtica irregular de contrataci\u00f3n de la fuerza de trabajo que se ha extendido al amparo del abuso y generalizaci\u00f3n de la figura de las empresas subcontratistas. Terreno f\u00e9rtil por cierto para el florecimiento de corruptelas y empresas fantasmas que acumulan fortunas de la noche a la ma\u00f1ana favorecidas por ingentes contratos para los que no existen resguardos ni garant\u00edas suficientes.<\/p>\n<p style=\"text-align: justify;\">Sin ir muy lejos, la empresa ARB domiciliada en un para\u00edso fiscal estaf\u00f3 entre 2013 y 2015\u00a0 a m\u00e1s de 50 trabajadores kichwas\u00a0 y a un n\u00famero mayor de proveedores de servicios, durante las labores de construcci\u00f3n de campamentos y operativizaci\u00f3n del Bloque 31 dentro del Parque Nacional Yasun\u00ed.<\/p>\n<p style=\"text-align: justify;\">Con el patrocinio de la Fundaci\u00f3n Alejandro Labaka, los trabajadores kichwas pertenecientes a comunidades del Bajo Napo intentaron sin suerte\u00a0 varios mecanismos de reclamaci\u00f3n legal por sueldos no pagados, indemnizaciones y liquidaciones adeudadas, adem\u00e1s del pago de haberes realizado con cheques sin fondos.<\/p>\n<p style=\"text-align: justify;\">Los representantes legales de la empresa se encuentran desaparecidos y los campamentos de ARB abandonados, sin que Petroamazonas responda por los abusos e ilegalidades cometidas por su empresa subcontratista.<\/p>\n<p style=\"text-align: justify;\">Del mismo modo, en Dayuma se acusa a CGA de mantener v\u00ednculos con la empresa Techint, un consorcio argentino que tambi\u00e9n mantiene obligaciones y prestaciones impagas a los trabajadores de Dayuma.<\/p>\n<p style=\"text-align: justify;\">Casi dos a\u00f1os despu\u00e9s de la celebraci\u00f3n con bombos y platillos de la entrega del Bloque 61 a Schlumberger el panorama en el sector petrolero aparece saturado por las denuncias de proveedores impagos y conflictos laborales recurrentes. La paralizaci\u00f3n se suma a una serie de protestas laborales que empezaron a crecer desde principios del 2016.\u00a0 Solo un ojo agudo puede dar cuenta de que en Dayuma se est\u00e1 librando \u2013nuevamente\u2013 una batalla trascendental para los intereses de las clases populares del pa\u00eds. La defensa irrestricta de las condiciones y conquistas laborales producidas por luchas sociales como las que est\u00e1n librando los trabajadores y pobladores de Dayuma resultan de inter\u00e9s primordial para evitar que las anunciadas reformas laborales terminen produciendo reveses m\u00e1s graves de los ya sufridos a manos de m\u00faltiples decretos y reorganizaciones del esp\u00edritu original del mandato entregado por los trabajadores a los constituyentes de Montecristi.<\/p>\n<p style=\"text-align: justify;\">Hace una d\u00e9cada, el humo de los gases, los discursos sobre la hora de la patria, la solidaridad nacional y la b\u00fasqueda del momento oportuno nos impidieron aquilatar las deudas hist\u00f3ricas que mantiene esta <em>patria <\/em>con sus pobladores amaz\u00f3nicos; adem\u00e1s de pasar por alto el hecho de que la desaforada represi\u00f3n del 2007 en Dayuma antes que un error, fue una operaci\u00f3n pol\u00edtica para instituir la nueva correlaci\u00f3n\u00a0de fuerzas con respecto a las luchas sociales ensayanado la capacidad estatal de obliterarlas por la fuerza.<\/p>\n<p style=\"text-align: justify;\">Es deseable que esta vez el humo blanco de los di\u00e1logos, las urgencias pol\u00edticas por cerrar filas detr\u00e1s del gobierno \u2013de manera harto prematura y sin conocer el contenido final de los acuerdos\u2013 y\u00a0 la intoxicante novela pol\u00edtica de la coyuntura, no nos impida ver ahora la generosa batalla que est\u00e1n librando los dayumenses en nombre de todos los trabajadores del pa\u00eds. No importa si ellos son plenamente conscientes de este \u00faltimo hecho, lo importante es que lo hacen.<\/p>\n<p style=\"text-align: justify;\">* Investigador y activista en temas de amazon\u00eda y pueblos ind\u00edgenas.<br \/>\nColaborador de La Linea de Fuego.<\/p>\n<p style=\"text-align: justify;\">Fuente: Linea de Fuego<\/p>\n<\/div>\n<\/article>\n<\/div>\n<\/div>\n<\/div>\n<\/div>\n","protected":false},"excerpt":{"rendered":"<p>\u00a0Por David Su\u00e1res CH* Hace una d\u00e9cada, el nombre de [&hellip;]<\/p>\n","protected":false},"author":1,"featured_media":7685,"comment_status":"open","ping_status":"open","sticky":false,"template":"","format":"standard","meta":{"_siteseo_robots_primary_cat":"","_joinchat":[],"footnotes":""},"categories":[38],"tags":[24],"class_list":["post-4285","post","type-post","status-publish","format-standard","has-post-thumbnail","hentry","category-pueblos-indigenas","tag-laboral"],"_links":{"self":[{"href":"https:\/\/cdes.org.ec\/webantigua\/wp-json\/wp\/v2\/posts\/4285","targetHints":{"allow":["GET"]}}],"collection":[{"href":"https:\/\/cdes.org.ec\/webantigua\/wp-json\/wp\/v2\/posts"}],"about":[{"href":"https:\/\/cdes.org.ec\/webantigua\/wp-json\/wp\/v2\/types\/post"}],"author":[{"embeddable":true,"href":"https:\/\/cdes.org.ec\/webantigua\/wp-json\/wp\/v2\/users\/1"}],"replies":[{"embeddable":true,"href":"https:\/\/cdes.org.ec\/webantigua\/wp-json\/wp\/v2\/comments?post=4285"}],"version-history":[{"count":1,"href":"https:\/\/cdes.org.ec\/webantigua\/wp-json\/wp\/v2\/posts\/4285\/revisions"}],"predecessor-version":[{"id":7015,"href":"https:\/\/cdes.org.ec\/webantigua\/wp-json\/wp\/v2\/posts\/4285\/revisions\/7015"}],"wp:featuredmedia":[{"embeddable":true,"href":"https:\/\/cdes.org.ec\/webantigua\/wp-json\/wp\/v2\/media\/7685"}],"wp:attachment":[{"href":"https:\/\/cdes.org.ec\/webantigua\/wp-json\/wp\/v2\/media?parent=4285"}],"wp:term":[{"taxonomy":"category","embeddable":true,"href":"https:\/\/cdes.org.ec\/webantigua\/wp-json\/wp\/v2\/categories?post=4285"},{"taxonomy":"post_tag","embeddable":true,"href":"https:\/\/cdes.org.ec\/webantigua\/wp-json\/wp\/v2\/tags?post=4285"}],"curies":[{"name":"wp","href":"https:\/\/api.w.org\/{rel}","templated":true}]}}