{"id":4439,"date":"2017-10-10T18:04:20","date_gmt":"2017-10-10T18:04:20","guid":{"rendered":"https:\/\/cdes.org.ec\/webantigua\/?p=4439"},"modified":"2021-04-25T10:02:39","modified_gmt":"2021-04-25T10:02:39","slug":"el-paro-en-dayuma-continua-ultimos-acontecimientos-de-un-conflicto-irresuelto","status":"publish","type":"post","link":"https:\/\/cdes.org.ec\/webantigua\/el-paro-en-dayuma-continua-ultimos-acontecimientos-de-un-conflicto-irresuelto\/","title":{"rendered":"El paro en Dayuma contin\u00faa: \u00faltimos acontecimientos de un conflicto irresuelto"},"content":{"rendered":"<p>El Comit\u00e9 de trabajadores de CGA y las comunidades ind\u00edgenas del Bloque 61 denuncian el incumplimiento de los acuerdos, por lo que han decido continuar con el llamado Paro de Dayuma.<\/p>\n<p><a href=\"https:\/\/cdes.org.ec\/webantigua\/wp-content\/uploads\/2017\/10\/WhatsApp-Image-2017-10-08-at-4.43.57-PM.jpeg\"><img decoding=\"async\" class=\"wp-image-4440 aligncenter\" src=\"https:\/\/cdes.org.ec\/webantigua\/wp-content\/uploads\/2017\/10\/WhatsApp-Image-2017-10-08-at-4.43.57-PM.jpeg\" alt=\"\" width=\"551\" height=\"413\" srcset=\"https:\/\/cdes.org.ec\/webantigua\/wp-content\/uploads\/2017\/10\/WhatsApp-Image-2017-10-08-at-4.43.57-PM-200x150.jpeg 200w, https:\/\/cdes.org.ec\/webantigua\/wp-content\/uploads\/2017\/10\/WhatsApp-Image-2017-10-08-at-4.43.57-PM-300x225.jpeg 300w, https:\/\/cdes.org.ec\/webantigua\/wp-content\/uploads\/2017\/10\/WhatsApp-Image-2017-10-08-at-4.43.57-PM-400x300.jpeg 400w, https:\/\/cdes.org.ec\/webantigua\/wp-content\/uploads\/2017\/10\/WhatsApp-Image-2017-10-08-at-4.43.57-PM-600x450.jpeg 600w, https:\/\/cdes.org.ec\/webantigua\/wp-content\/uploads\/2017\/10\/WhatsApp-Image-2017-10-08-at-4.43.57-PM-768x576.jpeg 768w, https:\/\/cdes.org.ec\/webantigua\/wp-content\/uploads\/2017\/10\/WhatsApp-Image-2017-10-08-at-4.43.57-PM-800x600.jpeg 800w, https:\/\/cdes.org.ec\/webantigua\/wp-content\/uploads\/2017\/10\/WhatsApp-Image-2017-10-08-at-4.43.57-PM-1024x768.jpeg 1024w, https:\/\/cdes.org.ec\/webantigua\/wp-content\/uploads\/2017\/10\/WhatsApp-Image-2017-10-08-at-4.43.57-PM-1200x900.jpeg 1200w, https:\/\/cdes.org.ec\/webantigua\/wp-content\/uploads\/2017\/10\/WhatsApp-Image-2017-10-08-at-4.43.57-PM.jpeg 1280w\" sizes=\"(max-width: 551px) 100vw, 551px\" \/>Foto: Reactivaci\u00f3n del paro en Dayuma<\/a><\/p>\n<p>El pasado el 6 de septiembre aparentemente el Paro terminaba tras los acuerdos\u00a0 aceptados por la Empresa y las autoridades (<a href=\"http:\/\/wp.me\/p7iYSS-17o\">ver la cr\u00f3nica del Paro<\/a>), pero tras varias reuniones mantenidas en Quito, el Comit\u00e9 de Trabajadores habr\u00eda comprobado que los acuerdos no se cumplieron.<\/p>\n<p>Prueba de ello, son los pocos avances sobre los compromisos de la Empresa relacionados a\u00a0la alimentaci\u00f3n del personal que no se han resuelto hasta el momento, cunado el plazo hab\u00eda sido establecido hasta el 14 de septiembre.<\/p>\n<p>Hasta ahora lo \u00fanico que ha resulto la Empresa es un aumento de 5 d\u00f3lares, igualando la tarjeta alimenticia a 50 d\u00f3lares mensuales. Esto caus\u00f3 la indignaci\u00f3n de los trabajadores, considerando que el precio promedio de un almuerzo en la zona fluct\u00faa entre $3,5 a $4,5 d\u00f3lares, y la tarjeta debe cubrir las tres comidas diarias.<\/p>\n<p><a href=\"https:\/\/cdes.org.ec\/webantigua\/wp-content\/uploads\/2017\/10\/WhatsApp-Image-2017-10-08-at-4.44.47-PM-2.jpeg\"><img decoding=\"async\" class=\"wp-image-4443 aligncenter\" src=\"https:\/\/cdes.org.ec\/webantigua\/wp-content\/uploads\/2017\/10\/WhatsApp-Image-2017-10-08-at-4.44.47-PM-2.jpeg\" alt=\"\" width=\"535\" height=\"402\" srcset=\"https:\/\/cdes.org.ec\/webantigua\/wp-content\/uploads\/2017\/10\/WhatsApp-Image-2017-10-08-at-4.44.47-PM-2-200x150.jpeg 200w, https:\/\/cdes.org.ec\/webantigua\/wp-content\/uploads\/2017\/10\/WhatsApp-Image-2017-10-08-at-4.44.47-PM-2-300x225.jpeg 300w, https:\/\/cdes.org.ec\/webantigua\/wp-content\/uploads\/2017\/10\/WhatsApp-Image-2017-10-08-at-4.44.47-PM-2-400x300.jpeg 400w, https:\/\/cdes.org.ec\/webantigua\/wp-content\/uploads\/2017\/10\/WhatsApp-Image-2017-10-08-at-4.44.47-PM-2-600x450.jpeg 600w, https:\/\/cdes.org.ec\/webantigua\/wp-content\/uploads\/2017\/10\/WhatsApp-Image-2017-10-08-at-4.44.47-PM-2-768x576.jpeg 768w, https:\/\/cdes.org.ec\/webantigua\/wp-content\/uploads\/2017\/10\/WhatsApp-Image-2017-10-08-at-4.44.47-PM-2-800x600.jpeg 800w, https:\/\/cdes.org.ec\/webantigua\/wp-content\/uploads\/2017\/10\/WhatsApp-Image-2017-10-08-at-4.44.47-PM-2-1024x768.jpeg 1024w, https:\/\/cdes.org.ec\/webantigua\/wp-content\/uploads\/2017\/10\/WhatsApp-Image-2017-10-08-at-4.44.47-PM-2.jpeg 1032w\" sizes=\"(max-width: 535px) 100vw, 535px\" \/>Fuente: Reactivaci\u00f3n del paro en Dayuma<\/a><\/p>\n<p>El 4 de octubre en Quito se sostuvo una reuni\u00f3n con el Ministerio de Hidrocarburos, Ministerio de Trabajo, la Secretaria de Gesti\u00f3n de la\u00a0Pol\u00edtica, el Gobernador y los delegados del Comit\u00e9 de trabajadores de CGA. Ah\u00ed se inform\u00f3 que el caso lo est\u00e1 atendiendo un juez laboral, en tanto existe una acusaci\u00f3n sobre la ilegalidad de la tercerizaci\u00f3n de los servicios prestados por la Empresa. Se solicit\u00f3 a los representantes del Comit\u00e9 postergar la reuni\u00f3n, pactada con anterioridad, hasta el 19 de octubre, con el objetivo de presentar los resultados finales de la investigaci\u00f3n.<\/p>\n<p>El 5 de septiembre los trabajadores de CGA y las comunidades acudieron a las instalaciones de la Empresa para conocer los acuerdos de la reuni\u00f3n de Quito. Seg\u00fan los trabajadores, en este encuentro el Gobernador de la provincia se dirigi\u00f3 a ellos en tono amenazante, y habr\u00eda manifestado que <em>\u201clas cosas se est\u00e1n resolviendo, por lo que deb\u00edan incorporarse inmediatamente a sus actividades o asumir las consecuencias. Adem\u00e1s, anticip\u00f3 que si se genera alguna medida de hecho, militarizar\u00eda la zona y movilizar\u00eda a la fuerza policial<\/em>\u201d.<\/p>\n<p>Estos pronunciamientos habr\u00edan motivado a que los manifestantes declaren al Gobernador \u00abpersona no grata\u00bb, e inicien la reactivaci\u00f3n del paro de operaciones en el bloque petrolero.<\/p>\n<p>Los manifestantes no est\u00e1n dispuestos a dialogar con el Gobernador y han manifestado que podr\u00edan iniciar el di\u00e1logo con otra autoridad que brinde nuevas garant\u00edas para que se cumplan los acuerdos.<\/p>\n<p>Hasta el d\u00eda de hoy varios afectivos policiales han cercado las instalaciones de la Empresa.<\/p>\n<p>Para m\u00e1s informaci\u00f3n: H\u00e9ctor Verdesoto 099349180\/ Sof\u00eda Jarr\u00edn 0987987151<\/p>\n<p><a href=\"https:\/\/cdes.org.ec\/webantigua\/wp-content\/uploads\/2017\/10\/WhatsApp-Image-2017-10-08-at-4.44.48-PM.jpeg\"><img decoding=\"async\" class=\"wp-image-4442 aligncenter\" src=\"https:\/\/cdes.org.ec\/webantigua\/wp-content\/uploads\/2017\/10\/WhatsApp-Image-2017-10-08-at-4.44.48-PM.jpeg\" alt=\"\" width=\"538\" height=\"404\" srcset=\"https:\/\/cdes.org.ec\/webantigua\/wp-content\/uploads\/2017\/10\/WhatsApp-Image-2017-10-08-at-4.44.48-PM-200x150.jpeg 200w, https:\/\/cdes.org.ec\/webantigua\/wp-content\/uploads\/2017\/10\/WhatsApp-Image-2017-10-08-at-4.44.48-PM-300x225.jpeg 300w, https:\/\/cdes.org.ec\/webantigua\/wp-content\/uploads\/2017\/10\/WhatsApp-Image-2017-10-08-at-4.44.48-PM-400x300.jpeg 400w, https:\/\/cdes.org.ec\/webantigua\/wp-content\/uploads\/2017\/10\/WhatsApp-Image-2017-10-08-at-4.44.48-PM-600x450.jpeg 600w, https:\/\/cdes.org.ec\/webantigua\/wp-content\/uploads\/2017\/10\/WhatsApp-Image-2017-10-08-at-4.44.48-PM-768x576.jpeg 768w, https:\/\/cdes.org.ec\/webantigua\/wp-content\/uploads\/2017\/10\/WhatsApp-Image-2017-10-08-at-4.44.48-PM-800x600.jpeg 800w, https:\/\/cdes.org.ec\/webantigua\/wp-content\/uploads\/2017\/10\/WhatsApp-Image-2017-10-08-at-4.44.48-PM-1024x768.jpeg 1024w, https:\/\/cdes.org.ec\/webantigua\/wp-content\/uploads\/2017\/10\/WhatsApp-Image-2017-10-08-at-4.44.48-PM.jpeg 1032w\" sizes=\"(max-width: 538px) 100vw, 538px\" \/>Fuente: Reactivaci\u00f3n del paro en Dayuma<\/a>    \t<\/p>\n","protected":false},"excerpt":{"rendered":"<p>El Comit\u00e9 de trabajadores de CGA y las comunidades ind\u00edgenas [&hellip;]<\/p>\n","protected":false},"author":1,"featured_media":4441,"comment_status":"open","ping_status":"open","sticky":false,"template":"","format":"standard","meta":{"_siteseo_robots_primary_cat":"","_joinchat":[],"footnotes":""},"categories":[12],"tags":[],"class_list":["post-4439","post","type-post","status-publish","format-standard","has-post-thumbnail","hentry","category-justiciaambiental"],"_links":{"self":[{"href":"https:\/\/cdes.org.ec\/webantigua\/wp-json\/wp\/v2\/posts\/4439","targetHints":{"allow":["GET"]}}],"collection":[{"href":"https:\/\/cdes.org.ec\/webantigua\/wp-json\/wp\/v2\/posts"}],"about":[{"href":"https:\/\/cdes.org.ec\/webantigua\/wp-json\/wp\/v2\/types\/post"}],"author":[{"embeddable":true,"href":"https:\/\/cdes.org.ec\/webantigua\/wp-json\/wp\/v2\/users\/1"}],"replies":[{"embeddable":true,"href":"https:\/\/cdes.org.ec\/webantigua\/wp-json\/wp\/v2\/comments?post=4439"}],"version-history":[{"count":1,"href":"https:\/\/cdes.org.ec\/webantigua\/wp-json\/wp\/v2\/posts\/4439\/revisions"}],"predecessor-version":[{"id":7328,"href":"https:\/\/cdes.org.ec\/webantigua\/wp-json\/wp\/v2\/posts\/4439\/revisions\/7328"}],"wp:featuredmedia":[{"embeddable":true,"href":"https:\/\/cdes.org.ec\/webantigua\/wp-json\/wp\/v2\/media\/4441"}],"wp:attachment":[{"href":"https:\/\/cdes.org.ec\/webantigua\/wp-json\/wp\/v2\/media?parent=4439"}],"wp:term":[{"taxonomy":"category","embeddable":true,"href":"https:\/\/cdes.org.ec\/webantigua\/wp-json\/wp\/v2\/categories?post=4439"},{"taxonomy":"post_tag","embeddable":true,"href":"https:\/\/cdes.org.ec\/webantigua\/wp-json\/wp\/v2\/tags?post=4439"}],"curies":[{"name":"wp","href":"https:\/\/api.w.org\/{rel}","templated":true}]}}