{"id":4469,"date":"2017-10-20T12:32:51","date_gmt":"2017-10-20T12:32:51","guid":{"rendered":"https:\/\/cdes.org.ec\/webantigua\/?p=4469"},"modified":"2021-03-30T14:32:45","modified_gmt":"2021-03-30T14:32:45","slug":"trabajadores-y-nacionalidades-indigenas-en-dayuma-intensifican-el-paro-ante-falta-de-respuestas-de-autoridades","status":"publish","type":"post","link":"https:\/\/cdes.org.ec\/webantigua\/trabajadores-y-nacionalidades-indigenas-en-dayuma-intensifican-el-paro-ante-falta-de-respuestas-de-autoridades\/","title":{"rendered":"TRABAJADORES Y NACIONALIDADES IND\u00cdGENAS EN DAYUMA INTENSIFICAN EL PARO ANTE FALTA DE RESPUESTAS DE AUTORIDADES"},"content":{"rendered":"<p style=\"text-align: center;\">Bolet\u00edn de Prensa<\/p>\n<p style=\"text-align: right;\">D.M. Quito, 19 de octubre de 2017<\/p>\n<p style=\"text-align: justify;\">La unidad de las nacionalidades ind\u00edgenas, obreros y campesinos se hace presente en las parroquias In\u00e9s Arango Dayuma, Tarapoa y el Dorado del cant\u00f3n y provincia\u00a0 de Orellana d\u00f3nde se tomaron medida de hecho desde el pasado 26 de agosto de 2017 en contra de la empresa argentina Construcciones Globales Andinas-CGA, subcontratista de Techint y Schlumberger, que operan en el bloque 61 en exigencia al cumplimiento de los derechos de los trabajadores.<\/p>\n<p style=\"text-align: justify;\">Sus demandas est\u00e1n enfocadas en mejorar sus condiciones de vida, exigen una distribuci\u00f3n justa y equitativa de las rentas petroleras ya que hasta el momento s\u00f3lo ha existido un saqueo del petr\u00f3leo\u00a0 de sus territorios quedando s\u00f3lo en promesas incumplidas la soluci\u00f3n de sus reivindicaciones represadas por m\u00e1s de 40 a\u00f1os ocasionando m\u00e1s pobreza y proletarizaci\u00f3n del campo. Esto conlleva otro punto prioritario que es la exigencia a las empresas petroleras de que mejoren las precarias condiciones laborales que violentan los derechos de los trabajadores y trabajadoras.<\/p>\n<p style=\"text-align: justify;\">El d\u00eda hoy, 19 de octubre, supuestamente llegar\u00edan representantes del Gobierno para una posible soluci\u00f3n ante este acontecimiento. Sin embargo, ning\u00fan representante gubernamental asisti\u00f3 al di\u00e1logo esperado en el lugar de los hechos. Alli se hizo presente la CONAIE, con su presidente Jaime Vargas, as\u00ed como de Marlon Vargas, presidente de Confeniae para apoyar la demanda de las bases.<\/p>\n<p style=\"text-align: justify;\">La ausencia de las autoridades del gobierno gener\u00f3 descontento ante las nacionalidades y trabajadores, por lo que en una asamblea establecida con presencia de las autoridades del Movimiento Ind\u00edgena definieron continuar con las acciones de hecho hasta que se viabilice la garantia de cumplimiento de los derechos laborales y demandas de las comunidades. Se destac\u00f3 la participaci\u00f3n de las federaciones provinciales FICCKAE, FENASH-O y Nacionalidad Waorani fortaleciendo la unidad a nivel local, regional y nacional.<\/p>\n<p style=\"text-align: justify;\">Desde la Confederaci\u00f3n Nacionalidades de Nacionalidades Ind\u00edgenas del Ecuador expresamos que estaremos atentos hasta que se cumpla al leg\u00edtimo planteamiento hecho por los trabajadores y las nacionalidades. Las trasnacionales petroleras no pueden seguir tomando de nuestros territorios y nuestros pueblos como un bot\u00edn m\u00e1s de sus ambiciones.<\/p>\n<p style=\"text-align: justify;\">Comunicado Oficial de CONAIE\u00a0<a href=\"https:\/\/cdes.org.ec\/webantigua\/wp-content\/uploads\/2017\/10\/Trabajadores-y-nacionalidades-ind\u00edgenas-en-Dayuma-intensifican-el-paro-ante-falta-de-respuestas-de-autoridades.pdf\">Trabajadores y nacionalidades ind\u00edgenas en Dayuma intensifican el paro ante falta de respuestas de autoridades<\/a><\/p>\n","protected":false},"excerpt":{"rendered":"<p>Bolet\u00edn de Prensa D.M. Quito, 19 de octubre de 2017 [&hellip;]<\/p>\n","protected":false},"author":1,"featured_media":4471,"comment_status":"open","ping_status":"open","sticky":false,"template":"","format":"standard","meta":{"_siteseo_robots_primary_cat":"","_joinchat":[],"footnotes":""},"categories":[38],"tags":[24],"class_list":["post-4469","post","type-post","status-publish","format-standard","has-post-thumbnail","hentry","category-pueblos-indigenas","tag-laboral"],"_links":{"self":[{"href":"https:\/\/cdes.org.ec\/webantigua\/wp-json\/wp\/v2\/posts\/4469","targetHints":{"allow":["GET"]}}],"collection":[{"href":"https:\/\/cdes.org.ec\/webantigua\/wp-json\/wp\/v2\/posts"}],"about":[{"href":"https:\/\/cdes.org.ec\/webantigua\/wp-json\/wp\/v2\/types\/post"}],"author":[{"embeddable":true,"href":"https:\/\/cdes.org.ec\/webantigua\/wp-json\/wp\/v2\/users\/1"}],"replies":[{"embeddable":true,"href":"https:\/\/cdes.org.ec\/webantigua\/wp-json\/wp\/v2\/comments?post=4469"}],"version-history":[{"count":1,"href":"https:\/\/cdes.org.ec\/webantigua\/wp-json\/wp\/v2\/posts\/4469\/revisions"}],"predecessor-version":[{"id":7013,"href":"https:\/\/cdes.org.ec\/webantigua\/wp-json\/wp\/v2\/posts\/4469\/revisions\/7013"}],"wp:featuredmedia":[{"embeddable":true,"href":"https:\/\/cdes.org.ec\/webantigua\/wp-json\/wp\/v2\/media\/4471"}],"wp:attachment":[{"href":"https:\/\/cdes.org.ec\/webantigua\/wp-json\/wp\/v2\/media?parent=4469"}],"wp:term":[{"taxonomy":"category","embeddable":true,"href":"https:\/\/cdes.org.ec\/webantigua\/wp-json\/wp\/v2\/categories?post=4469"},{"taxonomy":"post_tag","embeddable":true,"href":"https:\/\/cdes.org.ec\/webantigua\/wp-json\/wp\/v2\/tags?post=4469"}],"curies":[{"name":"wp","href":"https:\/\/api.w.org\/{rel}","templated":true}]}}