{"id":4492,"date":"2017-10-29T01:11:01","date_gmt":"2017-10-29T01:11:01","guid":{"rendered":"https:\/\/cdes.org.ec\/webantigua\/?p=4492"},"modified":"2021-06-04T18:25:58","modified_gmt":"2021-06-04T18:25:58","slug":"menor-ocupacion-adecuada-y-mas-subempleo-la-actual-coyuntura-ecuatoriana","status":"publish","type":"post","link":"https:\/\/cdes.org.ec\/webantigua\/menor-ocupacion-adecuada-y-mas-subempleo-la-actual-coyuntura-ecuatoriana\/","title":{"rendered":"Menor ocupaci\u00f3n adecuada y m\u00e1s subempleo, la actual coyuntura ecuatoriana"},"content":{"rendered":"<table width=\"100%\">\n<tbody>\n<tr>\n<td><strong>Los resultados del empleo se relacionan con la evoluci\u00f3n de la econom\u00eda, pero con particularidades propias de la econom\u00eda ecuatoriana. Actualmente el INEC maneja algunas categor\u00edas que deben ser analizadas individualmente.<\/strong><\/td>\n<\/tr>\n<\/tbody>\n<\/table>\n<p>&nbsp;<\/p>\n<table width=\"100%\">\n<tbody>\n<tr>\n<td><\/td>\n<\/tr>\n<tr>\n<td>La econom\u00eda ecuatoriana ha atravesado un importante periodo de recesi\u00f3n y, uno de los factores que caracterizan esta coyuntura es la situaci\u00f3n del empleo. El Instituto Ecuatoriano de Estad\u00edsticas y Censos (INEC) eval\u00faa trimestralmente la evoluci\u00f3n de los indicadores de empleo mediante la Encuesta Nacional de Empleo, Desempleo y Subempleo.<\/p>\n<p>Este levantamiento se realiza desde el a\u00f1o 1987 en el extinto Instituto Nacional de Empleo, en sus or\u00edgenes se manej\u00f3 una periodicidad anual y desde 1993 la maneja el INEC. A partir de diciembre de 2003 se la modifica y se la trabaja trimestralmente. Desde finales de los a\u00f1os noventa el Banco Central del Ecuador presentaba sus resultados de encuestas mensuales de empleo en las principales ciudades del pa\u00eds. Sin embargo, hace 10 a\u00f1os se comienzan a dar importantes cambios que modifican la forma de medir y sobre todo de interpretar los resultados. Es as\u00ed como en diciembre de 2007 se revisa la metodolog\u00eda para incorporar cambios, en 2013 se migra al marco de muestreo 2010, en marzo de 2014 se incrementa el tama\u00f1o de la muestra y en septiembre se genera un nuevo marco conceptual de la Poblaci\u00f3n Econ\u00f3micamente Activa (PEA). En junio de 2015 se realiza una actualizaci\u00f3n metodol\u00f3gica de la medici\u00f3n del empleo del sector informal.<\/p>\n<p>Todos estos cambios hicieron que se cuente con una serie de tiempo desde el a\u00f1o 2007 y desde ese periodo se hayan tambi\u00e9n modificado conceptos como subempleo, ocupaci\u00f3n inadecuada, hasta los que manejamos en la actualidad.<\/p>\n<p>La situaci\u00f3n de la econom\u00eda ha tenido una importante relaci\u00f3n con la del empleo adecuado. Este indicador se refiere a las personas que por lo menos perciben el salario m\u00ednimo, trabajan m\u00e1s de 40 horas a la semana (o menos pero no desean trabajar horas adicionales). Esta categor\u00eda es la que m\u00e1s se busca que concentre a la PEA. El valor m\u00e1s alto se alcanz\u00f3 en diciembre de 2014 con 49,3% de la PEA, en tanto que durante la crisis del a\u00f1o 2009 descendi\u00f3 a 39,2% en diciembre de ese a\u00f1o. Al igual que el crecimiento de la econom\u00eda, a partir del a\u00f1o 2015 este indicador desciende y, luego de una peque\u00f1a recuperaci\u00f3n, se lo estima en 40,4% en septiembre de 2017.<\/p>\n<p><b>Evoluci\u00f3n de la ocupaci\u00f3n adecuada<\/b><\/p>\n<p><img decoding=\"async\" src=\"https:\/\/lh5.googleusercontent.com\/hMgjbCrgjS75x_93bTaMbpn4UlFdg4XOf6gdcNEU78bIdrguVq4IqWhcZyV4bSER2t80DkpeBSZe2CT4Vfs3P8ugNx_2yzJx4YZs3u6OK1ABJy0LmxR6B3cECBj8DXvOZtC34FDv\" \/><\/p>\n<p><b>Fuente:<\/b> INEC \u2013 Encuesta Nacional de Empleo, Desempleo y Subempleo<\/p>\n<p>Ante este escenario, el desempleo deber\u00eda verse afectado, pero de acuerdo a las cifras oficiales no es el caso. Ya que este indicador no ha sido uno de los principales problemas del pa\u00eds. Es as\u00ed como solamente en los resultados de diciembre de 2009 se alcanz\u00f3 una tasa de 7%. Esta tasa se ubic\u00f3 en 5% en diciembre de 2016 pero en el \u00faltimo dato, a septiembre de 2017 descendi\u00f3 a 4,1%.<\/p>\n<p><b>Evoluci\u00f3n del desempleo<\/b><\/p>\n<p><img decoding=\"async\" src=\"https:\/\/lh6.googleusercontent.com\/-JEM9OKNmdfnjoo22A7QGeUMzHojvxjwWV3XgHZbZFl2EB8iz-AuZ72lHaRVYcaWTJNW6ZkPpkggQjUbwlf255kNMBeY-79vsDtSBIh_5ofWUc803huGpR2E8kiUUU_BXTazHVBa\" \/><\/p>\n<p><b>Fuente:<\/b> INEC \u2013 Encuesta Nacional de Empleo, Desempleo y Subempleo<\/p>\n<p>Esto hace que el problema se concentre en las formas de empleo que no son adecuadas ni son desempleo. Anteriormente, se manejaba una categor\u00eda subempleo, luego se plante\u00f3 que el subempleo era una parte de la ocupaci\u00f3n inadecuada y finalmente se manejan otras categor\u00edas.<\/p>\n<p>El subempleo es definido por el INEC como las personas con empleo pero que percibieron ingresos menores al salario m\u00ednimo y\/o trabajaron menos de 40 hora a la semana. Estas personas tienen la disponibilidad y la intenci\u00f3n de trabajar horas adicionales. \u00a0De acuerdo a esta clasificaci\u00f3n, el subempleo en el pa\u00eds es de 20,5% en septiembre de 2017, uno de los valores m\u00e1s altos. Es as\u00ed como en el a\u00f1o 2011, esta tasa se estim\u00f3 en 9% y, dada la compleja situaci\u00f3n de la econom\u00eda ecuatoriana, se ubica se increment\u00f3 a 20,5%, como se mencion\u00f3. El incremento de este indicador demuestra que en el Ecuador, al perder el trabajo se generan diversas formas de empleo no regularizadas, pero que permiten generar ingresos para los hogares.<\/p>\n<p>Sin embargo, existen otras clasificaciones que son ajenas al empleo adecuado. En esta l\u00ednea se tiene el empleo no remunerado, que son las personas que trabajan pero no perciben remuneraci\u00f3n, como trabajadores del hogar o ayudantes no remunerados. En septiembre 2017 esta tasa se ubic\u00f3 en 10,1%, siendo el valor m\u00ednimo el 7,1% de diciembre de 2013 y 2014.<\/p>\n<p>La \u00faltima categor\u00eda del INEC se denomina Tasa de otro empleo no pleno. Esta categor\u00eda agrupa a las personas que perciben ingresos al salario m\u00ednimo y\/o trabajaron menos de la jornada legal, pero no desean trabajar m\u00e1s. Es as\u00ed como de acuerdo a esta clasificaci\u00f3n, en el mes de septiembre de 2017 el 24,7% de la poblaci\u00f3n no tiene un empleo adecuado, pero no busca tenerlo. Este indicador es de gran importancia ya que es un porcentaje importante de la PEA de personas que por uno u otro motivo, est\u00e1n satisfechos con su condici\u00f3n laboral, a pesar de no cumplir con las condiciones de un empleo formal.<\/p>\n<p><b>Empleo no adecuado<\/b><\/p>\n<p><img decoding=\"async\" src=\"https:\/\/lh6.googleusercontent.com\/yMb6SHXIr3fxCgrqVc0fHCLXGp00CgXZJWi9kL_N99OofMk_k0HLeJRVWt2JVVtJnrnI2S1F63l783y1iYHJFDGf4XT5PhBjbXq6i3GC8_Pvg3IP1Fh6j9TNarkfAQ8DvMJ_yydg\" \/><\/p>\n<p><b>Fuente:<\/b> INEC \u2013 Encuesta Nacional de Empleo, Desempleo y Subempleo<\/p>\n<p>La situaci\u00f3n del empleo en el Ecuador es un reflejo de la compleja coyuntura que atraviesa la econom\u00eda del pa\u00eds. No obstante, los cambios de metodolog\u00eda y conceptos han llevado a que se manejen distinta categor\u00edas, las mismas que permiten ver que en el pa\u00eds una reducci\u00f3n de la ocupaci\u00f3n adecuada se traduce principalmente en subempleo, ya que la suma de ambos en el per\u00edodo analizado var\u00eda entre el 56% (2011 y 2012) y 61% (2007, 2015, 2016 y 2017), con un promedio de 59% en el per\u00edodo. No deja de llamar la atenci\u00f3n que en el pa\u00eds cerca del 25%, a pesar de sus deficientes condiciones laborales, no busquen mejores oportunidades de trabajo. De todas maneras, es fundamental seguir trabajando en la implementaci\u00f3n de pol\u00edticas que fortalezcan la generaci\u00f3n de fuente de empleo adecuadas.<\/p>\n<p>Fuente: EKOS.<\/td>\n<\/tr>\n<\/tbody>\n<\/table>\n","protected":false},"excerpt":{"rendered":"<p>Los resultados del empleo se relacionan con la evoluci\u00f3n de [&hellip;]<\/p>\n","protected":false},"author":1,"featured_media":4493,"comment_status":"open","ping_status":"open","sticky":false,"template":"","format":"standard","meta":{"_siteseo_robots_primary_cat":"","_joinchat":[],"footnotes":""},"categories":[52],"tags":[24],"class_list":["post-4492","post","type-post","status-publish","format-standard","has-post-thumbnail","hentry","category-trabajo","tag-laboral"],"_links":{"self":[{"href":"https:\/\/cdes.org.ec\/webantigua\/wp-json\/wp\/v2\/posts\/4492","targetHints":{"allow":["GET"]}}],"collection":[{"href":"https:\/\/cdes.org.ec\/webantigua\/wp-json\/wp\/v2\/posts"}],"about":[{"href":"https:\/\/cdes.org.ec\/webantigua\/wp-json\/wp\/v2\/types\/post"}],"author":[{"embeddable":true,"href":"https:\/\/cdes.org.ec\/webantigua\/wp-json\/wp\/v2\/users\/1"}],"replies":[{"embeddable":true,"href":"https:\/\/cdes.org.ec\/webantigua\/wp-json\/wp\/v2\/comments?post=4492"}],"version-history":[{"count":1,"href":"https:\/\/cdes.org.ec\/webantigua\/wp-json\/wp\/v2\/posts\/4492\/revisions"}],"predecessor-version":[{"id":7138,"href":"https:\/\/cdes.org.ec\/webantigua\/wp-json\/wp\/v2\/posts\/4492\/revisions\/7138"}],"wp:featuredmedia":[{"embeddable":true,"href":"https:\/\/cdes.org.ec\/webantigua\/wp-json\/wp\/v2\/media\/4493"}],"wp:attachment":[{"href":"https:\/\/cdes.org.ec\/webantigua\/wp-json\/wp\/v2\/media?parent=4492"}],"wp:term":[{"taxonomy":"category","embeddable":true,"href":"https:\/\/cdes.org.ec\/webantigua\/wp-json\/wp\/v2\/categories?post=4492"},{"taxonomy":"post_tag","embeddable":true,"href":"https:\/\/cdes.org.ec\/webantigua\/wp-json\/wp\/v2\/tags?post=4492"}],"curies":[{"name":"wp","href":"https:\/\/api.w.org\/{rel}","templated":true}]}}