{"id":4496,"date":"2017-10-31T08:09:19","date_gmt":"2017-10-31T08:09:19","guid":{"rendered":"https:\/\/cdes.org.ec\/webantigua\/?p=4496"},"modified":"2021-06-09T15:31:25","modified_gmt":"2021-06-09T15:31:25","slug":"avances-y-retrocesos-de-la-integracion-regional-nuevos-repertorios-en-disputa-para-los-pueblos-suramericanos","status":"publish","type":"post","link":"https:\/\/cdes.org.ec\/webantigua\/avances-y-retrocesos-de-la-integracion-regional-nuevos-repertorios-en-disputa-para-los-pueblos-suramericanos\/","title":{"rendered":"Avances y retrocesos de la integraci\u00f3n regional: nuevos repertorios en disputa para los pueblos suramericanos"},"content":{"rendered":"<p><img decoding=\"async\" class=\"aligncenter\" src=\"http:\/\/www.cedla.org\/sites\/default\/files\/imagepicker\/1\/logo.jpg\" alt=\"Resultado de imagen para COALICI\u00d3N REGIONAL\" width=\"267\" height=\"85\" \/><\/p>\n<p style=\"text-align: center;\"><a href=\"https:\/\/cdes.org.ec\/webantigua\/wp-content\/uploads\/2017\/10\/Imagen-1.png\">\u00a0 \u00a0 \u00a0 \u00a0 \u00a0 \u00a0<img decoding=\"async\" class=\"alignnone wp-image-4502\" src=\"https:\/\/cdes.org.ec\/webantigua\/wp-content\/uploads\/2017\/10\/Imagen-1.png\" alt=\"\" width=\"325\" height=\"470\" srcset=\"https:\/\/cdes.org.ec\/webantigua\/wp-content\/uploads\/2017\/10\/Imagen-1-200x289.png 200w, https:\/\/cdes.org.ec\/webantigua\/wp-content\/uploads\/2017\/10\/Imagen-1-208x300.png 208w, https:\/\/cdes.org.ec\/webantigua\/wp-content\/uploads\/2017\/10\/Imagen-1.png 353w\" sizes=\"(max-width: 325px) 100vw, 325px\" \/><\/a><\/p>\n<p style=\"text-align: justify;\"><span style=\"font-size: 12pt;\"><a href=\"http:\/\/www.iirsa.org\">La iniciativa de Integraci\u00f3n de Infraestructura Regional Suramericana -IIRSA,<\/a>\u00a0es un proyecto que busca construir grandes proyectos de infraestructura y energ\u00eda que faciliten el acceso a territorios antes inexplorados por las empresas y a sus recursos naturales.\u00a0Este proyecto surge en el marco de las negociaciones del Tratado de Libre Comercio de las Am\u00e9ricas (ALCA) en el a\u00f1o 2000, y por su importancia geoestrat\u00e9gica, en el 2008, es adoptado por la Uni\u00f3n de Naciones Suramericanas (UNASUR), lo que supuso un cambio de las proyecciones geopol\u00edticas y objetivos de la iniciativa.<\/span><\/p>\n<p style=\"text-align: justify;\"><span style=\"font-size: 12pt;\">Desde su nacimiento, La IIRSA ha enfrentado diversas cr\u00edticas de organizaciones, movimientos sociales e intelectuales que cuestionan los efectos de su implementaci\u00f3n silenciosa; fundamentalmente, porque compromete espacios territoriales de poblaciones originarias que est\u00e1n sometidas a un cambio acelerado y forzoso de sus entornos naturales y sociales. \u00a0Otro de los efectos que genera la inicaitiva, es la expasi\u00f3n del perimetro urbano en sitios de importancia ecol\u00f3gica, la consolidaci\u00f3n de enclaves extractivos y la insitucionalizaci\u00f3n de mecanismos de administraci\u00f3n territorial que facilitan la acumulaci\u00f3n flexible de capital de actores empresariales.<\/span><\/p>\n<p style=\"text-align: justify;\"><span style=\"font-size: 12pt;\">Con estos elementos, el presente trabajo realiza un an\u00e1lisis de las proyecciones \u00a0geopol\u00edticas que han conducido los procesos de integraci\u00f3n f\u00edsica en estos \u00faltimos 20 a\u00f1os, y centra su atenci\u00f3n en las transiciones que dieron forma a la IIRSA, tanto desde su matriz neoliberal a otra progresista, cuya promesa desarrollista sembr\u00f3 la esperanza de que a partir de su implementaci\u00f3n se lograr\u00eda combatir la pobreza y las desigualdades. Sin embargo, sus resultados advierten que otro ser\u00e1 destino de los pueblos suramericanos.<\/span><\/p>\n<p style=\"text-align: center;\"><span style=\"font-size: 12pt;\">Descargar:\u00a0<a href=\"https:\/\/cdes.org.ec\/webantigua\/wp-content\/uploads\/2017\/10\/Reporte-de-Integracion.pdf\">Reporte de Integraci\u00f3n<\/a><\/span><\/p>\n","protected":false},"excerpt":{"rendered":"<p>\u00a0 \u00a0 \u00a0 \u00a0 \u00a0 \u00a0 La iniciativa de Integraci\u00f3n [&hellip;]<\/p>\n","protected":false},"author":1,"featured_media":4501,"comment_status":"open","ping_status":"open","sticky":false,"template":"","format":"standard","meta":{"_siteseo_robots_primary_cat":"","_joinchat":[],"footnotes":""},"categories":[5,12],"tags":[28,11],"class_list":["post-4496","post","type-post","status-publish","format-standard","has-post-thumbnail","hentry","category-informes","category-justiciaambiental","tag-cosiplan","tag-extractivismo"],"_links":{"self":[{"href":"https:\/\/cdes.org.ec\/webantigua\/wp-json\/wp\/v2\/posts\/4496","targetHints":{"allow":["GET"]}}],"collection":[{"href":"https:\/\/cdes.org.ec\/webantigua\/wp-json\/wp\/v2\/posts"}],"about":[{"href":"https:\/\/cdes.org.ec\/webantigua\/wp-json\/wp\/v2\/types\/post"}],"author":[{"embeddable":true,"href":"https:\/\/cdes.org.ec\/webantigua\/wp-json\/wp\/v2\/users\/1"}],"replies":[{"embeddable":true,"href":"https:\/\/cdes.org.ec\/webantigua\/wp-json\/wp\/v2\/comments?post=4496"}],"version-history":[{"count":1,"href":"https:\/\/cdes.org.ec\/webantigua\/wp-json\/wp\/v2\/posts\/4496\/revisions"}],"predecessor-version":[{"id":7276,"href":"https:\/\/cdes.org.ec\/webantigua\/wp-json\/wp\/v2\/posts\/4496\/revisions\/7276"}],"wp:featuredmedia":[{"embeddable":true,"href":"https:\/\/cdes.org.ec\/webantigua\/wp-json\/wp\/v2\/media\/4501"}],"wp:attachment":[{"href":"https:\/\/cdes.org.ec\/webantigua\/wp-json\/wp\/v2\/media?parent=4496"}],"wp:term":[{"taxonomy":"category","embeddable":true,"href":"https:\/\/cdes.org.ec\/webantigua\/wp-json\/wp\/v2\/categories?post=4496"},{"taxonomy":"post_tag","embeddable":true,"href":"https:\/\/cdes.org.ec\/webantigua\/wp-json\/wp\/v2\/tags?post=4496"}],"curies":[{"name":"wp","href":"https:\/\/api.w.org\/{rel}","templated":true}]}}