{"id":4557,"date":"2017-11-17T06:19:10","date_gmt":"2017-11-17T06:19:10","guid":{"rendered":"https:\/\/cdes.org.ec\/webantigua\/?p=4557"},"modified":"2021-04-25T09:40:39","modified_gmt":"2021-04-25T09:40:39","slug":"aportes-desde-la-sociedad-civil-para-el-fortalecimiento-de-los-procesos-de-integracion-en-infraestructuras-y-energia","status":"publish","type":"post","link":"https:\/\/cdes.org.ec\/webantigua\/aportes-desde-la-sociedad-civil-para-el-fortalecimiento-de-los-procesos-de-integracion-en-infraestructuras-y-energia\/","title":{"rendered":"APORTES DESDE LA SOCIEDAD CIVIL PARA EL FORTALECIMIENTO DE LOS PROCESOS DE INTEGRACI\u00d3N EN INFRAESTRUCTURAS Y ENERG\u00cdA"},"content":{"rendered":"<p>&nbsp;<\/p>\n<p><img decoding=\"async\" class=\"aligncenter\" src=\"http:\/\/www.cedla.org\/sites\/default\/files\/imagepicker\/1\/logo.jpg\" alt=\"Resultado de imagen para COALICI\u00d3N REGIONAL\" width=\"298\" height=\"95\" \/><\/p>\n<p><a href=\"https:\/\/cdes.org.ec\/webantigua\/wp-content\/uploads\/2017\/11\/Imagen-1-6.png\"><img decoding=\"async\" class=\"size-full wp-image-4558 aligncenter\" src=\"https:\/\/cdes.org.ec\/webantigua\/wp-content\/uploads\/2017\/11\/Imagen-1-6.png\" alt=\"\" width=\"350\" height=\"488\" srcset=\"https:\/\/cdes.org.ec\/webantigua\/wp-content\/uploads\/2017\/11\/Imagen-1-6-200x279.png 200w, https:\/\/cdes.org.ec\/webantigua\/wp-content\/uploads\/2017\/11\/Imagen-1-6-215x300.png 215w, https:\/\/cdes.org.ec\/webantigua\/wp-content\/uploads\/2017\/11\/Imagen-1-6.png 350w\" sizes=\"(max-width: 350px) 100vw, 350px\" \/><\/a><\/p>\n<p style=\"text-align: center;\"><span style=\"font-size: 12pt;\"><strong>Descargar aqui:<\/strong>\u00a0<a href=\"https:\/\/cdes.org.ec\/webantigua\/wp-content\/uploads\/2017\/11\/ForoParticipacionCiudadana-2.pdf\">ForoParticipacionCiudadana<\/a><\/span><\/p>\n<p style=\"text-align: justify;\"><span style=\"font-size: 12pt;\">La Uni\u00f3n de Naciones Suramericanas- UNASUR cre\u00f3 en 2012 el Foro de Participaci\u00f3n Ciudadana (FPC), instancia que busca promover la participaci\u00f3n plena de la ciudadan\u00eda en los procesos de integraci\u00f3n regional a trav\u00e9s de la generaci\u00f3n de di\u00e1logos democr\u00e1ticos, transparentes, pluralistas e independientes.<\/span><\/p>\n<p style=\"text-align: justify;\"><span style=\"font-size: 12pt;\">Desde su creaci\u00f3n, se han celebrado dos encuentros suramericanos con la sociedad civil: el primero, en la ciudad de Cochabamba-Bolivia en 2014 y el segundo, en la ciudad de Quito-Ecuador en 2016. Actualmente, la Presidencia Pro-tempore de Argentina y la Secretar\u00eda General de UNASUR, han convocado a las delegaciones nacionales del FPC al tercer encuentro suramericano, el cual tendr\u00e1 lugar el pr\u00f3ximo 30 de noviembre y 1 de diciembre de 2017, en la ciudad de Quito-Ecuador.<\/span><\/p>\n<p style=\"text-align: justify;\"><span style=\"font-size: 12pt;\">Para contribuir a este importante evento, la <a href=\"http:\/\/coalicionregional.net\">Coalici\u00f3n Regional<\/a> ha consolidado un conjunto de aportes y recomendaciones desde la sociedad civil, que est\u00e1n centrados en superar los nudos cr\u00edticos de la participaci\u00f3n en UNASUR y generar propuestas para afrontar los desaf\u00edos socioambientales que involucran los procesos de integraci\u00f3n de infraestructuras y energ\u00eda en la regi\u00f3n.<\/span><\/p>\n<p style=\"text-align: center;\"><span style=\"font-size: 12pt;\"><strong>Descargar aqui:<\/strong>\u00a0<a href=\"https:\/\/cdes.org.ec\/webantigua\/wp-content\/uploads\/2017\/11\/ForoParticipacionCiudadana-2.pdf\">ForoParticipacionCiudadana<\/a><\/span><\/p>\n<p>&nbsp;    \t<\/p>\n","protected":false},"excerpt":{"rendered":"<p>&nbsp; Descargar aqui:\u00a0ForoParticipacionCiudadana La Uni\u00f3n de Naciones Suramericanas- UNASUR cre\u00f3 [&hellip;]<\/p>\n","protected":false},"author":1,"featured_media":4562,"comment_status":"open","ping_status":"open","sticky":false,"template":"","format":"standard","meta":{"_siteseo_robots_primary_cat":"","_joinchat":[],"footnotes":""},"categories":[20],"tags":[28],"class_list":["post-4557","post","type-post","status-publish","format-standard","has-post-thumbnail","hentry","category-tratadosdeinversion","tag-cosiplan"],"_links":{"self":[{"href":"https:\/\/cdes.org.ec\/webantigua\/wp-json\/wp\/v2\/posts\/4557","targetHints":{"allow":["GET"]}}],"collection":[{"href":"https:\/\/cdes.org.ec\/webantigua\/wp-json\/wp\/v2\/posts"}],"about":[{"href":"https:\/\/cdes.org.ec\/webantigua\/wp-json\/wp\/v2\/types\/post"}],"author":[{"embeddable":true,"href":"https:\/\/cdes.org.ec\/webantigua\/wp-json\/wp\/v2\/users\/1"}],"replies":[{"embeddable":true,"href":"https:\/\/cdes.org.ec\/webantigua\/wp-json\/wp\/v2\/comments?post=4557"}],"version-history":[{"count":1,"href":"https:\/\/cdes.org.ec\/webantigua\/wp-json\/wp\/v2\/posts\/4557\/revisions"}],"predecessor-version":[{"id":7274,"href":"https:\/\/cdes.org.ec\/webantigua\/wp-json\/wp\/v2\/posts\/4557\/revisions\/7274"}],"wp:featuredmedia":[{"embeddable":true,"href":"https:\/\/cdes.org.ec\/webantigua\/wp-json\/wp\/v2\/media\/4562"}],"wp:attachment":[{"href":"https:\/\/cdes.org.ec\/webantigua\/wp-json\/wp\/v2\/media?parent=4557"}],"wp:term":[{"taxonomy":"category","embeddable":true,"href":"https:\/\/cdes.org.ec\/webantigua\/wp-json\/wp\/v2\/categories?post=4557"},{"taxonomy":"post_tag","embeddable":true,"href":"https:\/\/cdes.org.ec\/webantigua\/wp-json\/wp\/v2\/tags?post=4557"}],"curies":[{"name":"wp","href":"https:\/\/api.w.org\/{rel}","templated":true}]}}