{"id":4570,"date":"2017-11-20T14:32:11","date_gmt":"2017-11-20T14:32:11","guid":{"rendered":"https:\/\/cdes.org.ec\/webantigua\/?p=4570"},"modified":"2021-04-25T09:40:24","modified_gmt":"2021-04-25T09:40:24","slug":"foro-nacional-de-participacion-ciudadana-de-unasur-capitulo-ecuador","status":"publish","type":"post","link":"https:\/\/cdes.org.ec\/webantigua\/foro-nacional-de-participacion-ciudadana-de-unasur-capitulo-ecuador\/","title":{"rendered":"Foro Nacional de Participaci\u00f3n Ciudadana de UNASUR &#8211; Cap\u00edtulo Ecuador"},"content":{"rendered":"<p style=\"text-align: justify;\"><a href=\"https:\/\/cdes.org.ec\/webantigua\/wp-content\/uploads\/2017\/11\/WhatsApp-Image-2017-11-20-at-1.15.35-PM.jpeg\"><img decoding=\"async\" class=\"size-full wp-image-4571 aligncenter\" src=\"https:\/\/cdes.org.ec\/webantigua\/wp-content\/uploads\/2017\/11\/WhatsApp-Image-2017-11-20-at-1.15.35-PM.jpeg\" alt=\"\" width=\"1280\" height=\"1171\" srcset=\"https:\/\/cdes.org.ec\/webantigua\/wp-content\/uploads\/2017\/11\/WhatsApp-Image-2017-11-20-at-1.15.35-PM-200x183.jpeg 200w, https:\/\/cdes.org.ec\/webantigua\/wp-content\/uploads\/2017\/11\/WhatsApp-Image-2017-11-20-at-1.15.35-PM-300x274.jpeg 300w, https:\/\/cdes.org.ec\/webantigua\/wp-content\/uploads\/2017\/11\/WhatsApp-Image-2017-11-20-at-1.15.35-PM-400x366.jpeg 400w, https:\/\/cdes.org.ec\/webantigua\/wp-content\/uploads\/2017\/11\/WhatsApp-Image-2017-11-20-at-1.15.35-PM-600x549.jpeg 600w, https:\/\/cdes.org.ec\/webantigua\/wp-content\/uploads\/2017\/11\/WhatsApp-Image-2017-11-20-at-1.15.35-PM-768x703.jpeg 768w, https:\/\/cdes.org.ec\/webantigua\/wp-content\/uploads\/2017\/11\/WhatsApp-Image-2017-11-20-at-1.15.35-PM-800x732.jpeg 800w, https:\/\/cdes.org.ec\/webantigua\/wp-content\/uploads\/2017\/11\/WhatsApp-Image-2017-11-20-at-1.15.35-PM-1024x937.jpeg 1024w, https:\/\/cdes.org.ec\/webantigua\/wp-content\/uploads\/2017\/11\/WhatsApp-Image-2017-11-20-at-1.15.35-PM-1200x1098.jpeg 1200w, https:\/\/cdes.org.ec\/webantigua\/wp-content\/uploads\/2017\/11\/WhatsApp-Image-2017-11-20-at-1.15.35-PM.jpeg 1280w\" sizes=\"(max-width: 1280px) 100vw, 1280px\" \/><\/a><\/p>\n<p style=\"text-align: justify;\"><span style=\"font-size: 14pt;\">La Presidencia Pro-tempore de Argentina y la Secretar\u00eda General de UNASUR, han convocado a las organizaciones de la sociedad civil al tercer encuentro suramericano del Foro de Participaci\u00f3n Ciudadana. Est\u00e9 tendr\u00e1 lugar el pr\u00f3ximo 30 de noviembre y 1 de diciembre de 2017, en la ciudad de Quito-Ecuador.<\/span><\/p>\n<p style=\"text-align: justify;\"><span style=\"font-size: 14pt;\">Previo a \u00e9ste encuentro, se realizar\u00e1 el\u00a0Foro Nacional de Participaci\u00f3n Ciudadana de UNASUR &#8211; Cap\u00edtulo Ecuador. Donde se abordar\u00e1n temas de vital importancia para la integraci\u00f3n suramericana, entre ellos est\u00e1n: desarrollo social, derechos humanos y econom\u00eda, pol\u00edtica, recursos naturales, desarrollo sostenible y medio ambiente.<\/span><\/p>\n<p style=\"text-align: justify;\"><span style=\"font-size: 14pt;\">El Foro nacional, se llevar\u00e1 acabo los d\u00edas 23, 24 y 25 de noviembre en diferentes ciudades del pa\u00eds \u00a1<\/span><span style=\"font-size: 14pt;\">No dudes en participar!<\/span><\/p>\n<p style=\"text-align: center;\"><em><span style=\"font-size: 14pt;\">Inscr\u00edbete <a href=\"https:\/\/docs.google.com\/forms\/d\/e\/1FAIpQLSdp7JDFen5BDq0_F2EmliYt-HHYWqSk6-rWrXSlJDoHnnkyQA\/viewform\">Aqu\u00ed<\/a><\/span><\/em><\/p>\n<div class=\"freebirdFormviewerViewHeaderDescription\" dir=\"auto\">\n<p style=\"text-align: center;\"><span style=\"font-size: 14pt;\">Para mas informaci\u00f3n:\u00a0<a href=\"mailto:jovenesunasurec@gmail.com\">jovenesunasurec@gmail.com<\/a>\u00a0<\/span><\/p>\n<p style=\"text-align: center;\"><span style=\"font-size: 14pt;\">Tel\u00e9fono: 0995 052 491<\/span><\/p>\n<\/div>\n<p>&nbsp;    \t<\/p>\n","protected":false},"excerpt":{"rendered":"<p>La Presidencia Pro-tempore de Argentina y la Secretar\u00eda General de [&hellip;]<\/p>\n","protected":false},"author":1,"featured_media":4572,"comment_status":"open","ping_status":"open","sticky":false,"template":"","format":"standard","meta":{"_siteseo_robots_primary_cat":"","_joinchat":[],"footnotes":""},"categories":[20],"tags":[28],"class_list":["post-4570","post","type-post","status-publish","format-standard","has-post-thumbnail","hentry","category-tratadosdeinversion","tag-cosiplan"],"_links":{"self":[{"href":"https:\/\/cdes.org.ec\/webantigua\/wp-json\/wp\/v2\/posts\/4570","targetHints":{"allow":["GET"]}}],"collection":[{"href":"https:\/\/cdes.org.ec\/webantigua\/wp-json\/wp\/v2\/posts"}],"about":[{"href":"https:\/\/cdes.org.ec\/webantigua\/wp-json\/wp\/v2\/types\/post"}],"author":[{"embeddable":true,"href":"https:\/\/cdes.org.ec\/webantigua\/wp-json\/wp\/v2\/users\/1"}],"replies":[{"embeddable":true,"href":"https:\/\/cdes.org.ec\/webantigua\/wp-json\/wp\/v2\/comments?post=4570"}],"version-history":[{"count":1,"href":"https:\/\/cdes.org.ec\/webantigua\/wp-json\/wp\/v2\/posts\/4570\/revisions"}],"predecessor-version":[{"id":7273,"href":"https:\/\/cdes.org.ec\/webantigua\/wp-json\/wp\/v2\/posts\/4570\/revisions\/7273"}],"wp:featuredmedia":[{"embeddable":true,"href":"https:\/\/cdes.org.ec\/webantigua\/wp-json\/wp\/v2\/media\/4572"}],"wp:attachment":[{"href":"https:\/\/cdes.org.ec\/webantigua\/wp-json\/wp\/v2\/media?parent=4570"}],"wp:term":[{"taxonomy":"category","embeddable":true,"href":"https:\/\/cdes.org.ec\/webantigua\/wp-json\/wp\/v2\/categories?post=4570"},{"taxonomy":"post_tag","embeddable":true,"href":"https:\/\/cdes.org.ec\/webantigua\/wp-json\/wp\/v2\/tags?post=4570"}],"curies":[{"name":"wp","href":"https:\/\/api.w.org\/{rel}","templated":true}]}}