{"id":4630,"date":"2017-12-18T09:40:29","date_gmt":"2017-12-18T09:40:29","guid":{"rendered":"https:\/\/cdes.org.ec\/webantigua\/?p=4630"},"modified":"2021-03-30T14:32:20","modified_gmt":"2021-03-30T14:32:20","slug":"homenaje-a-alberto-acosta","status":"publish","type":"post","link":"https:\/\/cdes.org.ec\/webantigua\/homenaje-a-alberto-acosta\/","title":{"rendered":"Homenaje a Alberto Acosta"},"content":{"rendered":"<p><a href=\"https:\/\/cdes.org.ec\/webantigua\/wp-content\/uploads\/2017\/12\/Alberto-Invitacion-1.jpg\"><img decoding=\"async\" class=\"alignnone size-full wp-image-4632\" src=\"https:\/\/cdes.org.ec\/webantigua\/wp-content\/uploads\/2017\/12\/Alberto-Invitacion-1.jpg\" alt=\"\" width=\"1200\" height=\"846\" srcset=\"https:\/\/cdes.org.ec\/webantigua\/wp-content\/uploads\/2017\/12\/Alberto-Invitacion-1-200x141.jpg 200w, https:\/\/cdes.org.ec\/webantigua\/wp-content\/uploads\/2017\/12\/Alberto-Invitacion-1-300x212.jpg 300w, https:\/\/cdes.org.ec\/webantigua\/wp-content\/uploads\/2017\/12\/Alberto-Invitacion-1-400x282.jpg 400w, https:\/\/cdes.org.ec\/webantigua\/wp-content\/uploads\/2017\/12\/Alberto-Invitacion-1-600x423.jpg 600w, https:\/\/cdes.org.ec\/webantigua\/wp-content\/uploads\/2017\/12\/Alberto-Invitacion-1-768x541.jpg 768w, https:\/\/cdes.org.ec\/webantigua\/wp-content\/uploads\/2017\/12\/Alberto-Invitacion-1-800x564.jpg 800w, https:\/\/cdes.org.ec\/webantigua\/wp-content\/uploads\/2017\/12\/Alberto-Invitacion-1-1024x722.jpg 1024w, https:\/\/cdes.org.ec\/webantigua\/wp-content\/uploads\/2017\/12\/Alberto-Invitacion-1.jpg 1200w\" sizes=\"(max-width: 1200px) 100vw, 1200px\" \/><\/a><\/p>\n<p>Alberto Acosta, exministro, presidente de la Constituyente y destacado te\u00f3rico social y pol\u00edtico, recibi\u00f3 en Alemania el premio internacional Hans Carl von Carlowitz, en reconocimiento a sus m\u00e9ritos intelectuales y a su posici\u00f3n a favor de los derechos de la naturaleza, de las clases sociales desfavorecidas y de los pueblos ind\u00edgenas.<\/p>\n<p>Transcurr\u00edan los a\u00f1os 80 cuando el galardonado, luego de terminar la Universidad de Colonia, realiz\u00f3 vastas giras por nuestro pa\u00eds, visitando centros acad\u00e9micos, centrales obreras, municipios, donde debati\u00f3 importantes aspectos de la realidad. A veces ante menguados auditorios, otras con p\u00fablico numeroso, expon\u00eda sobre la urgencia de dar un giro a la situaci\u00f3n social, econ\u00f3mica y pol\u00edtica del Ecuador, la injusticia hist\u00f3rica de la deuda externa y su reclamo por la escasa participaci\u00f3n popular en las decisiones del Estado.<\/p>\n<p>Poco despu\u00e9s, desde el ILDIS (Instituto Latinoamericano de Investigaciones Sociales) por medio de publicaciones y encuentros se propuso apoyar a los grupos sociales m\u00e1s vulnerados por el capital, defender las reivindicaciones de las comunidades ind\u00edgenas y afro descendientes, afectadas por las pol\u00edticas de los gobiernos de turno.<\/p>\n<p>Otro de sus temas, crucial y constante, se refiere a la destrucci\u00f3n acelerada de la naturaleza. Su experiencia, acumulada a trav\u00e9s de a\u00f1os dedicados al estudio, la investigaci\u00f3n y las batallas sociales, inspir\u00f3 importante cambios e innovaciones en la Constituci\u00f3n de 2008, orientados a transformar el car\u00e1cter del Estado, a democratizar instituciones y leyes para volverlas m\u00e1s flexibles y cercanas al mundo real. Las normas y regulaciones deber\u00edan encarnar los anhelos y necesidades populares, la verdadera vigencia de los derechos humanos y los del medio ambiente.<\/p>\n<p>Es innegable que hay un avance ideol\u00f3gico en la teor\u00eda pol\u00edtica del Ecuador. Reconocerlo no se debe solo a las influencias del exterior, sino a dos conceptos quechua-aymaras que han ido acrecentando su significado. Ahora, en el debate pol\u00edtico resultan competentes la Pacha Mama (Madre Naturaleza) y el Suma Kausay (Vivir Bien). Estas nociones, rescatadas de una sabidur\u00eda ancestral menospreciada por siglos, retornan para ofrecer \u201cideas amplias que incluyen la relaci\u00f3n con los dem\u00e1s y con la tierra y la toma de decisi\u00f3n democr\u00e1tica y la reciprocidad comunitaria\u201d, como sostiene Sim\u00f3n Yampara, l\u00edder aymara. Acosta ha descubierto algo que permanec\u00eda oculto y que esperaba ser entendido y proyectado. Ahora recorre Europa, y en temas como la sustentabilidad, el extractivismo, la plurinacionalidad, el laberinto capitalista, el poscapitalismo, la decolonizaci\u00f3n, invoca conceptos ind\u00edgenas para acentuar su propia visi\u00f3n. El premio que se le va a entregar es muy distinto a los \u201chonoris causa\u201d que se consiguen por gestiones diplom\u00e1ticas.<br \/>\n<small>Fuente: El Comercio.<\/small>    \t<\/p>\n","protected":false},"excerpt":{"rendered":"<p>Alberto Acosta, exministro, presidente de la Constituyente y destacado te\u00f3rico [&hellip;]<\/p>\n","protected":false},"author":1,"featured_media":4631,"comment_status":"open","ping_status":"open","sticky":false,"template":"","format":"standard","meta":{"_siteseo_robots_primary_cat":"","_joinchat":[],"footnotes":""},"categories":[38],"tags":[],"class_list":["post-4630","post","type-post","status-publish","format-standard","has-post-thumbnail","hentry","category-pueblos-indigenas"],"_links":{"self":[{"href":"https:\/\/cdes.org.ec\/webantigua\/wp-json\/wp\/v2\/posts\/4630","targetHints":{"allow":["GET"]}}],"collection":[{"href":"https:\/\/cdes.org.ec\/webantigua\/wp-json\/wp\/v2\/posts"}],"about":[{"href":"https:\/\/cdes.org.ec\/webantigua\/wp-json\/wp\/v2\/types\/post"}],"author":[{"embeddable":true,"href":"https:\/\/cdes.org.ec\/webantigua\/wp-json\/wp\/v2\/users\/1"}],"replies":[{"embeddable":true,"href":"https:\/\/cdes.org.ec\/webantigua\/wp-json\/wp\/v2\/comments?post=4630"}],"version-history":[{"count":1,"href":"https:\/\/cdes.org.ec\/webantigua\/wp-json\/wp\/v2\/posts\/4630\/revisions"}],"predecessor-version":[{"id":7012,"href":"https:\/\/cdes.org.ec\/webantigua\/wp-json\/wp\/v2\/posts\/4630\/revisions\/7012"}],"wp:featuredmedia":[{"embeddable":true,"href":"https:\/\/cdes.org.ec\/webantigua\/wp-json\/wp\/v2\/media\/4631"}],"wp:attachment":[{"href":"https:\/\/cdes.org.ec\/webantigua\/wp-json\/wp\/v2\/media?parent=4630"}],"wp:term":[{"taxonomy":"category","embeddable":true,"href":"https:\/\/cdes.org.ec\/webantigua\/wp-json\/wp\/v2\/categories?post=4630"},{"taxonomy":"post_tag","embeddable":true,"href":"https:\/\/cdes.org.ec\/webantigua\/wp-json\/wp\/v2\/tags?post=4630"}],"curies":[{"name":"wp","href":"https:\/\/api.w.org\/{rel}","templated":true}]}}